{"id":14214,"date":"2012-10-12T00:30:12","date_gmt":"2012-10-12T03:30:12","guid":{"rendered":"http:\/\/blog.cancaonova.com\/redacao\/?p=14214"},"modified":"2012-10-11T18:18:39","modified_gmt":"2012-10-11T21:18:39","slug":"feliz-dia-das-criancas-que-sejamos-doceis-assim-como-eles","status":"publish","type":"post","link":"https:\/\/blog.cancaonova.com\/redacao\/feliz-dia-das-criancas-que-sejamos-doceis-assim-como-eles\/","title":{"rendered":"Feliz dia das Crian\u00e7as! Que sejamos d\u00f3ceis assim como eles"},"content":{"rendered":"<p><a rel=\"attachment wp-att-14215\" href=\"http:\/\/blog.cancaonova.com\/redacao\/feliz-dia-das-criancas-que-sejamos-doceis-assim-como-eles\/370x250-7\/\"><img loading=\"lazy\" decoding=\"async\" class=\"alignleft size-full wp-image-14215\" title=\"Dia das Crian\u00e7as\" src=\"http:\/\/blog.cancaonova.com\/redacao\/files\/2012\/10\/370x2501.jpg\" alt=\"Dia das Crian\u00e7as\" width=\"370\" height=\"250\" srcset=\"https:\/\/blog.cancaonova.com\/redacao\/files\/2012\/10\/370x2501.jpg 370w, https:\/\/blog.cancaonova.com\/redacao\/files\/2012\/10\/370x2501-300x202.jpg 300w\" sizes=\"(max-width: 370px) 100vw, 370px\" \/><\/a>Hoje, dia 12 de outubro, celebramos Nossa Senhora Aparecida, a padroeira do Brasil. Mas tamb\u00e9m, de forma muito especial, comemoramos o Dia das Crian\u00e7as.<\/p>\n<p>Crian\u00e7as essas que no ano 2000 visitaram o ent\u00e3o papa Jo\u00e3o Paulo II no Vaticano e ocuparam a pra\u00e7a de S\u00e3o Pedro. Segundo o Santo Padre, \u201cs\u00e3o muitos pequeninos. E daqui n\u00e3o se v\u00ea at\u00e9 aonde chegais: provavelmente at\u00e9 ao Tibre!\u201d. (Angelus, Jubileu das Crian\u00e7as, em 2 de janeiro de 2000).<\/p>\n<p>O Dia das Crian\u00e7as foi institu\u00eddo pelo c\u00e2mara dos deputados no ano de 1920, mas s\u00f3 a ser comemorado de fato a partir da d\u00e9cada de 60, quando, por meio de uma estrat\u00e9gia de marketing, algumas f\u00e1bricas de brinquedos se reuniram para fazer dessa data algo comercial.<\/p>\n<p>Segundo o pr\u00f3prio Evangelho, as crian\u00e7as s\u00e3o modelo daqueles que sabem acolher a Boa Nova do Reino de Deus em suas vidas (cf. Mc 10, 14-15).<\/p>\n<p>Prova disso \u00e9 fato que acontece na vida de Jesus quando ele ainda tinha apenas 12 anos e, durante a peregrina\u00e7\u00e3o a Jerusal\u00e9m, permanece no tempo ap\u00f3s a partida de seus pais. Depois de tr\u00eas dias, ele \u00e9 encontro por Maria e Jos\u00e9 enquanto falava com os doutores da lei, e eles ficam espantados pela sua intelig\u00eancia e sabedoria. (cf, Lc 2, 47-48).<\/p>\n<p>A Palavra de Deus \u00e9 viva e atual, por isso, n\u00e3o podemos ter esses sinais como algo apenas do tempo de Jesus, mas sim como uma verdade. E quando Jesus diz: \u201cdeixai as crian\u00e7as virem a mim. N\u00e3o as impe\u00e7ais, porque a pessoas assim \u00e9 que pertence o Reino de Deus\u201d (Mc 10, 14), Ele nos mostra o caminho a trilhar para que sejamos dignos de alcan\u00e7ar a vida eterna.<\/p>\n<p>Por isso, o Dia das Crian\u00e7as, mais do que uma data comercial, ou um decreto institu\u00eddo pelo Estado, deve ser um momento de reflex\u00e3o para que sejamos capazes de enxergar se, de fato, estamos vivendo, assim como o Senhor nos pediu.<\/p>\n<p>Ser\u00e1 que mantemos a pureza e a ingenuidade pr\u00f3pria das crian\u00e7as em nossos pensamentos e palavras? Fa\u00e7amos essa experi\u00eancia no dia de hoje e, olhando para nossas crian\u00e7as, voltemos nossos olhos para Deus, buscando sempre as coisas do alto.<\/p>\n<p>Para nossas crian\u00e7as, que sempre foram amadas e tidas um feliz dia das crian\u00e7as. E que pela intercess\u00e3o de Nossa Senhora Aparecida, os pequeninos sejam capazes de passar pela porta estreita que nos conduzem ao c\u00e9u.<\/p>\n","protected":false},"excerpt":{"rendered":"<p>Hoje, dia 12 de outubro, celebramos Nossa Senhora Aparecida, a padroeira do Brasil. Mas tamb\u00e9m, de forma muito especial, comemoramos o Dia das Crian\u00e7as. Crian\u00e7as essas que no ano 2000 visitaram o ent\u00e3o papa Jo\u00e3o Paulo II no Vaticano e&#8230;<\/p>\n","protected":false},"author":4543,"featured_media":14215,"comment_status":"open","ping_status":"open","sticky":false,"template":"","format":"standard","meta":{"_mi_skip_tracking":false,"_monsterinsights_sitenote_active":false,"_monsterinsights_sitenote_note":"","_monsterinsights_sitenote_category":0,"footnotes":""},"categories":[9671],"tags":[15792,24327,8591,68,141179],"_links":{"self":[{"href":"https:\/\/blog.cancaonova.com\/redacao\/wp-json\/wp\/v2\/posts\/14214"}],"collection":[{"href":"https:\/\/blog.cancaonova.com\/redacao\/wp-json\/wp\/v2\/posts"}],"about":[{"href":"https:\/\/blog.cancaonova.com\/redacao\/wp-json\/wp\/v2\/types\/post"}],"author":[{"embeddable":true,"href":"https:\/\/blog.cancaonova.com\/redacao\/wp-json\/wp\/v2\/users\/4543"}],"replies":[{"embeddable":true,"href":"https:\/\/blog.cancaonova.com\/redacao\/wp-json\/wp\/v2\/comments?post=14214"}],"version-history":[{"count":3,"href":"https:\/\/blog.cancaonova.com\/redacao\/wp-json\/wp\/v2\/posts\/14214\/revisions"}],"predecessor-version":[{"id":14218,"href":"https:\/\/blog.cancaonova.com\/redacao\/wp-json\/wp\/v2\/posts\/14214\/revisions\/14218"}],"wp:featuredmedia":[{"embeddable":true,"href":"https:\/\/blog.cancaonova.com\/redacao\/wp-json\/wp\/v2\/media\/14215"}],"wp:attachment":[{"href":"https:\/\/blog.cancaonova.com\/redacao\/wp-json\/wp\/v2\/media?parent=14214"}],"wp:term":[{"taxonomy":"category","embeddable":true,"href":"https:\/\/blog.cancaonova.com\/redacao\/wp-json\/wp\/v2\/categories?post=14214"},{"taxonomy":"post_tag","embeddable":true,"href":"https:\/\/blog.cancaonova.com\/redacao\/wp-json\/wp\/v2\/tags?post=14214"}],"curies":[{"name":"wp","href":"https:\/\/api.w.org\/{rel}","templated":true}]}}