{"id":15378,"date":"2013-01-03T11:55:32","date_gmt":"2013-01-03T14:55:32","guid":{"rendered":"http:\/\/blog.cancaonova.com\/redacao\/?p=15378"},"modified":"2013-01-03T13:54:29","modified_gmt":"2013-01-03T16:54:29","slug":"santuario-pai-das-misericordias-a-realizacao-de-um-sonho","status":"publish","type":"post","link":"https:\/\/blog.cancaonova.com\/redacao\/santuario-pai-das-misericordias-a-realizacao-de-um-sonho\/","title":{"rendered":"Santu\u00e1rio Pai das Miseric\u00f3rdias, a realiza\u00e7\u00e3o de um sonho"},"content":{"rendered":"<p><a rel=\"attachment wp-att-15379\" href=\"http:\/\/blog.cancaonova.com\/redacao\/santuario-pai-das-misericordias-a-realizacao-de-um-sonho\/pecasigreja-cdr\/\"><img loading=\"lazy\" decoding=\"async\" class=\"alignleft size-full wp-image-15379\" title=\"Pe\u00e7asIgreja.cdr\" src=\"http:\/\/blog.cancaonova.com\/redacao\/files\/2013\/01\/LogoSantuario_baixa.jpg\" alt=\"\" width=\"329\" height=\"214\" srcset=\"https:\/\/blog.cancaonova.com\/redacao\/files\/2013\/01\/LogoSantuario_baixa.jpg 500w, https:\/\/blog.cancaonova.com\/redacao\/files\/2013\/01\/LogoSantuario_baixa-300x195.jpg 300w\" sizes=\"(max-width: 329px) 100vw, 329px\" \/><\/a>\u00c9 uma alegria para a Can\u00e7\u00e3o Nova anunciar que, a partir do dia 06 de janeiro, as atividades no Santu\u00e1rio Pai das Miseric\u00f3rdias ser\u00e3o iniciadas.<\/p>\n<p>O santu\u00e1rio, projetado para comportar cerca de 5.200 peregrinos, tem o formato de uma m\u00e3o, fazendo alus\u00e3o ao cuidado de Deus com os Seus filhos e a Sua disponibilidade de sempre nos ajudar.<\/p>\n<p>J\u00e1 no <strong><a href=\"http:\/\/goo.gl\/3Fyh2\" target=\"_blank\">Acampamento para as Fam\u00edlias<\/a><\/strong>, que acontece entre os dias 4 e 6 de janeiro, haver\u00e1 celebra\u00e7\u00e3o da Santa Missa, no dia 6, \u00e0s 15h00. <strong>Al\u00e9m disso, as celebra\u00e7\u00f5es di\u00e1rias, \u00e0s 7h00, passar\u00e3o a ser celebradas no santu\u00e1rio<\/strong>.<!--more--><\/p>\n<p>&#8220;Entramos agora numa aventura: enquanto constru\u00edmos aqui, em Cachoeira Paulista (SP), a Igreja da Divina Miseric\u00f3rdia, o Senhor estar\u00e1 construindo em n\u00f3s uma revolu\u00e7\u00e3o. Deste modo, terminada a constru\u00e7\u00e3o do santu\u00e1rio, estaremos prontos para viver o tempo da miseric\u00f3rdia at\u00e9 que o Senhor venha&#8221;.<\/p>\n<p>Foi com essa frase que monsenhor Jonas Abib, fundador da Comunidade Can\u00e7\u00e3o Nova, profetizou, em 2002, a constru\u00e7\u00e3o do Santu\u00e1rio Pai das Miseric\u00f3rdias. Obra que teve in\u00edcio em dezembro de 2007 e sempre contou com doa\u00e7\u00f5es de fi\u00e9is.<\/p>\n<p>Com isso, se inaugura um novo tempo na Can\u00e7\u00e3o Nova, como fala Monsenhor Jonas Abib, &#8220;Deus quer que a Can\u00e7\u00e3o Nova toda seja o grande Santu\u00e1rio da Divina Miseric\u00f3rdia&#8221;.<\/p>\n","protected":false},"excerpt":{"rendered":"<p>\u00c9 uma alegria para a Can\u00e7\u00e3o Nova anunciar que, a partir do dia 06 de janeiro, as atividades no Santu\u00e1rio Pai das Miseric\u00f3rdias ser\u00e3o iniciadas. O santu\u00e1rio, projetado para comportar cerca de 5.200 peregrinos, tem o formato de uma m\u00e3o,&#8230;<\/p>\n","protected":false},"author":4543,"featured_media":15379,"comment_status":"open","ping_status":"open","sticky":false,"template":"","format":"standard","meta":{"_mi_skip_tracking":false,"_monsterinsights_sitenote_active":false,"_monsterinsights_sitenote_note":"","_monsterinsights_sitenote_category":0,"footnotes":""},"categories":[1331],"tags":[16089,5011,24119,16739,17220,16294],"_links":{"self":[{"href":"https:\/\/blog.cancaonova.com\/redacao\/wp-json\/wp\/v2\/posts\/15378"}],"collection":[{"href":"https:\/\/blog.cancaonova.com\/redacao\/wp-json\/wp\/v2\/posts"}],"about":[{"href":"https:\/\/blog.cancaonova.com\/redacao\/wp-json\/wp\/v2\/types\/post"}],"author":[{"embeddable":true,"href":"https:\/\/blog.cancaonova.com\/redacao\/wp-json\/wp\/v2\/users\/4543"}],"replies":[{"embeddable":true,"href":"https:\/\/blog.cancaonova.com\/redacao\/wp-json\/wp\/v2\/comments?post=15378"}],"version-history":[{"count":27,"href":"https:\/\/blog.cancaonova.com\/redacao\/wp-json\/wp\/v2\/posts\/15378\/revisions"}],"predecessor-version":[{"id":15428,"href":"https:\/\/blog.cancaonova.com\/redacao\/wp-json\/wp\/v2\/posts\/15378\/revisions\/15428"}],"wp:featuredmedia":[{"embeddable":true,"href":"https:\/\/blog.cancaonova.com\/redacao\/wp-json\/wp\/v2\/media\/15379"}],"wp:attachment":[{"href":"https:\/\/blog.cancaonova.com\/redacao\/wp-json\/wp\/v2\/media?parent=15378"}],"wp:term":[{"taxonomy":"category","embeddable":true,"href":"https:\/\/blog.cancaonova.com\/redacao\/wp-json\/wp\/v2\/categories?post=15378"},{"taxonomy":"post_tag","embeddable":true,"href":"https:\/\/blog.cancaonova.com\/redacao\/wp-json\/wp\/v2\/tags?post=15378"}],"curies":[{"name":"wp","href":"https:\/\/api.w.org\/{rel}","templated":true}]}}