{"id":15678,"date":"2013-01-29T13:50:33","date_gmt":"2013-01-29T16:50:33","guid":{"rendered":"http:\/\/blog.cancaonova.com\/redacao\/?p=15678"},"modified":"2013-01-29T16:39:11","modified_gmt":"2013-01-29T19:39:11","slug":"a-cancao-nova-no-premio-top-blog-2012","status":"publish","type":"post","link":"https:\/\/blog.cancaonova.com\/redacao\/a-cancao-nova-no-premio-top-blog-2012\/","title":{"rendered":"A Can\u00e7\u00e3o Nova no Pr\u00eamio Top Blog 2012"},"content":{"rendered":"<p><strong>O Portal Can\u00e7\u00e3o Nova esteve presente na entrega do 4\u00ba Pr\u00eamio Top Blog com tr\u00eas blogs finalistas.<\/strong><\/p>\n<p style=\"text-align: justify\"><a rel=\"attachment wp-att-15716\" href=\"http:\/\/blog.cancaonova.com\/redacao\/a-cancao-nova-no-premio-top-blog-2012\/370x250-11\/\"><img loading=\"lazy\" decoding=\"async\" class=\"alignleft size-full wp-image-15716\" src=\"http:\/\/blog.cancaonova.com\/redacao\/files\/2013\/01\/370x2501.jpg\" alt=\"Tr\u00eas blogs da Can\u00e7\u00e3o Nova receberam o Pr\u00eamio Top Blog 2012.\" width=\"370\" height=\"250\" srcset=\"https:\/\/blog.cancaonova.com\/redacao\/files\/2013\/01\/370x2501.jpg 370w, https:\/\/blog.cancaonova.com\/redacao\/files\/2013\/01\/370x2501-300x202.jpg 300w\" sizes=\"(max-width: 370px) 100vw, 370px\" \/><\/a>No s\u00e1bado, dia 26, aconteceu a entrega da quarta edi\u00e7\u00e3o do Pr\u00eamio Top Blog. Dentre os blogs da Can\u00e7\u00e3o Nova, na categoria religi\u00e3o de blogs profissionais, pelo j\u00fari popular, receberam o pr\u00eamio a p\u00e1gina do <a href=\"http:\/\/blog.cancaonova.com\/felipeaquino\/\">professor Felipe Aquino<\/a> e <a href=\"http:\/\/blog.cancaonova.com\/livresdetodomal\/\">&#8216;Livres de todo mal&#8217;<\/a>.<\/p>\n<p>O <a href=\"http:\/\/blog.cancaonova.com\/tododemaria\/\">blog &#8216;Todo de Maria&#8217;<\/a> recebeu o Top 1 da edi\u00e7\u00e3o 2012, primeiro lugar na categoria religi\u00e3o, entre os blogs pessoais, pelo voto popular. A entrega do pr\u00eamio come\u00e7ou \u00e0s 17h, no audit\u00f3rio da Universidade Paulista (Unip), sito \u00e0 rua Vergueiro, no bairro Para\u00edso, cidade de S\u00e3o Paulo (SP). O evento contou com a presen\u00e7a de blogueiros de v\u00e1rios segmentos, de v\u00e1rias regi\u00f5es do Brasil, os quais concorreram em 25 categorias.<\/p>\n<p>O pr\u00eamio Top Blog foi criado, em 2008, para premiar os melhores blogs brasileiros por meio da vota\u00e7\u00e3o popular e voto acad\u00eamico.<!--more Leia mais &gt;&gt; --><\/p>\n<p>A Reda\u00e7\u00e3o do Portal <a href=\"http:\/\/www.cancaonova.com\/\">cancaonova.com<\/a> parabeniza o trabalho realizado pelo blog do professor Felipe Aquino e tamb\u00e9m &#8216;Livres de todo mal&#8217;, &#8216; Todo de Maria&#8217; e os demais blogs da Can\u00e7\u00e3o Nova, num total de 11\u00a0 que participaram da premia\u00e7\u00e3o. O Portal aproveita a oportunidade para agradecer o empenho dos mais de 400 blogueiros da Can\u00e7\u00e3o Nova, que se dedicam a levar o Evangelho e o conhecimento pela blogosfera, um meio de comunica\u00e7\u00e3o que, cada vez mais, tem espa\u00e7o na internet.<\/p>\n<p>Agradecemos a voc\u00ea, leitor dos blogs da Can\u00e7\u00e3o Nova; especialmente \u00e0queles que participaram na vota\u00e7\u00e3o do Pr\u00eamio Top Blog 2012. Obrigado pela sua confian\u00e7a em nosso conte\u00fado, pela sua fidelidade nos acessos, pelos coment\u00e1rios com testemunhos, agradecimentos e cr\u00edticas. Queremos, cada vez mais, apresentar artigos de qualidade que v\u00e3o ao encontro das suas necessidades.<\/p>\n<p>A equipe agradece tamb\u00e9m aos organizadores do Pr\u00eamio Top Blog, os quais nos disponibilizam este espa\u00e7o de divulga\u00e7\u00e3o do nosso trabalho. Obrigado por seu empenho e dedica\u00e7\u00e3o em fazer da blogosfera um espa\u00e7o cada vez mais conhecido e valorizado pelos internautas. Queremos, cada vez mais, incentivar a busca pelo conhecimento, pela verdade, presente no trabalho de tantos blogueiros, na leitura e na pesquisa de seus leitores.<\/p>\n<p>Que a blogosfera seja cada vez mais um espa\u00e7o de enriquecimento intelectual, cultural, religioso, mas tamb\u00e9m de intera\u00e7\u00e3o. Que a internet, especialmente os blogs, sejam um espa\u00e7o cada vez mais humanizado, no qual o mais importante \u00e9 a pessoa.<\/p>\n","protected":false},"excerpt":{"rendered":"<p>O Portal Can\u00e7\u00e3o Nova esteve presente na entrega do 4\u00ba Pr\u00eamio Top Blog com tr\u00eas blogs finalistas. No s\u00e1bado, dia 26, aconteceu a entrega da quarta edi\u00e7\u00e3o do Pr\u00eamio Top Blog. Dentre os blogs da Can\u00e7\u00e3o Nova, na categoria religi\u00e3o&#8230;<\/p>\n","protected":false},"author":4605,"featured_media":15713,"comment_status":"open","ping_status":"open","sticky":false,"template":"","format":"standard","meta":{"_mi_skip_tracking":false,"_monsterinsights_sitenote_active":false,"_monsterinsights_sitenote_note":"","_monsterinsights_sitenote_category":0,"footnotes":""},"categories":[19,64704],"tags":[671,5011,6351,1021,3211,4741,18787,113],"_links":{"self":[{"href":"https:\/\/blog.cancaonova.com\/redacao\/wp-json\/wp\/v2\/posts\/15678"}],"collection":[{"href":"https:\/\/blog.cancaonova.com\/redacao\/wp-json\/wp\/v2\/posts"}],"about":[{"href":"https:\/\/blog.cancaonova.com\/redacao\/wp-json\/wp\/v2\/types\/post"}],"author":[{"embeddable":true,"href":"https:\/\/blog.cancaonova.com\/redacao\/wp-json\/wp\/v2\/users\/4605"}],"replies":[{"embeddable":true,"href":"https:\/\/blog.cancaonova.com\/redacao\/wp-json\/wp\/v2\/comments?post=15678"}],"version-history":[{"count":22,"href":"https:\/\/blog.cancaonova.com\/redacao\/wp-json\/wp\/v2\/posts\/15678\/revisions"}],"predecessor-version":[{"id":15706,"href":"https:\/\/blog.cancaonova.com\/redacao\/wp-json\/wp\/v2\/posts\/15678\/revisions\/15706"}],"wp:featuredmedia":[{"embeddable":true,"href":"https:\/\/blog.cancaonova.com\/redacao\/wp-json\/wp\/v2\/media\/15713"}],"wp:attachment":[{"href":"https:\/\/blog.cancaonova.com\/redacao\/wp-json\/wp\/v2\/media?parent=15678"}],"wp:term":[{"taxonomy":"category","embeddable":true,"href":"https:\/\/blog.cancaonova.com\/redacao\/wp-json\/wp\/v2\/categories?post=15678"},{"taxonomy":"post_tag","embeddable":true,"href":"https:\/\/blog.cancaonova.com\/redacao\/wp-json\/wp\/v2\/tags?post=15678"}],"curies":[{"name":"wp","href":"https:\/\/api.w.org\/{rel}","templated":true}]}}