{"id":15732,"date":"2013-02-01T00:10:05","date_gmt":"2013-02-01T03:10:05","guid":{"rendered":"http:\/\/blog.cancaonova.com\/redacao\/?p=15732"},"modified":"2013-01-31T16:57:58","modified_gmt":"2013-01-31T19:57:58","slug":"consagrados-para-fazer-a-diferenca","status":"publish","type":"post","link":"https:\/\/blog.cancaonova.com\/redacao\/consagrados-para-fazer-a-diferenca\/","title":{"rendered":"Consagrados para fazer a diferen\u00e7a"},"content":{"rendered":"<p style=\"text-align: justify\">No dia 02 de fevereiro, a Igreja celebra a <em>Festa da Apresenta\u00e7\u00e3o do Senhor.<\/em> Este \u00e9 um dia muito importante para n\u00f3s, membros da Comunidade Can\u00e7\u00e3o Nova, pois, nesta data, a cada ano, renovamos o nosso compromisso de perten\u00e7a exclusiva a Deus. Formamos uma grande e linda fam\u00edlia de consagrados.<\/p>\n<p style=\"text-align: justify\">Estou na Comunidade Can\u00e7\u00e3o Nova h\u00e1 16 anos. Quando cheguei aqui, em janeiro de 1997, vivi meu primeiro ano de forma\u00e7\u00e3o na casa de Queluz (SP). De l\u00e1 para c\u00e1, quanta coisa aconteceu em minha vida! Uma nova profiss\u00e3o, a descoberta do meu estado de vida, o namoro, o noivado, o amadurecimento, os momentos dif\u00edceis de ren\u00fancia e enfermidade, o casamento, os filhos, os remanejamentos&#8230; Enfim, posso afirmar que a forma\u00e7\u00e3o \u201cao ritmo da vida\u201d que vivencio dentro desta Obra de Deus tem feito de mim uma pessoa diferente.<\/p>\n<p><a rel=\"attachment wp-att-15736\" href=\"http:\/\/blog.cancaonova.com\/redacao\/consagrados-para-fazer-a-diferenca\/370x250-12\/\"><img loading=\"lazy\" decoding=\"async\" class=\"aligncenter size-full wp-image-15736\" src=\"http:\/\/blog.cancaonova.com\/redacao\/files\/2013\/02\/370x250.jpg\" alt=\"Alexandre Oliveira e fam\u00edlia com monsenhor Jonas\" width=\"370\" height=\"250\" srcset=\"https:\/\/blog.cancaonova.com\/redacao\/files\/2013\/02\/370x250.jpg 370w, https:\/\/blog.cancaonova.com\/redacao\/files\/2013\/02\/370x250-300x202.jpg 300w\" sizes=\"(max-width: 370px) 100vw, 370px\" \/><\/a><\/p>\n<p style=\"text-align: justify\">Monsenhor Jonas, num dos seus escritos \u00e0 comunidade, afirma o seguinte: <em>\u201cSer diferente\u201d n\u00e3o \u00e9 um peso. \u00c9 a consequ\u00eancia natural de ser o que somos. Mas n\u00e3o nego que \u00e9 exigente. J\u00e1 os franceses repetiam: \u201cA nobreza obriga\u201d. A nobreza de ser de Deus, exclusivo de Deus, obriga-nos, por natureza, a sermos diferentes (Retomada V).<\/em><\/p>\n<p style=\"text-align: justify\">Nosso fundador ainda acrescenta essa bela compara\u00e7\u00e3o entre o fermento e a massa: <em>&#8220;N\u00e3o adianta nada o fermento ser igual \u00e0 massa. Ele est\u00e1 na massa, mas n\u00e3o \u00e9 massa. Pelo contr\u00e1rio, a massa precisa que o fermento seja diferente. Que ele seja fermento para que ela seja massa fermentada. Deus nos quer no meio do mundo, lado a lado com os homens. Mas n\u00f3s n\u00e3o somos do mundo nem somos como todo mundo. Os homens, pelo contr\u00e1rio, precisam de n\u00f3s diferentes, precisam de n\u00f3s realmente consagrados, para que eles sejam homens filhos de Deus&#8221; (Retomada V).<\/em><\/p>\n<p style=\"text-align: justify\">Portanto, <strong>celebrar a consagra\u00e7\u00e3o a Deus, no dia 2 de fevereiro, \u00e9 celebrar essa diferen\u00e7a.<\/strong> N\u00e3o somos piores nem melhores que ningu\u00e9m, apenas somos diferentes. E essa diferen\u00e7a se deve a uma escolha, cuja iniciativa \u00e9 de Deus.<\/p>\n<p style=\"text-align: justify\">\u00c9 uma enorme gra\u00e7a poder conviver, em nossa comunidade, com tantos irm\u00e3os que trazem os mais diversos sotaques, temperamentos, gostos e costumes, mas todos unidos pelo mesmo ideal: a santidade. \u00c9 por essa santidade, essa intimidade com um Cristo \u201cvivo e vivido\u201d, que vamos testemunhando ser poss\u00edvel o nascimento de homens e mulheres novos para um mundo novo.<\/p>\n<p style=\"text-align: justify\">Mas toda essa preciosa diferen\u00e7a que celebramos, em 2 de fevereiro, n\u00e3o pode ser vivida sem essa marca: a cruz. Somos diferentes, porque fomos escolhidos por Deus, \u00e9 verdade; mas a cada um que diz o seu &#8216;sim&#8217; a essa escolha, Cristo faz quest\u00e3o de recordar: \u201cSe algu\u00e9m quer vir ap\u00f3s mim, renuncie a si mesmo, tome sua cruz e siga-me\u201d (Mateus 16,24).<\/p>\n<p style=\"text-align: justify\">Agrade\u00e7o a Deus por esse aprendizado de vida que \u00e9 a cruz. Por meio dele, meus irm\u00e3os de comunidade s\u00e3o meus grandes professores: aprendo a ser um consagrado mais alegre ao admirar aquela irm\u00e3 que insiste em sorrir mesmo enfrentando uma quimioterapia. Aprendo a confiar mais na Provid\u00eancia Divina ao contemplar aquele irm\u00e3o que vai de \u201ccasa em casa\u201d repartindo as frutas, verduras ou mesmo as roupas que ganhou numa decis\u00e3o de compartilhar com os demais. Aprendo a ser mais homem de Deus ao tocar no exemplo dos meus irm\u00e3os que n\u00e3o come\u00e7am o dia sem antes entreg\u00e1-lo ao Senhor na Santa Missa.<\/p>\n<p style=\"text-align: justify\">Confesso que cada consagrado tem algo de bom a me ensinar nessa nossa grande fam\u00edlia. E \u00e9 isso que eu vou celebrar neste segundo dia de fevereiro. Seja rindo ou chorando, seja \u201cpedindo por socorro\u201d ou superando-se, cada homem e mulher da Can\u00e7\u00e3o Nova tem me ensinado que vale a pena investir a vida em Deus e fazer prevalecer o dom desta consagra\u00e7\u00e3o, desta escolha, desta diferen\u00e7a.<\/p>\n<p><strong>Parab\u00e9ns, Comunidade Can\u00e7\u00e3o Nova!<\/strong> Celebremos com alegria esses 35 anos em que &#8220;fazemos a diferen\u00e7a&#8221; no cora\u00e7\u00e3o de tantas pessoas, acreditando que isto \u00e9, sobretudo, evangelizar.<\/p>\n<p>Alexandre Oliveira \u2013 Comunidade Can\u00e7\u00e3o Nova<\/p>\n","protected":false},"excerpt":{"rendered":"<p>No dia 02 de fevereiro, a Igreja celebra a Festa da Apresenta\u00e7\u00e3o do Senhor. Este \u00e9 um dia muito importante para n\u00f3s, membros da Comunidade Can\u00e7\u00e3o Nova, pois, nesta data, a cada ano, renovamos o nosso compromisso de perten\u00e7a exclusiva&#8230;<\/p>\n","protected":false},"author":18,"featured_media":0,"comment_status":"open","ping_status":"open","sticky":false,"template":"","format":"standard","meta":{"_mi_skip_tracking":false,"_monsterinsights_sitenote_active":false,"_monsterinsights_sitenote_note":"","_monsterinsights_sitenote_category":0,"footnotes":""},"categories":[1331],"tags":[5011,4751,114,16059,15975,178141,11671,51,18787],"_links":{"self":[{"href":"https:\/\/blog.cancaonova.com\/redacao\/wp-json\/wp\/v2\/posts\/15732"}],"collection":[{"href":"https:\/\/blog.cancaonova.com\/redacao\/wp-json\/wp\/v2\/posts"}],"about":[{"href":"https:\/\/blog.cancaonova.com\/redacao\/wp-json\/wp\/v2\/types\/post"}],"author":[{"embeddable":true,"href":"https:\/\/blog.cancaonova.com\/redacao\/wp-json\/wp\/v2\/users\/18"}],"replies":[{"embeddable":true,"href":"https:\/\/blog.cancaonova.com\/redacao\/wp-json\/wp\/v2\/comments?post=15732"}],"version-history":[{"count":12,"href":"https:\/\/blog.cancaonova.com\/redacao\/wp-json\/wp\/v2\/posts\/15732\/revisions"}],"predecessor-version":[{"id":15747,"href":"https:\/\/blog.cancaonova.com\/redacao\/wp-json\/wp\/v2\/posts\/15732\/revisions\/15747"}],"wp:attachment":[{"href":"https:\/\/blog.cancaonova.com\/redacao\/wp-json\/wp\/v2\/media?parent=15732"}],"wp:term":[{"taxonomy":"category","embeddable":true,"href":"https:\/\/blog.cancaonova.com\/redacao\/wp-json\/wp\/v2\/categories?post=15732"},{"taxonomy":"post_tag","embeddable":true,"href":"https:\/\/blog.cancaonova.com\/redacao\/wp-json\/wp\/v2\/tags?post=15732"}],"curies":[{"name":"wp","href":"https:\/\/api.w.org\/{rel}","templated":true}]}}