{"id":16358,"date":"2013-04-30T09:02:29","date_gmt":"2013-04-30T12:02:29","guid":{"rendered":"http:\/\/blog.cancaonova.com\/redacao\/?p=16358"},"modified":"2013-06-03T07:19:43","modified_gmt":"2013-06-03T10:19:43","slug":"chegamos-ao-103-do-projeto-dai-me-almas","status":"publish","type":"post","link":"https:\/\/blog.cancaonova.com\/redacao\/chegamos-ao-103-do-projeto-dai-me-almas\/","title":{"rendered":"Chegamos ao 103% do 'Projeto Dai-me almas'!"},"content":{"rendered":"<p>O Sistema Can\u00e7\u00e3o Nova de Comunica\u00e7\u00e3o celebra os 103% do Projeto &#8216;Dai-me Almas&#8217; do m\u00eas de abril! Obrigada a voc\u00ea, s\u00f3cio, que contribuiu conosco, pois voc\u00ea \u00e9 o respons\u00e1vel por esta conquista!<\/p>\n<p>Para cumprir sua miss\u00e3o de evangelizar, a Funda\u00e7\u00e3o Jo\u00e3o Paulo II precisa contar com o apoio da \u201cFam\u00edlia Can\u00e7\u00e3o Nova\u201d que acredita nesta obra de Deus.<\/p>\n<p>\u00c9 com o cora\u00e7\u00e3o cheio de alegria que agradecemos ao Senhor e a voc\u00ea, s\u00f3cio evangelizador, que se empenha, todos os meses, para fazer acontecer a evangeliza\u00e7\u00e3o na vida de tantas pessoas!<\/p>\n<p><strong>O que \u00e9 o Projeto &#8216;Dai-me Almas&#8217;?<\/strong><\/p>\n<p><em>&#8220;O Projeto &#8216;Dai-me Almas&#8217; n\u00e3o \u00e9 um projeto de marketing, n\u00e3o \u00e9 um  slogan, n\u00e3o \u00e9 marketing para vender, muito menos para conseguir s\u00f3cios  ou dinheiro. De jeito nenhum! Isso \u00e9 miss\u00e3o de evangelizar&#8221;<\/em>, destaca o fundador da Comunidade Can\u00e7\u00e3o Nova, monsenhor Jonas Abib<\/p>\n<p style=\"text-align: center\"><a rel=\"attachment wp-att-16374\" href=\"http:\/\/blog.cancaonova.com\/redacao\/chegamos-ao-103-do-projeto-dai-me-almas\/materia-luana\/\"><img loading=\"lazy\" decoding=\"async\" class=\"size-full wp-image-16374 aligncenter\" src=\"http:\/\/blog.cancaonova.com\/redacao\/files\/2013\/04\/Materia-luana.jpg\" alt=\"\" width=\"500\" height=\"350\" srcset=\"https:\/\/blog.cancaonova.com\/redacao\/files\/2013\/04\/Materia-luana.jpg 500w, https:\/\/blog.cancaonova.com\/redacao\/files\/2013\/04\/Materia-luana-300x210.jpg 300w\" sizes=\"(max-width: 500px) 100vw, 500px\" \/><\/a><\/p>\n","protected":false},"excerpt":{"rendered":"<p>O Sistema Can\u00e7\u00e3o Nova de Comunica\u00e7\u00e3o celebra os 103% do Projeto &#8216;Dai-me Almas&#8217; do m\u00eas de abril! Obrigada a voc\u00ea, s\u00f3cio, que contribuiu conosco, pois voc\u00ea \u00e9 o respons\u00e1vel por esta conquista! Para cumprir sua miss\u00e3o de evangelizar, a Funda\u00e7\u00e3o&#8230;<\/p>\n","protected":false},"author":4585,"featured_media":0,"comment_status":"open","ping_status":"open","sticky":false,"template":"","format":"standard","meta":{"_mi_skip_tracking":false,"_monsterinsights_sitenote_active":false,"_monsterinsights_sitenote_note":"","_monsterinsights_sitenote_category":0,"footnotes":""},"categories":[1351,9671],"tags":[22654,5011,1851,19353,7371],"_links":{"self":[{"href":"https:\/\/blog.cancaonova.com\/redacao\/wp-json\/wp\/v2\/posts\/16358"}],"collection":[{"href":"https:\/\/blog.cancaonova.com\/redacao\/wp-json\/wp\/v2\/posts"}],"about":[{"href":"https:\/\/blog.cancaonova.com\/redacao\/wp-json\/wp\/v2\/types\/post"}],"author":[{"embeddable":true,"href":"https:\/\/blog.cancaonova.com\/redacao\/wp-json\/wp\/v2\/users\/4585"}],"replies":[{"embeddable":true,"href":"https:\/\/blog.cancaonova.com\/redacao\/wp-json\/wp\/v2\/comments?post=16358"}],"version-history":[{"count":24,"href":"https:\/\/blog.cancaonova.com\/redacao\/wp-json\/wp\/v2\/posts\/16358\/revisions"}],"predecessor-version":[{"id":16770,"href":"https:\/\/blog.cancaonova.com\/redacao\/wp-json\/wp\/v2\/posts\/16358\/revisions\/16770"}],"wp:attachment":[{"href":"https:\/\/blog.cancaonova.com\/redacao\/wp-json\/wp\/v2\/media?parent=16358"}],"wp:term":[{"taxonomy":"category","embeddable":true,"href":"https:\/\/blog.cancaonova.com\/redacao\/wp-json\/wp\/v2\/categories?post=16358"},{"taxonomy":"post_tag","embeddable":true,"href":"https:\/\/blog.cancaonova.com\/redacao\/wp-json\/wp\/v2\/tags?post=16358"}],"curies":[{"name":"wp","href":"https:\/\/api.w.org\/{rel}","templated":true}]}}