{"id":16508,"date":"2013-05-07T16:27:59","date_gmt":"2013-05-07T19:27:59","guid":{"rendered":"http:\/\/blog.cancaonova.com\/redacao\/?p=16508"},"modified":"2013-06-03T07:19:43","modified_gmt":"2013-06-03T10:19:43","slug":"bate-papo-desafio-da-maternidade","status":"publish","type":"post","link":"https:\/\/blog.cancaonova.com\/redacao\/bate-papo-desafio-da-maternidade\/","title":{"rendered":"Um bate-papo sobre o desafio da maternidade"},"content":{"rendered":"<p><strong>Participe do &#8216;Caf\u00e9 Interativo&#8217; especial para o Dia das M\u00e3es<\/strong><\/p>\n<p>Uma das comemora\u00e7\u00f5es c\u00edvicas mais comemoradas, todo o ano, \u00e9 o Dia das M\u00e3es. Este ano, a data \u00e9 celebrada no dia 12 de maio, mas, na verdade, nem precisa constar no calend\u00e1rio, pois esta se imp\u00f5e por si mesmo devido ao respeito, \u00e0 admira\u00e7\u00e3o e gratid\u00e3o que merece qualquer m\u00e3e, seja qual for a condi\u00e7\u00e3o em que se encontra.<\/p>\n<p>As m\u00e3es sempre merecem um preito de gratid\u00e3o da humanidade. \u00c9 sempre sublime a miss\u00e3o de gerar e resguardar a vida, ainda mais quando esta \u00e9 fr\u00e1gil e necessita de prote\u00e7\u00e3o.<\/p>\n<p><a rel=\"attachment wp-att-16512\" href=\"http:\/\/blog.cancaonova.com\/redacao\/bate-papo-desafio-da-maternidade\/face-gravida\/\"><img loading=\"lazy\" decoding=\"async\" class=\"size-full wp-image-16512\" src=\"http:\/\/blog.cancaonova.com\/redacao\/files\/2013\/05\/face-gravida.jpg\" alt=\"Bata-papo sobre maternidade\" width=\"544\" height=\"380\" srcset=\"https:\/\/blog.cancaonova.com\/redacao\/files\/2013\/05\/face-gravida.jpg 500w, https:\/\/blog.cancaonova.com\/redacao\/files\/2013\/05\/face-gravida-300x210.jpg 300w\" sizes=\"(max-width: 544px) 100vw, 544px\" \/><\/a><\/p>\n<p>Em comemora\u00e7\u00e3o a este momento t\u00e3o especial, no dia 8 de maio, a equipe do Portal Can\u00e7\u00e3o Nova promover\u00e1 um &#8216;Caf\u00e9 Interativo&#8217;, cujo tema principal ser\u00e1 a \u201cmaternidade\u201d. Voc\u00ea pode acompanhar, ao vivo, o &#8216;Caf\u00e9 Interativo&#8217;, a partir das 10h, pelo <a href=\"https:\/\/twitter.com\/cancaonova\" target=\"_blank\">Twitter<\/a> e <a href=\"https:\/\/www.facebook.com\/cancaonova\" target=\"_blank\">Facebook da Can\u00e7\u00e3o Nova<\/a>. Al\u00e9m disso, voc\u00ea pode participar mandando suas perguntas por meio dessas m\u00eddias.<\/p>\n<p>Em um papo descontra\u00eddo, vamos falar um pouquinho sobre a import\u00e2ncia da maternidade. As mission\u00e1rias Evandra Belussi, Roseni Oliveira e Gil Duarte s\u00e3o as convidadas especiais para este encontro.<\/p>\n","protected":false},"excerpt":{"rendered":"<p>Participe do &#8216;Caf\u00e9 Interativo&#8217; especial para o Dia das M\u00e3es Uma das comemora\u00e7\u00f5es c\u00edvicas mais comemoradas, todo o ano, \u00e9 o Dia das M\u00e3es. Este ano, a data \u00e9 celebrada no dia 12 de maio, mas, na verdade, nem precisa&#8230;<\/p>\n","protected":false},"author":4543,"featured_media":0,"comment_status":"open","ping_status":"open","sticky":false,"template":"","format":"standard","meta":{"_mi_skip_tracking":false,"_monsterinsights_sitenote_active":false,"_monsterinsights_sitenote_note":"","_monsterinsights_sitenote_category":0,"footnotes":""},"categories":[32879],"tags":[],"_links":{"self":[{"href":"https:\/\/blog.cancaonova.com\/redacao\/wp-json\/wp\/v2\/posts\/16508"}],"collection":[{"href":"https:\/\/blog.cancaonova.com\/redacao\/wp-json\/wp\/v2\/posts"}],"about":[{"href":"https:\/\/blog.cancaonova.com\/redacao\/wp-json\/wp\/v2\/types\/post"}],"author":[{"embeddable":true,"href":"https:\/\/blog.cancaonova.com\/redacao\/wp-json\/wp\/v2\/users\/4543"}],"replies":[{"embeddable":true,"href":"https:\/\/blog.cancaonova.com\/redacao\/wp-json\/wp\/v2\/comments?post=16508"}],"version-history":[{"count":14,"href":"https:\/\/blog.cancaonova.com\/redacao\/wp-json\/wp\/v2\/posts\/16508\/revisions"}],"predecessor-version":[{"id":16769,"href":"https:\/\/blog.cancaonova.com\/redacao\/wp-json\/wp\/v2\/posts\/16508\/revisions\/16769"}],"wp:attachment":[{"href":"https:\/\/blog.cancaonova.com\/redacao\/wp-json\/wp\/v2\/media?parent=16508"}],"wp:term":[{"taxonomy":"category","embeddable":true,"href":"https:\/\/blog.cancaonova.com\/redacao\/wp-json\/wp\/v2\/categories?post=16508"},{"taxonomy":"post_tag","embeddable":true,"href":"https:\/\/blog.cancaonova.com\/redacao\/wp-json\/wp\/v2\/tags?post=16508"}],"curies":[{"name":"wp","href":"https:\/\/api.w.org\/{rel}","templated":true}]}}