{"id":16824,"date":"2013-06-07T14:52:24","date_gmt":"2013-06-07T17:52:24","guid":{"rendered":"http:\/\/blog.cancaonova.com\/redacao\/?p=16824"},"modified":"2013-06-10T09:40:55","modified_gmt":"2013-06-10T12:40:55","slug":"o-assunto-e-namoro-envie-suas-preguntas","status":"publish","type":"post","link":"https:\/\/blog.cancaonova.com\/redacao\/o-assunto-e-namoro-envie-suas-preguntas\/","title":{"rendered":"O assunto \u00e9 namoro! Envie suas perguntas"},"content":{"rendered":"<p><strong>Tire suas d\u00favidas sobre relacionamento<\/strong><\/p>\n<p><strong> <\/strong><\/p>\n<p><strong> <\/strong>O Dia dos Namorados \u00e9 comemorado, no Brasil, no dia 12 de junho.  Conhecido no exterior como Dia de S\u00e3o Valentim, nesta data, \u00e9 celebrada,  de forma especial, a uni\u00e3o amorosa entre os casais, sendo comum a troca  de presentes entre eles. Para celebrar esta data a equipe do cancaonova.com preparou um &#8220;Caf\u00e9 Interativo&#8221; sobre relacionamento, segunda-feira, 10 de junho, \u00e0s 14h.<\/p>\n<p><a rel=\"attachment wp-att-16842\" href=\"http:\/\/blog.cancaonova.com\/redacao\/o-assunto-e-namoro-envie-suas-preguntas\/face\/\"><img loading=\"lazy\" decoding=\"async\" class=\"aligncenter size-full wp-image-16842\" title=\"Face\" src=\"http:\/\/blog.cancaonova.com\/redacao\/files\/2013\/06\/Face.jpg\" alt=\"\" width=\"500\" height=\"350\" srcset=\"https:\/\/blog.cancaonova.com\/redacao\/files\/2013\/06\/Face.jpg 500w, https:\/\/blog.cancaonova.com\/redacao\/files\/2013\/06\/Face-300x210.jpg 300w\" sizes=\"(max-width: 500px) 100vw, 500px\" \/><\/a><\/p>\n<p>O &#8220;Caf\u00e9 Interativo&#8221;\u00e9 um bate-papo on-line  e acontecer\u00e1 pelo twitcam, e voc\u00ea pode participar enviando sua pergunta para @cancaonova ou pelo nosso Facebook. Voc\u00ea poder\u00e1 tirar suas d\u00favidas sobre relacionamento, namoro, noivado, castidade&#8230;<\/p>\n<p>Willieny Isa\u00edas entrevistar\u00e1 o casal de namorados da Comunidade Can\u00e7\u00e3o Nova Fl\u00e1vio Pinheiro e Renata Sobral, os noivos Thiago Assad e Camila Leite, o sacerdote padre Anderson Marsal e a psic\u00f3loga Elaine Ribeiro para falar sobre os desafios do tempo de namoro.<\/p>\n","protected":false},"excerpt":{"rendered":"<p>Tire suas d\u00favidas sobre relacionamento O Dia dos Namorados \u00e9 comemorado, no Brasil, no dia 12 de junho. Conhecido no exterior como Dia de S\u00e3o Valentim, nesta data, \u00e9 celebrada, de forma especial, a uni\u00e3o amorosa entre os casais, sendo&#8230;<\/p>\n","protected":false},"author":4543,"featured_media":0,"comment_status":"open","ping_status":"open","sticky":false,"template":"","format":"standard","meta":{"_mi_skip_tracking":false,"_monsterinsights_sitenote_active":false,"_monsterinsights_sitenote_note":"","_monsterinsights_sitenote_category":0,"footnotes":""},"categories":[32879],"tags":[178148,10471,29791,3811,32917,9761],"_links":{"self":[{"href":"https:\/\/blog.cancaonova.com\/redacao\/wp-json\/wp\/v2\/posts\/16824"}],"collection":[{"href":"https:\/\/blog.cancaonova.com\/redacao\/wp-json\/wp\/v2\/posts"}],"about":[{"href":"https:\/\/blog.cancaonova.com\/redacao\/wp-json\/wp\/v2\/types\/post"}],"author":[{"embeddable":true,"href":"https:\/\/blog.cancaonova.com\/redacao\/wp-json\/wp\/v2\/users\/4543"}],"replies":[{"embeddable":true,"href":"https:\/\/blog.cancaonova.com\/redacao\/wp-json\/wp\/v2\/comments?post=16824"}],"version-history":[{"count":9,"href":"https:\/\/blog.cancaonova.com\/redacao\/wp-json\/wp\/v2\/posts\/16824\/revisions"}],"predecessor-version":[{"id":16845,"href":"https:\/\/blog.cancaonova.com\/redacao\/wp-json\/wp\/v2\/posts\/16824\/revisions\/16845"}],"wp:attachment":[{"href":"https:\/\/blog.cancaonova.com\/redacao\/wp-json\/wp\/v2\/media?parent=16824"}],"wp:term":[{"taxonomy":"category","embeddable":true,"href":"https:\/\/blog.cancaonova.com\/redacao\/wp-json\/wp\/v2\/categories?post=16824"},{"taxonomy":"post_tag","embeddable":true,"href":"https:\/\/blog.cancaonova.com\/redacao\/wp-json\/wp\/v2\/tags?post=16824"}],"curies":[{"name":"wp","href":"https:\/\/api.w.org\/{rel}","templated":true}]}}