{"id":17494,"date":"2013-11-02T06:30:43","date_gmt":"2013-11-02T09:30:43","guid":{"rendered":"http:\/\/blog.cancaonova.com\/redacao\/?p=17494"},"modified":"2013-11-04T10:03:12","modified_gmt":"2013-11-04T13:03:12","slug":"rezemos-pelas-almas","status":"publish","type":"post","link":"https:\/\/blog.cancaonova.com\/redacao\/rezemos-pelas-almas\/","title":{"rendered":"Rezemos pelas almas"},"content":{"rendered":"<p style=\"text-align: justify\"><a rel=\"attachment wp-att-17499\" href=\"http:\/\/blog.cancaonova.com\/redacao\/rezemos-pelas-almas\/370x250-finados\/\"><img loading=\"lazy\" decoding=\"async\" class=\"alignleft size-full wp-image-17499\" style=\"border: 5px solid white;margin: 5px\" src=\"http:\/\/blog.cancaonova.com\/redacao\/files\/2013\/10\/370x250-finados.jpg\" alt=\"\" width=\"370\" height=\"250\" srcset=\"https:\/\/blog.cancaonova.com\/redacao\/files\/2013\/10\/370x250-finados.jpg 370w, https:\/\/blog.cancaonova.com\/redacao\/files\/2013\/10\/370x250-finados-300x202.jpg 300w\" sizes=\"(max-width: 370px) 100vw, 370px\" \/><\/a>Hoje, 2, Dia de Finados, a Igreja  celebra Missas nas par\u00f3quias e cemit\u00e9rios, especialmente em inten\u00e7\u00e3o dos falecidos. Participar desta celebra\u00e7\u00e3o, para n\u00f3s crist\u00e3os, \u00e9 um ato de gratid\u00e3o e f\u00e9, pois \u00e9 o dia em que nos lembramos de nossos entes queridos que est\u00e3o juntos de Deus.<\/p>\n<p style=\"text-align: justify\">Para os que t\u00eam f\u00e9, a morte n\u00e3o \u00e9 o fim da vida, mas o momento que partimos para a vida eterna.  A liturgia nos diz: &#8216;Para os que  creem a vida n\u00e3o \u00e9 tirada, mas  transformada&#8217;.<\/p>\n<p style=\"text-align: justify\">Segundo <a title=\"@PFelipeAquino\" href=\"https:\/\/twitter.com\/PFelipeAquino\" target=\"_blank\"><strong>professor Felipe Aquino<\/strong><\/a>, essa frase \u00e9 muito significativa, pois refor\u00e7a que a vida n\u00e3o termina ap\u00f3s a morte, mas continua de uma outra forma.<\/p>\n<p style=\"text-align: justify\">\u201cDepois da morte, o corpo separa-se da alma. O corpo fica na terra; e a parte espiritual (alma), onde est\u00e1 todo o intelecto &#8211; a vontade, a liberdade, a ci\u00eancia, a capacidade de amar e a mem\u00f3ria &#8211; \u00e9 preservada. Agora, a alma vive sem o corpo, \u00e9 uma vida nova e volta-se para Deus\u201d, explicou professor Felipe.<\/p>\n<p style=\"text-align: justify\">Ou\u00e7a, na \u00edntegra, o <a title=\"Ou\u00e7a outras reportagens\" href=\"http:\/\/podcast.cancaonova.com\/canal.php?id=112\" target=\"_blank\"><strong>podcast da reda\u00e7\u00e3o<\/strong><\/a>:<\/p>\n<p><object id=\"PodPlayerCN\" classid=\"d27cdb6e-ae6d-11cf-96b8-444553540000\" width=\"303\" height=\"54\"><param name=\"flashVars\" value=\"podcast=6080\" \/><param name=\"allowScriptAccess\" value=\"always\" \/><param name=\"src\" value=\"http:\/\/podcast.cancaonova.com\/cn_player.swf?4602\" \/><param name=\"name\" value=\"PodPlayerCN\" \/><param name=\"flashvars\" value=\"podcast=6080\" \/><embed id=\"PodPlayerCN\" type=\"application\/x-shockwave-flash\" width=\"303\" height=\"54\" src=\"http:\/\/podcast.cancaonova.com\/cn_player.swf?4602\" name=\"PodPlayerCN\" allowscriptaccess=\"always\" flashvars=\"podcast=6080\"><\/embed><\/object><!--more [ leia mais &gt;&gt;]--><\/p>\n<p style=\"text-align: justify\">O Catecismo da Igreja Cat\u00f3lica traz uma reflex\u00e3o muito bonita e rica para falar sobre a morte, al\u00e9m  de ser a vis\u00e3o correta e teol\u00f3gica da  Igreja.<\/p>\n<p style=\"text-align: justify\">\u201cEu recomendaria que olh\u00e1ssemos, na primeira parte do Catecismo, o credo que diz: &#8216;Creio na vida eterna&#8217;. Este trecho traz uma vis\u00e3o muito bonita e correta, porque \u00e9 a palavra da Igreja. Penso que \u00e9  a melhor reflex\u00e3o sobre a morte que est\u00e1 no Catecismo. Existem muitos livros sobre isso e v\u00e1rios santos escreveram sobre o assunto, como <a href=\"http:\/\/santo.cancaonova.com\/santo\/santa-teresa-de-avila-santa-teresa-de-jesus\/\" target=\"_blank\"><strong>Santa Teresa<\/strong><\/a>, <a href=\"http:\/\/santo.cancaonova.com\/santo\/santo-afonso-maria-de-ligorio\/\" target=\"_blank\"><strong>Santo Afonso de Lig\u00f3rio<\/strong><\/a>, <a href=\"http:\/\/santo.cancaonova.com\/santo\/santo-agostinho\/\" target=\"_blank\"><strong>Santo Agostinho<\/strong><\/a> e muitos outros, os quais falaram sobre a morte, mostrando exatamente que n\u00f3s tivemos de morrer por causa do pecado original. A natureza humana foi criada sem defeitos por Deus, mas o pecado original se tornou a natureza defeituosa. Assim, o homem passa pela morte e se refez, ou seja, ele adquire uma vida na eternidade que n\u00e3o tem mais as sequelas desta vida terrena de sofrimento, ang\u00fastia e tristeza\u201d, citou o professor.<\/p>\n<p style=\"text-align: justify\">A morte \u00e9 o momento de passagem e de alegria para aquele que tem f\u00e9, pois eles entenderam a beleza do que vem depois da morte.<\/p>\n<p><object classid=\"d27cdb6e-ae6d-11cf-96b8-444553540000\" width=\"370\" height=\"250\"><param name=\"data\" value=\"http:\/\/www.webtvcn.com\/player\/v\/11741174\" \/><param name=\"allowScriptAccess\" value=\"aways\" \/><param name=\"wmode\" value=\"window\" \/><param name=\"loop\" value=\"false\" \/><param name=\"menu\" value=\"true\" \/><param name=\"allowFullScreen\" value=\"true\" \/><param name=\"src\" value=\"http:\/\/www.webtvcn.com\/player\/v\/11741174\" \/><param name=\"quality\" value=\"high\" \/><param name=\"allowfullscreen\" value=\"true\" \/><embed type=\"application\/x-shockwave-flash\" width=\"370\" height=\"250\" src=\"http:\/\/www.webtvcn.com\/player\/v\/11741174\" quality=\"high\" allowfullscreen=\"true\" allowscriptaccess=\"aways\"><\/embed><\/object><\/p>\n<p style=\"text-align: justify\"><em><strong>Saiba mais:<\/strong><\/em> Neste Dia de Finados, a Igreja prop\u00f5e aos cat\u00f3licos que pensem nos mortos, mas com a esperan\u00e7a na Ressurrei\u00e7\u00e3o. Portanto, para os crist\u00e3os que  visitam o cemit\u00e9rio e rezam pelos falecidos, a Igreja concede uma indulg\u00eancia plen\u00e1ria.<\/p>\n<p style=\"text-align: justify\">Na semana das almas, do dia 1\u00ba ao dia  8 de novembro, a Igreja concede <a href=\"http:\/\/www.cancaonova.com\/portal\/canais\/formacao\/internas.php?id=&amp;e=3306\" target=\"_blank\"><strong>Indulg\u00eancia Plen\u00e1ria<\/strong><\/a> para aqueles que j\u00e1 faleceram, ou seja, \u00e9 quando rezamos pela alma de algu\u00e9m. \u00c9 um momento especial que a Igreja coloca para o sufr\u00e1gio da alma (ora\u00e7\u00e3o pelos mortos).<\/p>\n<p style=\"text-align: justify\">\u201cA indulg\u00eancia \u00e9 o cancelamento das penas devidas pelos pecados que n\u00f3s cometemos e que j\u00e1 foram perdoados na confiss\u00e3o. Mas \u00e9 preciso explicar uma coisa: quando se comete um pecado grave, h\u00e1 duas consequ\u00eancias: a culpa e a pena. A culpa \u00e9 aquela ofensa que se faz a Deus e a confiss\u00e3o perdoa. No entanto, ainda fica a chamada &#8216;pena temporal&#8217;, o estrago causado pelo pecado na sua pr\u00f3pria alma, porque voc\u00ea deixou de ser mais santo. Ent\u00e3o, h\u00e1 de querer recuperar isso. Essa pena n\u00f3s cumprimos aqui na terra com ora\u00e7\u00f5es e penit\u00eancias ou no purgat\u00f3rio se a pessoa morrer com elas\u201d, esclarece professor Felipe.<\/p>\n<p style=\"text-align: justify\">Para ganhar essa indulg\u00eancia \u00e9 preciso fazer uma boa confiss\u00e3o, participar da Eucaristia, rezar um Pai-Nosso e uma Ave-Maria e realizar um destes momentos: um ter\u00e7o em fam\u00edlia diante de uma imagem sagrada ou 30 minutos de adora\u00e7\u00e3o do Sant\u00edssimo na Igreja ou fazer a via-sacra na Igreja, seguindo as 14 esta\u00e7\u00f5es ou 30 minutos de leitura meditada da B\u00edblia.<\/p>\n<p style=\"text-align: justify\">\u201cMas que um dia de tristeza, finados \u00e9 um dia de esperan\u00e7a, assim como diz a liturgia: &#8216;Se um dia a lembran\u00e7a da morte nos entristece, a certeza da Ressurrei\u00e7\u00e3o nos alivia e nos consola&#8217;\u201d, disse Aquino.<\/p>\n<p style=\"text-align: justify\"><em><strong>Leia mais:<\/strong><\/em><\/p>\n<p style=\"text-align: justify\"><a href=\"http:\/\/blog.cancaonova.com\/oracao\/2013\/10\/31\/1421\/\" target=\"_blank\"><strong>:: Dia de saudades, esperan\u00e7a e f\u00e9<\/strong><\/a><\/p>\n<p><strong> <\/strong><\/p>\n<p style=\"text-align: justify\"><a href=\"http:\/\/blog.cancaonova.com\/felipeaquino\/2012\/11\/01\/o-que-a-igreja-ensina-sobre-a-morte\/\" target=\"_blank\"><strong>:: Igreja e a morte<\/strong><\/a><\/p>\n<p><strong> <\/strong><\/p>\n<p style=\"text-align: justify\"><a href=\"http:\/\/www.cancaonova.com\/portal\/canais\/formacao\/internas.php?e=11205\" target=\"_blank\"><strong>:: Dia de finados \u2013 hist\u00f3ria e tradi\u00e7\u00e3o na Igreja<\/strong><\/a><\/p>\n<p><strong> <\/strong><\/p>\n<p style=\"text-align: justify\"><a href=\"http:\/\/www.cancaonova.com\/portal\/canais\/formacao\/internas.php?e=12071\" target=\"_blank\"><strong>:: Somente a f\u00e9 \u00e9 capaz de dar um significado para esta data<\/strong><\/a><\/p>\n<p><strong> <\/strong><\/p>\n<p style=\"text-align: justify\"><a href=\"http:\/\/www.cancaonova.com\/portal\/canais\/formacao\/internas.php?e=13351\" target=\"_blank\"><strong>:: Viver o luto<\/strong><\/a><\/p>\n<p><strong> <\/strong><\/p>\n<p style=\"text-align: justify\"><a href=\"http:\/\/www.cancaonova.com\/portal\/canais\/formacao\/internas.php?id=&amp;e=3306\" target=\"_blank\"><strong>:: Indulg\u00eancia &#8211; significado e uso<\/strong><\/a><\/p>\n<p style=\"text-align: justify\"><a href=\"http:\/\/www.cancaonova.com\/portal\/canais\/formacao\/internas.php?e=13350\" target=\"_blank\"><strong>:: O lado de l\u00e1 e o lado de c\u00e1<br \/>\n<\/strong><\/a><\/p>\n","protected":false},"excerpt":{"rendered":"<p>Hoje, 2, Dia de Finados, a Igreja celebra Missas nas par\u00f3quias e cemit\u00e9rios, especialmente em inten\u00e7\u00e3o dos falecidos. Participar desta celebra\u00e7\u00e3o, para n\u00f3s crist\u00e3os, \u00e9 um ato de gratid\u00e3o e f\u00e9, pois \u00e9 o dia em que nos lembramos de&#8230;<\/p>\n","protected":false},"author":4588,"featured_media":0,"comment_status":"open","ping_status":"open","sticky":false,"template":"","format":"standard","meta":{"_mi_skip_tracking":false,"_monsterinsights_sitenote_active":false,"_monsterinsights_sitenote_note":"","_monsterinsights_sitenote_category":0,"footnotes":""},"categories":[81],"tags":[17225,24780,178141,5781,9061,261],"_links":{"self":[{"href":"https:\/\/blog.cancaonova.com\/redacao\/wp-json\/wp\/v2\/posts\/17494"}],"collection":[{"href":"https:\/\/blog.cancaonova.com\/redacao\/wp-json\/wp\/v2\/posts"}],"about":[{"href":"https:\/\/blog.cancaonova.com\/redacao\/wp-json\/wp\/v2\/types\/post"}],"author":[{"embeddable":true,"href":"https:\/\/blog.cancaonova.com\/redacao\/wp-json\/wp\/v2\/users\/4588"}],"replies":[{"embeddable":true,"href":"https:\/\/blog.cancaonova.com\/redacao\/wp-json\/wp\/v2\/comments?post=17494"}],"version-history":[{"count":53,"href":"https:\/\/blog.cancaonova.com\/redacao\/wp-json\/wp\/v2\/posts\/17494\/revisions"}],"predecessor-version":[{"id":17549,"href":"https:\/\/blog.cancaonova.com\/redacao\/wp-json\/wp\/v2\/posts\/17494\/revisions\/17549"}],"wp:attachment":[{"href":"https:\/\/blog.cancaonova.com\/redacao\/wp-json\/wp\/v2\/media?parent=17494"}],"wp:term":[{"taxonomy":"category","embeddable":true,"href":"https:\/\/blog.cancaonova.com\/redacao\/wp-json\/wp\/v2\/categories?post=17494"},{"taxonomy":"post_tag","embeddable":true,"href":"https:\/\/blog.cancaonova.com\/redacao\/wp-json\/wp\/v2\/tags?post=17494"}],"curies":[{"name":"wp","href":"https:\/\/api.w.org\/{rel}","templated":true}]}}