{"id":18871,"date":"2015-04-08T14:06:16","date_gmt":"2015-04-08T17:06:16","guid":{"rendered":"http:\/\/blog.cancaonova.com\/redacao\/?p=18871"},"modified":"2015-04-08T14:06:16","modified_gmt":"2015-04-08T17:06:16","slug":"o-portal-cancao-nova-esta-repleto-de-novidades","status":"publish","type":"post","link":"https:\/\/blog.cancaonova.com\/redacao\/o-portal-cancao-nova-esta-repleto-de-novidades\/","title":{"rendered":"O Portal Can\u00e7\u00e3o Nova est\u00e1 repleto de novidades"},"content":{"rendered":"<div id=\"attachment_18944\" style=\"width: 385px\" class=\"wp-caption alignleft\"><a href=\"http:\/\/blog.cancaonova.com\/redacao\/files\/2015\/04\/Can\u00e7\u00e3o-Nova-lan\u00e7a-novidades-e-atualiza-Portal-na-Internet2.jpg\"><img loading=\"lazy\" decoding=\"async\" aria-describedby=\"caption-attachment-18944\" class=\"wp-image-18944\" src=\"http:\/\/blog.cancaonova.com\/redacao\/files\/2015\/04\/Can\u00e7\u00e3o-Nova-lan\u00e7a-novidades-e-atualiza-Portal-na-Internet2.jpg\" alt=\"Can\u00e7\u00e3o Nova lan\u00e7a novidades e atualiza Portal na Internet\" width=\"375\" height=\"249\" srcset=\"https:\/\/blog.cancaonova.com\/redacao\/files\/2015\/04\/Can\u00e7\u00e3o-Nova-lan\u00e7a-novidades-e-atualiza-Portal-na-Internet2.jpg 404w, https:\/\/blog.cancaonova.com\/redacao\/files\/2015\/04\/Can\u00e7\u00e3o-Nova-lan\u00e7a-novidades-e-atualiza-Portal-na-Internet2-300x199.jpg 300w\" sizes=\"(max-width: 375px) 100vw, 375px\" \/><\/a><p id=\"caption-attachment-18944\" class=\"wp-caption-text\">Foto: Wesley Almeida\/cancaonova.com<\/p><\/div>\n<p><strong>Site re\u00fane not\u00edcias da Igreja e do mundo, ora\u00e7\u00f5es, mensagens de f\u00e9 e esperan\u00e7a, forma\u00e7\u00e3o crist\u00e3 e conte\u00fados exclusivos<\/strong><\/p>\n<p><em>Let\u00edcia Barbosa<\/em><br \/>\n<em> Da Reda\u00e7\u00e3o<\/em><\/p>\n<p>Interatividade e praticidade s\u00e3o algumas das\u00a0novidades\u00a0que o internauta vai encontrar no <a title=\"Veja como ficou o Portal!\" href=\"http:\/\/www.cancaonova.com\/\" target=\"_blank\">Portal Can\u00e7\u00e3o Nova<\/a> a partir desta quarta-feira, 8, com o lan\u00e7amento do novo\u00a0layout.<\/p>\n<p>&nbsp;<\/p>\n<p>Em comemora\u00e7\u00e3o aos 20 anos em que a Comunidade Can\u00e7\u00e3o Nova est\u00e1 presente na internet &#8211; cumprindo sua miss\u00e3o de propagar a Palavra de Deus aos lugares mais distantes &#8211; o Portal Can\u00e7\u00e3o Nova vai exibir um visual atualizado e responsivo.<\/p>\n<p>Na nova vers\u00e3o o usu\u00e1rio vai contar com <strong>muito mais informa\u00e7\u00e3o<\/strong> nos diferentes canais,\u00a0identificados por meio de blocos com cores diferentes, o que facilitar\u00e1 a navega\u00e7\u00e3o e a busca pelo conte\u00fado desejado.<\/p>\n<p>Na capa do\u00a0<strong>cancaonova.com<\/strong>\u00a0estar\u00e3o os canais mais procurados pelos internautas como o de forma\u00e7\u00e3o, liturgia, not\u00edcias, eventos, m\u00fasica, TVCN e R\u00e1dio CN, al\u00e9m da loja virtual e um espa\u00e7o para doa\u00e7\u00e3o online. Ao lado um menu de acesso r\u00e1pido direcionar\u00e1 para os principais canais.<\/p>\n<p><a href=\"http:\/\/blog.cancaonova.com\/redacao\/files\/2015\/04\/home-do-portal.jpg\"><img loading=\"lazy\" decoding=\"async\" class=\"aligncenter size-full wp-image-18963\" src=\"http:\/\/blog.cancaonova.com\/redacao\/files\/2015\/04\/home-do-portal.jpg\" alt=\"home do portal\" width=\"600\" height=\"344\" srcset=\"https:\/\/blog.cancaonova.com\/redacao\/files\/2015\/04\/home-do-portal.jpg 600w, https:\/\/blog.cancaonova.com\/redacao\/files\/2015\/04\/home-do-portal-300x172.jpg 300w\" sizes=\"(max-width: 600px) 100vw, 600px\" \/><\/a><\/p>\n<p>No espa\u00e7o de<strong> liturgia<\/strong>, o internauta poder\u00e1 se atualizar sobre a liturgia do dia e o tempo lit\u00fargico vivido pela Igreja, identificado por meio da cor lit\u00fargica do per\u00edodo em quest\u00e3o. E tamb\u00e9m poder\u00e1 saber qual \u00e9 o santo celebrado no dia e conferir a homilia di\u00e1ria preparada especialmente para os internautas.<\/p>\n<p><a href=\"http:\/\/blog.cancaonova.com\/redacao\/files\/2015\/04\/Liturgia.jpg\"><img loading=\"lazy\" decoding=\"async\" class=\"aligncenter size-full wp-image-18950\" src=\"http:\/\/blog.cancaonova.com\/redacao\/files\/2015\/04\/Liturgia.jpg\" alt=\"Liturgia\" width=\"600\" height=\"218\" srcset=\"https:\/\/blog.cancaonova.com\/redacao\/files\/2015\/04\/Liturgia.jpg 600w, https:\/\/blog.cancaonova.com\/redacao\/files\/2015\/04\/Liturgia-300x109.jpg 300w\" sizes=\"(max-width: 600px) 100vw, 600px\" \/><\/a><\/p>\n<p>As tradicionais<strong> mensagens<\/strong> do fundador da Comunidade Can\u00e7\u00e3o Nova, monsenhor Jonas Abib, e da cofundadora, Luzia Santiago, permanecer\u00e3o na p\u00e1gina inicial do portal. A partir de agora o internauta tamb\u00e9m vai contar com medita\u00e7\u00f5es de f\u00e9 e esperan\u00e7a escritas pelo cofundador da Can\u00e7\u00e3o Nova, Wellington Silva Jardim, conhecido como Eto, que passar\u00e3o a compor o espa\u00e7o dedicado aos fundadores dessa obra de Deus. O mission\u00e1rio Ricardo S\u00e1 continuar\u00e1 com suas reflex\u00f5es di\u00e1rias no canal exclusivo chamado \u201cMensagens\u201d.<\/p>\n<p><a href=\"http:\/\/blog.cancaonova.com\/redacao\/files\/2015\/04\/mensagens.jpg\"><img loading=\"lazy\" decoding=\"async\" class=\"aligncenter size-full wp-image-18951\" src=\"http:\/\/blog.cancaonova.com\/redacao\/files\/2015\/04\/mensagens.jpg\" alt=\"mensagens\" width=\"600\" height=\"84\" srcset=\"https:\/\/blog.cancaonova.com\/redacao\/files\/2015\/04\/mensagens.jpg 600w, https:\/\/blog.cancaonova.com\/redacao\/files\/2015\/04\/mensagens-300x42.jpg 300w\" sizes=\"(max-width: 600px) 100vw, 600px\" \/><\/a><\/p>\n<p>O canal de<strong> forma\u00e7\u00e3o<\/strong> do portal, respons\u00e1vel pelos conte\u00fados voltados para as diferentes situa\u00e7\u00f5es e dimens\u00f5es humanas e espirituais, que at\u00e9 ent\u00e3o disponibilizava tr\u00eas artigos di\u00e1rios em destaque, com o novo\u00a0layout, vai exibir cinco textos. Os internautas tamb\u00e9m v\u00e3o conferir os conte\u00fados dos blogs com maior destaque naquele dia.<\/p>\n<p>&nbsp;<\/p>\n<p><a href=\"http:\/\/blog.cancaonova.com\/redacao\/files\/2015\/04\/Forma\u00e7\u00e3o1.jpg\"><img loading=\"lazy\" decoding=\"async\" class=\"aligncenter size-full wp-image-18971\" src=\"http:\/\/blog.cancaonova.com\/redacao\/files\/2015\/04\/Forma\u00e7\u00e3o1.jpg\" alt=\"Forma\u00e7\u00e3o\" width=\"600\" height=\"361\" srcset=\"https:\/\/blog.cancaonova.com\/redacao\/files\/2015\/04\/Forma\u00e7\u00e3o1.jpg 600w, https:\/\/blog.cancaonova.com\/redacao\/files\/2015\/04\/Forma\u00e7\u00e3o1-300x181.jpg 300w\" sizes=\"(max-width: 600px) 100vw, 600px\" \/><\/a><\/p>\n<p>Voltando-se \u00e0 necessidade de manter o internauta bem informado, o<strong> \u201cCan\u00e7\u00e3o Nova Not\u00edcias\u201d<\/strong> tamb\u00e9m vai ganhar um bloco com mais destaque no espa\u00e7o virtual. O usu\u00e1rio encontrar\u00e1 as sete principais not\u00edcias do dia, atualizadas diariamente com not\u00edcias da Igreja e pautas referentes ao cotidiano, \u00e0 economia, \u00e0 pol\u00edtica, \u00e0 sa\u00fade, \u00e0 cidadania, \u00e0 ci\u00eancia, entre outros.<\/p>\n<p><a href=\"http:\/\/blog.cancaonova.com\/redacao\/files\/2015\/04\/Not\u00edcias1.jpg\"><img loading=\"lazy\" decoding=\"async\" class=\"aligncenter size-full wp-image-18959\" src=\"http:\/\/blog.cancaonova.com\/redacao\/files\/2015\/04\/Not\u00edcias1.jpg\" alt=\"Not\u00edcias\" width=\"600\" height=\"311\" srcset=\"https:\/\/blog.cancaonova.com\/redacao\/files\/2015\/04\/Not\u00edcias1.jpg 600w, https:\/\/blog.cancaonova.com\/redacao\/files\/2015\/04\/Not\u00edcias1-300x156.jpg 300w\" sizes=\"(max-width: 600px) 100vw, 600px\" \/><\/a><\/p>\n<p>J\u00e1 no\u00a0espa\u00e7o de<strong> eventos<\/strong> o internauta poder\u00e1, de maneira r\u00e1pida e objetiva, acessar a agenda e a programa\u00e7\u00e3o dos principais eventos da Can\u00e7\u00e3o Nova. E conferir a cobertura completa destes, com fotos, v\u00eddeos e transcri\u00e7\u00f5es das homilias e prega\u00e7\u00f5es dos encontros promovidos naquele momento ou que j\u00e1 aconteceram na sede da comunidade ou em outros lugares do Brasil.<\/p>\n<p><a href=\"http:\/\/blog.cancaonova.com\/redacao\/files\/2015\/04\/Eventos.jpg\"><img loading=\"lazy\" decoding=\"async\" class=\"aligncenter size-full wp-image-18955\" src=\"http:\/\/blog.cancaonova.com\/redacao\/files\/2015\/04\/Eventos.jpg\" alt=\"Eventos\" width=\"600\" height=\"350\" srcset=\"https:\/\/blog.cancaonova.com\/redacao\/files\/2015\/04\/Eventos.jpg 600w, https:\/\/blog.cancaonova.com\/redacao\/files\/2015\/04\/Eventos-300x175.jpg 300w\" sizes=\"(max-width: 600px) 100vw, 600px\" \/><\/a><\/p>\n<p>A<strong> loja virtual<\/strong> tamb\u00e9m vai continuar presente nessa nova fase apresentando os lan\u00e7amentos e o acervo dos produtos Can\u00e7\u00e3o Nova. Assim, voc\u00ea poder\u00e1 evangelizar junto com a Can\u00e7\u00e3o Nova presenteando seus amigos e familiares com conte\u00fados em favor da f\u00e9, da vida e da fam\u00edlia.<\/p>\n<p><a href=\"http:\/\/blog.cancaonova.com\/redacao\/files\/2015\/04\/Loja-Virtual.jpg\"><img loading=\"lazy\" decoding=\"async\" class=\"aligncenter size-full wp-image-18956\" src=\"http:\/\/blog.cancaonova.com\/redacao\/files\/2015\/04\/Loja-Virtual.jpg\" alt=\"Loja Virtual\" width=\"600\" height=\"141\" srcset=\"https:\/\/blog.cancaonova.com\/redacao\/files\/2015\/04\/Loja-Virtual.jpg 600w, https:\/\/blog.cancaonova.com\/redacao\/files\/2015\/04\/Loja-Virtual-300x71.jpg 300w\" sizes=\"(max-width: 600px) 100vw, 600px\" \/><\/a><\/p>\n<p>A Can\u00e7\u00e3o Nova \u00e9 refer\u00eancia para o m\u00fasico cat\u00f3lico, por isso o\u00a0<strong>canal de<\/strong>\u00a0<strong>m\u00fasica<\/strong> possui uma forte identidade visual e muito conte\u00fado relevante para a forma\u00e7\u00e3o t\u00e9cnica e espiritual e o crescimento dos ministros de m\u00fasica e musicistas. A p\u00e1gina conta com m\u00fasicos cat\u00f3licos como colunistas e traz informa\u00e7\u00f5es sobre shows, lan\u00e7amentos, forma\u00e7\u00e3o t\u00e9cnica e espiritual. Com destaque para o espa\u00e7o lit\u00fargico, que vai exibir artigos espec\u00edficos sobre as can\u00e7\u00f5es apropriadas para a celebra\u00e7\u00e3o da Santa Missa, salmos dominicais e repert\u00f3rio para os diferentes tempos lit\u00fargicos da Igreja.<\/p>\n<p><a href=\"http:\/\/blog.cancaonova.com\/redacao\/files\/2015\/04\/M\u00fasica.jpg\"><img loading=\"lazy\" decoding=\"async\" class=\"aligncenter size-full wp-image-18957\" src=\"http:\/\/blog.cancaonova.com\/redacao\/files\/2015\/04\/M\u00fasica.jpg\" alt=\"M\u00fasica\" width=\"600\" height=\"177\" srcset=\"https:\/\/blog.cancaonova.com\/redacao\/files\/2015\/04\/M\u00fasica.jpg 600w, https:\/\/blog.cancaonova.com\/redacao\/files\/2015\/04\/M\u00fasica-300x89.jpg 300w\" sizes=\"(max-width: 600px) 100vw, 600px\" \/><\/a><\/p>\n<p>A <strong>R\u00e1dio Can\u00e7\u00e3o Nova<\/strong> tamb\u00e9m vai ganhar um espa\u00e7o atualizado na p\u00e1gina principal do portal com a exibi\u00e7\u00e3o de sua programa\u00e7\u00e3o e os principais destaques das frequ\u00eancias AM e FM.<\/p>\n<p><a href=\"http:\/\/blog.cancaonova.com\/redacao\/files\/2015\/04\/R\u00e1dio.jpg\"><img loading=\"lazy\" decoding=\"async\" class=\"aligncenter size-full wp-image-18960\" src=\"http:\/\/blog.cancaonova.com\/redacao\/files\/2015\/04\/R\u00e1dio.jpg\" alt=\"R\u00e1dio\" width=\"600\" height=\"187\" srcset=\"https:\/\/blog.cancaonova.com\/redacao\/files\/2015\/04\/R\u00e1dio.jpg 600w, https:\/\/blog.cancaonova.com\/redacao\/files\/2015\/04\/R\u00e1dio-300x94.jpg 300w\" sizes=\"(max-width: 600px) 100vw, 600px\" \/><\/a><\/p>\n<p>Uma \u00e1rea tamb\u00e9m ser\u00e1 dedicada ao canal de <strong>multim\u00eddia<\/strong> da Can\u00e7\u00e3o Nova com o Play e o podcast. Nesse espa\u00e7o ser\u00e3o exibidos diversos v\u00eddeos e Podcasts sobre assuntos referentes ao cotidiano, ao relacionamento, \u00e0 tecnologia, \u00e0 espiritualidade, entre outros.<\/p>\n<p><a href=\"http:\/\/blog.cancaonova.com\/redacao\/files\/2015\/04\/multim\u00eddia1.jpg\"><img loading=\"lazy\" decoding=\"async\" class=\"aligncenter size-full wp-image-18966\" src=\"http:\/\/blog.cancaonova.com\/redacao\/files\/2015\/04\/multim\u00eddia1.jpg\" alt=\"multim\u00eddia\" width=\"600\" height=\"244\" srcset=\"https:\/\/blog.cancaonova.com\/redacao\/files\/2015\/04\/multim\u00eddia1.jpg 600w, https:\/\/blog.cancaonova.com\/redacao\/files\/2015\/04\/multim\u00eddia1-300x122.jpg 300w\" sizes=\"(max-width: 600px) 100vw, 600px\" \/><\/a><\/p>\n<p>A <strong>TV Can\u00e7\u00e3o Nova<\/strong> n\u00e3o ficou de fora e tamb\u00e9m ter\u00e1 maior destaque na\u00a0home\u00a0do portal. O internauta poder\u00e1 acessar de forma r\u00e1pida e f\u00e1cil o site da emissora e conferir os eventos e programas que s\u00e3o destaques na programa\u00e7\u00e3o.<\/p>\n<p><a href=\"http:\/\/blog.cancaonova.com\/redacao\/files\/2015\/04\/TV.jpg\"><img loading=\"lazy\" decoding=\"async\" class=\"aligncenter size-full wp-image-18964\" src=\"http:\/\/blog.cancaonova.com\/redacao\/files\/2015\/04\/TV.jpg\" alt=\"TV\" width=\"600\" height=\"226\" srcset=\"https:\/\/blog.cancaonova.com\/redacao\/files\/2015\/04\/TV.jpg 600w, https:\/\/blog.cancaonova.com\/redacao\/files\/2015\/04\/TV-300x113.jpg 300w\" sizes=\"(max-width: 600px) 100vw, 600px\" \/><\/a><\/p>\n<p>A disposi\u00e7\u00e3o das informa\u00e7\u00f5es foram pensadas para levar at\u00e9 voc\u00ea conte\u00fado de qualidade de forma r\u00e1pida e f\u00e1cil. N\u00e3o deixe de espalhar a novidade do portal a todos!<\/p>\n","protected":false},"excerpt":{"rendered":"<p>Site re\u00fane not\u00edcias da Igreja e do mundo, ora\u00e7\u00f5es, mensagens de f\u00e9 e esperan\u00e7a, forma\u00e7\u00e3o crist\u00e3 e conte\u00fados exclusivos Let\u00edcia Barbosa Da Reda\u00e7\u00e3o Interatividade e praticidade s\u00e3o algumas das\u00a0novidades\u00a0que o internauta vai encontrar no Portal Can\u00e7\u00e3o Nova a partir desta&#8230;<\/p>\n","protected":false},"author":4683,"featured_media":0,"comment_status":"open","ping_status":"open","sticky":false,"template":"","format":"standard","meta":{"_mi_skip_tracking":false,"_monsterinsights_sitenote_active":false,"_monsterinsights_sitenote_note":"","_monsterinsights_sitenote_category":0,"footnotes":""},"categories":[178135],"tags":[],"_links":{"self":[{"href":"https:\/\/blog.cancaonova.com\/redacao\/wp-json\/wp\/v2\/posts\/18871"}],"collection":[{"href":"https:\/\/blog.cancaonova.com\/redacao\/wp-json\/wp\/v2\/posts"}],"about":[{"href":"https:\/\/blog.cancaonova.com\/redacao\/wp-json\/wp\/v2\/types\/post"}],"author":[{"embeddable":true,"href":"https:\/\/blog.cancaonova.com\/redacao\/wp-json\/wp\/v2\/users\/4683"}],"replies":[{"embeddable":true,"href":"https:\/\/blog.cancaonova.com\/redacao\/wp-json\/wp\/v2\/comments?post=18871"}],"version-history":[{"count":56,"href":"https:\/\/blog.cancaonova.com\/redacao\/wp-json\/wp\/v2\/posts\/18871\/revisions"}],"predecessor-version":[{"id":18983,"href":"https:\/\/blog.cancaonova.com\/redacao\/wp-json\/wp\/v2\/posts\/18871\/revisions\/18983"}],"wp:attachment":[{"href":"https:\/\/blog.cancaonova.com\/redacao\/wp-json\/wp\/v2\/media?parent=18871"}],"wp:term":[{"taxonomy":"category","embeddable":true,"href":"https:\/\/blog.cancaonova.com\/redacao\/wp-json\/wp\/v2\/categories?post=18871"},{"taxonomy":"post_tag","embeddable":true,"href":"https:\/\/blog.cancaonova.com\/redacao\/wp-json\/wp\/v2\/tags?post=18871"}],"curies":[{"name":"wp","href":"https:\/\/api.w.org\/{rel}","templated":true}]}}