{"id":19030,"date":"2015-04-17T08:00:50","date_gmt":"2015-04-17T11:00:50","guid":{"rendered":"http:\/\/blog.cancaonova.com\/redacao\/?p=19030"},"modified":"2015-04-16T16:55:31","modified_gmt":"2015-04-16T19:55:31","slug":"internautas-aprovam-a-nova-home-do-portal-cancao-nova","status":"publish","type":"post","link":"https:\/\/blog.cancaonova.com\/redacao\/internautas-aprovam-a-nova-home-do-portal-cancao-nova\/","title":{"rendered":"Internautas aprovam a nova home do Portal Can\u00e7\u00e3o Nova"},"content":{"rendered":"<p><a href=\"http:\/\/blog.cancaonova.com\/redacao\/files\/2015\/04\/Internautas-aprovam-a-nova-home-do-Portal-Can\u00e7\u00e3o-Nova.jpg\"><img loading=\"lazy\" decoding=\"async\" class=\"alignleft size-full wp-image-19058\" src=\"http:\/\/blog.cancaonova.com\/redacao\/files\/2015\/04\/Internautas-aprovam-a-nova-home-do-Portal-Can\u00e7\u00e3o-Nova.jpg\" alt=\"Internautas aprovam a nova home do Portal Can\u00e7\u00e3o Nova\" width=\"358\" height=\"243\" srcset=\"https:\/\/blog.cancaonova.com\/redacao\/files\/2015\/04\/Internautas-aprovam-a-nova-home-do-Portal-Can\u00e7\u00e3o-Nova.jpg 358w, https:\/\/blog.cancaonova.com\/redacao\/files\/2015\/04\/Internautas-aprovam-a-nova-home-do-Portal-Can\u00e7\u00e3o-Nova-300x204.jpg 300w\" sizes=\"(max-width: 358px) 100vw, 358px\" \/><\/a><\/p>\n<p><strong>Desde o dia do lan\u00e7amento da nova vers\u00e3o do portal, os internautas t\u00eam enviado mensagens \u00e0 equipe do canal cumprimentando-a pelo trabalho<\/strong><\/p>\n<p><em>Let\u00edcia Barbosa<\/em><br \/>\n<em> Da Reda\u00e7\u00e3o<\/em><\/p>\n<p>H\u00e1 mais de uma semana a <em>home<\/em> do Portal Can\u00e7\u00e3o Nova ganhou novas ferramentas e seu <em>layou<\/em>t foi totalmente reformulado, inova\u00e7\u00f5es que surpreenderam e agradaram aos internautas. Com a atualiza\u00e7\u00e3o, a p\u00e1gina principal passou a ter muito mais recursos audiovisuais e a exibir mais informa\u00e7\u00e3o em um ambiente de f\u00e1cil navega\u00e7\u00e3o e responsivo.<\/p>\n<p>Desde\u00a0o dia 8 de abril, data do lan\u00e7amento do novo <em>layout<\/em>, os internautas t\u00eam enviado mensagens parabenizando a equipe respons\u00e1vel pela cria\u00e7\u00e3o e execu\u00e7\u00e3o do projeto da nova vers\u00e3o do<a title=\"Acesse o portal!\" href=\"http:\/\/www.cancaonova.com\/\" target=\"_blank\"><strong> cancaonova.com<\/strong>.<\/a><\/p>\n<p>Selecionamos tr\u00eas das muitas mensagens\u00a0enviadas por eles. Confira:<\/p>\n<blockquote><p><em>&#8220;Acesso o site da Can\u00e7\u00e3o Nova diariamente.<\/em><br \/>\n<em> Estou mandando essa mensagem para dizer que ficou muito legal o novo portal.<\/em><br \/>\n<em> Parab\u00e9ns a toda equipe!&#8221; (<\/em><strong>Douglas Sobrinho)<\/strong><\/p><\/blockquote>\n<blockquote><p><em>&#8220;N\u00e3o encontrei no site um local para parabenizar quem desenvolveu a<\/em><br \/>\n<em> nova estrutura do site da CN. Excelente! Sem palavras! Deus aben\u00e7oe<\/em><br \/>\n<em> voc\u00ea! (&#8230;)\u00a0Mas est\u00e3o de parab\u00e9ns! Maravilhoso! Espl\u00eandido! Parab\u00e9ns!&#8221; \u00a0(<\/em><strong>Priscila Borges)<\/strong><\/p><\/blockquote>\n<blockquote>\n<p style=\"text-align: left\"><em>&#8220;Can\u00e7\u00e3o Nova, gostaria apenas de parabeniz\u00e1-los pelo novo portal.\u00a0<\/em><em>Ficou lindo!\u00a0<\/em><em>Sempre compare\u00e7o ao site da CN em busca de textos de forma\u00e7\u00e3o, ora\u00e7\u00e3o, espiritualidade e autoconhecimento para trabalhar no Grupo\u00a0<\/em><em>Jovem \u00c1gape em Recife (PE), do qual fa\u00e7o parte. E posso dizer com toda\u00a0<\/em><em>certeza que entrar aqui todos os dias \u00e9 encontrar a vontade de Deus\u00a0<\/em><em>para a minha vida e as revela\u00e7\u00f5es de Deus para tantas coisas.\u00a0<\/em><em>Obrigado! Que Deus continue atraindo e seduzindo muitos cora\u00e7\u00f5es atrav\u00e9s desse\u00a0<\/em><em>trabalho que voc\u00eas fazem.\u00a0<\/em><em>Deus os aben\u00e7oe e Nossa Senhora os guie&#8221; (<\/em><strong>Diogo Leandro)<\/strong><\/p>\n<\/blockquote>\n<p>Assim como Douglas, Priscila e Diogo voc\u00ea tamb\u00e9m pode fazer parte da hist\u00f3ria da Can\u00e7\u00e3o Nova na internet. Contamos com voc\u00ea para que a Palavra de Deus seja conhecida e propagada a todos.<\/p>\n","protected":false},"excerpt":{"rendered":"<p>Desde o dia do lan\u00e7amento da nova vers\u00e3o do portal, os internautas t\u00eam enviado mensagens \u00e0 equipe do canal cumprimentando-a pelo trabalho Let\u00edcia Barbosa Da Reda\u00e7\u00e3o H\u00e1 mais de uma semana a home do Portal Can\u00e7\u00e3o Nova ganhou novas ferramentas&#8230;<\/p>\n","protected":false},"author":4683,"featured_media":0,"comment_status":"open","ping_status":"open","sticky":false,"template":"","format":"standard","meta":{"_mi_skip_tracking":false,"_monsterinsights_sitenote_active":false,"_monsterinsights_sitenote_note":"","_monsterinsights_sitenote_category":0,"footnotes":""},"categories":[178135],"tags":[],"_links":{"self":[{"href":"https:\/\/blog.cancaonova.com\/redacao\/wp-json\/wp\/v2\/posts\/19030"}],"collection":[{"href":"https:\/\/blog.cancaonova.com\/redacao\/wp-json\/wp\/v2\/posts"}],"about":[{"href":"https:\/\/blog.cancaonova.com\/redacao\/wp-json\/wp\/v2\/types\/post"}],"author":[{"embeddable":true,"href":"https:\/\/blog.cancaonova.com\/redacao\/wp-json\/wp\/v2\/users\/4683"}],"replies":[{"embeddable":true,"href":"https:\/\/blog.cancaonova.com\/redacao\/wp-json\/wp\/v2\/comments?post=19030"}],"version-history":[{"count":25,"href":"https:\/\/blog.cancaonova.com\/redacao\/wp-json\/wp\/v2\/posts\/19030\/revisions"}],"predecessor-version":[{"id":19056,"href":"https:\/\/blog.cancaonova.com\/redacao\/wp-json\/wp\/v2\/posts\/19030\/revisions\/19056"}],"wp:attachment":[{"href":"https:\/\/blog.cancaonova.com\/redacao\/wp-json\/wp\/v2\/media?parent=19030"}],"wp:term":[{"taxonomy":"category","embeddable":true,"href":"https:\/\/blog.cancaonova.com\/redacao\/wp-json\/wp\/v2\/categories?post=19030"},{"taxonomy":"post_tag","embeddable":true,"href":"https:\/\/blog.cancaonova.com\/redacao\/wp-json\/wp\/v2\/tags?post=19030"}],"curies":[{"name":"wp","href":"https:\/\/api.w.org\/{rel}","templated":true}]}}