{"id":20216,"date":"2021-06-10T10:11:59","date_gmt":"2021-06-10T13:11:59","guid":{"rendered":"http:\/\/blog.cancaonova.com\/redacao\/?p=20216"},"modified":"2021-06-11T10:22:18","modified_gmt":"2021-06-11T13:22:18","slug":"campanha-7-jornadas-de-oracao-24-horas-de-oracao","status":"publish","type":"post","link":"https:\/\/blog.cancaonova.com\/redacao\/campanha-7-jornadas-de-oracao-24-horas-de-oracao\/","title":{"rendered":"Campanha \u201c7 Jornadas de Ora\u00e7\u00e3o\u201d: 24 horas de ora\u00e7\u00e3o"},"content":{"rendered":"<p>O Sistema Can\u00e7\u00e3o Nova de Comunica\u00e7\u00e3o promove a campanha \u201c7 Jornadas de Ora\u00e7\u00e3o\u201d com o tema \u201cUm s\u00f3 cora\u00e7\u00e3o e uma s\u00f3 alma\u201d (At 4,32) durante todo o ano de 2021.<\/p>\n<p>A primeira edi\u00e7\u00e3o deste dia dedicado \u00e0 ora\u00e7\u00e3o acontecer\u00e1 nesta ter\u00e7a-feira, 15 de junho, pelo meios de comunica\u00e7\u00e3o da Can\u00e7\u00e3o Nova (TV, R\u00e1dio e Internet). As demais edi\u00e7\u00f5es acontecer\u00e3o todas as terceiras ter\u00e7as-feiras de cada m\u00eas at\u00e9 dezembro.<\/p>\n<p><img loading=\"lazy\" decoding=\"async\" class=\"size-large wp-image-20218 aligncenter\" src=\"http:\/\/blog.cancaonova.com\/redacao\/files\/2021\/06\/Campanha-\u201c7-Jornadas-de-Ora\u00e7\u00e3o\u201d-24-horas-de-ora\u00e7\u00e3o-_-600x300.png\" alt=\"\" width=\"600\" height=\"300\" srcset=\"https:\/\/blog.cancaonova.com\/redacao\/files\/2021\/06\/Campanha-\u201c7-Jornadas-de-Ora\u00e7\u00e3o\u201d-24-horas-de-ora\u00e7\u00e3o-_-600x300.png 600w, https:\/\/blog.cancaonova.com\/redacao\/files\/2021\/06\/Campanha-\u201c7-Jornadas-de-Ora\u00e7\u00e3o\u201d-24-horas-de-ora\u00e7\u00e3o-_-300x150.png 300w, https:\/\/blog.cancaonova.com\/redacao\/files\/2021\/06\/Campanha-\u201c7-Jornadas-de-Ora\u00e7\u00e3o\u201d-24-horas-de-ora\u00e7\u00e3o-_-768x384.png 768w, https:\/\/blog.cancaonova.com\/redacao\/files\/2021\/06\/Campanha-\u201c7-Jornadas-de-Ora\u00e7\u00e3o\u201d-24-horas-de-ora\u00e7\u00e3o-_-150x75.png 150w, https:\/\/blog.cancaonova.com\/redacao\/files\/2021\/06\/Campanha-\u201c7-Jornadas-de-Ora\u00e7\u00e3o\u201d-24-horas-de-ora\u00e7\u00e3o-_.png 800w\" sizes=\"(max-width: 600px) 100vw, 600px\" \/><\/p>\n<p>O sistema preparou um dia diferente em toda a sua programa\u00e7\u00e3o, ou seja, as pessoas poder\u00e3o acompanhar 24 horas de momentos de ora\u00e7\u00e3o, prega\u00e7\u00e3o, santa missa e adora\u00e7\u00e3o ao Sant\u00edssimo Sacramento atrav\u00e9s de cada um dos meios de comunica\u00e7\u00e3o.<\/p>\n<p>Junte-se a n\u00f3s nessa jornada de ora\u00e7\u00e3o e convide outros para que tenham sua f\u00e9 em Deus restabelecida.<\/p>\n<h2>Por que precisamos da Jornada de Ora\u00e7\u00e3o?<\/h2>\n<p>Estamos enfrentando tribula\u00e7\u00f5es intensas, desafiados na f\u00e9, na esperan\u00e7a e no amor. Contudo, sabemos que n\u00e3o podemos esmorecer na confian\u00e7a em Deus, que nunca nos abandona e n\u00e3o se faz alheio \u00e0s nossas ora\u00e7\u00f5es, \u00e0s nossas dores e ao nosso clamor por Sua miseric\u00f3rdia.<\/p>\n<p>A Campanha \u20187 Jornadas de Ora\u00e7\u00e3o\u2019 ser\u00e1 a oportunidade para que elevemos ao Senhor nosso clamor e sejamos fortaleza uns para os outros atrav\u00e9s da intercess\u00e3o. \u00c9 momento de nos unirmos e n\u00e3o sermos alheios ao sofrimento de tantas pessoas. Sofreremos juntos, mas tamb\u00e9m venceremos juntos. Esse \u00e9 o nosso sustento: todos os nossos cora\u00e7\u00f5es juntos e ligados ao cora\u00e7\u00e3o de Deus.<\/p>\n<p>O Sistema Can\u00e7\u00e3o Nova de Comunica\u00e7\u00e3o quer ser esse instrumento de Deus para uni\u00e3o, suporte e cuidado com todo o Povo de Deus. Proporcionando esperan\u00e7a e f\u00e9 para toda a Comunidade Can\u00e7\u00e3o Nova, aos nossos colaboradores, s\u00f3cios, amigos e todos aqueles que recorrem a nossa voz comunicadora para vencermos essas lutas.<\/p>\n","protected":false},"excerpt":{"rendered":"<p>O Sistema Can\u00e7\u00e3o Nova de Comunica\u00e7\u00e3o promove a campanha \u201c7 Jornadas de Ora\u00e7\u00e3o\u201d com o tema \u201cUm s\u00f3 cora\u00e7\u00e3o e uma s\u00f3 alma\u201d (At 4,32) durante todo o ano de 2021. A primeira edi\u00e7\u00e3o deste dia dedicado \u00e0 ora\u00e7\u00e3o acontecer\u00e1&#8230;<\/p>\n","protected":false},"author":4588,"featured_media":20220,"comment_status":"open","ping_status":"open","sticky":false,"template":"","format":"standard","meta":{"_mi_skip_tracking":false,"_monsterinsights_sitenote_active":false,"_monsterinsights_sitenote_note":"","_monsterinsights_sitenote_category":0,"footnotes":""},"categories":[1351],"tags":[17911,261,16908,124603],"_links":{"self":[{"href":"https:\/\/blog.cancaonova.com\/redacao\/wp-json\/wp\/v2\/posts\/20216"}],"collection":[{"href":"https:\/\/blog.cancaonova.com\/redacao\/wp-json\/wp\/v2\/posts"}],"about":[{"href":"https:\/\/blog.cancaonova.com\/redacao\/wp-json\/wp\/v2\/types\/post"}],"author":[{"embeddable":true,"href":"https:\/\/blog.cancaonova.com\/redacao\/wp-json\/wp\/v2\/users\/4588"}],"replies":[{"embeddable":true,"href":"https:\/\/blog.cancaonova.com\/redacao\/wp-json\/wp\/v2\/comments?post=20216"}],"version-history":[{"count":6,"href":"https:\/\/blog.cancaonova.com\/redacao\/wp-json\/wp\/v2\/posts\/20216\/revisions"}],"predecessor-version":[{"id":20225,"href":"https:\/\/blog.cancaonova.com\/redacao\/wp-json\/wp\/v2\/posts\/20216\/revisions\/20225"}],"wp:featuredmedia":[{"embeddable":true,"href":"https:\/\/blog.cancaonova.com\/redacao\/wp-json\/wp\/v2\/media\/20220"}],"wp:attachment":[{"href":"https:\/\/blog.cancaonova.com\/redacao\/wp-json\/wp\/v2\/media?parent=20216"}],"wp:term":[{"taxonomy":"category","embeddable":true,"href":"https:\/\/blog.cancaonova.com\/redacao\/wp-json\/wp\/v2\/categories?post=20216"},{"taxonomy":"post_tag","embeddable":true,"href":"https:\/\/blog.cancaonova.com\/redacao\/wp-json\/wp\/v2\/tags?post=20216"}],"curies":[{"name":"wp","href":"https:\/\/api.w.org\/{rel}","templated":true}]}}