{"id":4160,"date":"2009-03-20T14:52:26","date_gmt":"2009-03-20T17:52:26","guid":{"rendered":"http:\/\/blog.cancaonova.com\/redacao\/?p=4160"},"modified":"2009-03-20T14:52:26","modified_gmt":"2009-03-20T17:52:26","slug":"a-santidade-e-para-privilegiados","status":"publish","type":"post","link":"https:\/\/blog.cancaonova.com\/redacao\/a-santidade-e-para-privilegiados\/","title":{"rendered":"A santidade \u00e9 para privilegiados?"},"content":{"rendered":"<p style=\"text-align: justify\">O cancaonova.com traz para voc\u00ea mais um programa especial com o Prefeito Em\u00e9rito da Congrega\u00e7\u00e3o para as Causas dos Santos, Cardeal Jos\u00e9 Saraiva Martins, a fim de esclarecer todas as suas d\u00favidas sobre a vida  dos servos de Deus que viveram de forma heroica as virtudes crist\u00e3s.<\/p>\n<p style=\"text-align: center\"><object width=\"480\" height=\"385\" type=\"application\/x-shockwave-flash\" data=\"http:\/\/webtvcn.com\/player\/v\/109758\" ><param name=\"movie\" value=\"http:\/\/webtvcn.com\/player\/v\/109758\" \/><param name=\"allowScriptAccess\" value=\"aways\" \/><param name=\"wmode\" value=\"window\" \/><param name=\"loop\" value=\"false\" \/><param name=\"menu\" value=\"true\" \/><param name=\"allowFullScreen\" value=\"true\" \/><\/object>\n<\/p>\n<p style=\"text-align: justify\">A santidade n\u00e3o \u00e9 para privilegiados. <strong>A chamada \u00e0 santidade \u00e9 universal, porque se dirige a todos os homens e a todas as mulheres sem exce\u00e7\u00e3o. <\/strong>Isso significa que n\u00e3o se destina apenas aos fi\u00e9is que se encontram em determinado estado de vida, como \u00e9 o caso dos religiosos ou dos sacerdotes, mas a cada pessoa no estado e na situa\u00e7\u00e3o em que vive. Jo\u00e3o Paulo II foi claro e categ\u00f3rico sobre o assunto. Ele assinalou a santidade de todos como um dos pontos fundamentais para a pastoral da Igreja do terceiro mil\u00eanio. O Papa Wojtyla indicou ainda a via que cada tem de percorrer para atingir a santidade: o cumprimento fiel dos deveres familiares, profissionais e sociais, ou seja, viver em plenitude, dia ap\u00f3s dia e at\u00e9 \u00e0s \u00faltimas consequ\u00eancias, as in\u00fameras situa\u00e7\u00f5es, muitas vezes, aparentemente irrelevantes, da vida ordin\u00e1ria. \u00c9 verdade que a santidade requer o hero\u00edsmo na pr\u00e1tica das virtudes: tamb\u00e9m \u00e9 ineg\u00e1vel que a perseveran\u00e7a fiel nos deveres cotidianos pode ser mais heroica do que os feitos, por vezes puramente imagin\u00e1rios, em que alguns pretendem ver a santidade. Uma pastoral voltada para o chamamento \u00e0 santidade dever\u00e1, pois, ter como meta irrevog\u00e1vel ajudar todos os fi\u00e9is a descobrir a grandeza da vida ordin\u00e1ria, na qual justamente Deus nos quer santos.<\/p>\n<p style=\"text-align: justify\">Entendo que hoje \u00e9 particularmente importante redescobrir a fam\u00edlia, o trabalho profissional e a responsabilidade pelo bem comum da sociedade como \u00e2mbitos concretos nos quais e atrav\u00e9s dos quais se realiza a voca\u00e7\u00e3o para a santidade da maioria dos crist\u00e3os. Quem regressa a casa \u00e0 noite, cansado do trabalho, cheio de satisfa\u00e7\u00f5es ou de contrariedades, pode ter a tenta\u00e7\u00e3o de ligar a televis\u00e3o e se isolar do mundo que o rodeia: mas ele sabe que, precisamente nesse momento, come\u00e7a a parte mais importante da sua jornada, o estar em fam\u00edlia, partilhar alegrias e dificuldades, o interesse por aquilo que aconteceu aos outros membros da fam\u00edlia, a ajuda nos trabalhos dom\u00e9sticos ou nos trabalhos escolares. N\u00e3o tenho d\u00favidas em considerar heroica a perseveran\u00e7a nessa alegre d\u00e1diva de si por amor de Deus e por amor da pr\u00f3pria fam\u00edlia.<\/p>\n<p style=\"text-align: justify\">\u00c9 asfixiante a busca da santidade concebida nestes termos? N\u00e3o, de modo nenhum. O santo atinge o cerne da liberdade, exala felicidade por todos os poros e cria \u00e0 sua volta um ambiente de serenidade e de paz. N\u00e3o h\u00e1 santos de m\u00e1 cara, porque assim n\u00e3o seriam sen\u00e3o uma caricatura da verdadeira santidade. A santidade, por sua pr\u00f3pria natureza, \u00e9 feliz \u2013 porque mais n\u00e3o \u00e9 do que a experi\u00eancia vivida, em todo o seu radicalismo, do feliz an\u00fancio do Reino.<\/p>\n<p style=\"text-align: justify\">(Trecho extra\u00eddo do livro \u201cComo se faz um santo\u201d, p.16-18, de Cardeal Saraiva Martins)<\/p>\n<p align=\"justify\"><strong>Sobre o Cardeal<\/strong><\/p>\n<p align=\"justify\">Jos\u00e9 Saraiva Martins nasceu a 6 de janeiro de 1932 em Gagos de Jarmelo, Portugal. Tendo entrado ainda jovem para a Congrega\u00e7\u00e3o dos Mission\u00e1rios Filhos do Cora\u00e7\u00e3o Imaculado de Maria, foi ordenado sacerdote a 16 de mar\u00e7o de 1975. Docente de Teologia e Reitor da Pontif\u00edcia Universidade Urbaniana, durante o per\u00edodo da sua atividade acad\u00eamica publicou vasta e not\u00f3ria obra de Teologia. Em 1988 foi nomeado arcebispo secret\u00e1rio da Congrega\u00e7\u00e3o para a Educa\u00e7\u00e3o Cat\u00f3lica. Foi de 30 de maio de 1998 at\u00e9 9 de julho de 2008 Prefeito da Congrega\u00e7\u00e3o para as Causas dos Santos. Elevado a cardeal pelo Papa Jo\u00e3o Paulo II em 21 de fevereiro de 2001, foi-lhe atribu\u00eddo o t\u00edtulo da bas\u00edlica de Nossa Senhora do Sagrado Cora\u00e7\u00e3o.<\/p>\n<p style=\"text-align: justify\">\n","protected":false},"excerpt":{"rendered":"<p>O cancaonova.com traz para voc\u00ea mais um programa especial com o Prefeito Em\u00e9rito da Congrega\u00e7\u00e3o para as Causas dos Santos, Cardeal Jos\u00e9 Saraiva Martins, a fim de esclarecer todas as suas d\u00favidas sobre a vida dos servos de Deus que&#8230;<\/p>\n","protected":false},"author":1051,"featured_media":0,"comment_status":"open","ping_status":"open","sticky":false,"template":"","format":"standard","meta":{"_mi_skip_tracking":false,"_monsterinsights_sitenote_active":false,"_monsterinsights_sitenote_note":"","_monsterinsights_sitenote_category":0,"footnotes":""},"categories":[3201],"tags":[6351,17384,7931,7761,17385],"_links":{"self":[{"href":"https:\/\/blog.cancaonova.com\/redacao\/wp-json\/wp\/v2\/posts\/4160"}],"collection":[{"href":"https:\/\/blog.cancaonova.com\/redacao\/wp-json\/wp\/v2\/posts"}],"about":[{"href":"https:\/\/blog.cancaonova.com\/redacao\/wp-json\/wp\/v2\/types\/post"}],"author":[{"embeddable":true,"href":"https:\/\/blog.cancaonova.com\/redacao\/wp-json\/wp\/v2\/users\/1051"}],"replies":[{"embeddable":true,"href":"https:\/\/blog.cancaonova.com\/redacao\/wp-json\/wp\/v2\/comments?post=4160"}],"version-history":[{"count":8,"href":"https:\/\/blog.cancaonova.com\/redacao\/wp-json\/wp\/v2\/posts\/4160\/revisions"}],"predecessor-version":[{"id":4224,"href":"https:\/\/blog.cancaonova.com\/redacao\/wp-json\/wp\/v2\/posts\/4160\/revisions\/4224"}],"wp:attachment":[{"href":"https:\/\/blog.cancaonova.com\/redacao\/wp-json\/wp\/v2\/media?parent=4160"}],"wp:term":[{"taxonomy":"category","embeddable":true,"href":"https:\/\/blog.cancaonova.com\/redacao\/wp-json\/wp\/v2\/categories?post=4160"},{"taxonomy":"post_tag","embeddable":true,"href":"https:\/\/blog.cancaonova.com\/redacao\/wp-json\/wp\/v2\/tags?post=4160"}],"curies":[{"name":"wp","href":"https:\/\/api.w.org\/{rel}","templated":true}]}}