{"id":4225,"date":"2009-04-17T12:13:27","date_gmt":"2009-04-17T15:13:27","guid":{"rendered":"http:\/\/blog.cancaonova.com\/redacao\/?p=4225"},"modified":"2009-04-17T12:15:38","modified_gmt":"2009-04-17T15:15:38","slug":"a-santidade-esta-acima-de-tempo-e-da-historia","status":"publish","type":"post","link":"https:\/\/blog.cancaonova.com\/redacao\/a-santidade-esta-acima-de-tempo-e-da-historia\/","title":{"rendered":"A santidade est\u00e1 acima do tempo e da hist\u00f3ria"},"content":{"rendered":"<p style=\"text-align: justify\">A santidade \u00e9 a mesma ontem, hoje e sempre. \u00c9 <strong><a href=\"http:\/\/wiki.cancaonova.com\/index.php\/Santos\" target=\"_blank\">santo<\/a><\/strong> quem viveu a vida completamente em Deus, sem guardar nada para si. Pelo batismo o crist\u00e3o torna-se filho de Deus em Jesus Cristo, tornar-se \u00abfilho no Filho\u00bb. Assim, \u00e9 santo \u2013 ou melhor, tende para a santidade \u2013 quem procura sempre agir com fidelidade ao projeto para si tra\u00e7ado por Deus e que na sua conduta responde com generosidade aos impulsos da gra\u00e7a, abandonando-se como um filho nas m\u00e3os do Todo-poderoso.<\/p>\n<p style=\"text-align: center\"><object width=\"480\" height=\"385\" type=\"application\/x-shockwave-flash\" data=\"http:\/\/webtvcn.com\/player\/v\/110265\" ><param name=\"movie\" value=\"http:\/\/webtvcn.com\/player\/v\/110265\" \/><param name=\"allowScriptAccess\" value=\"aways\" \/><param name=\"wmode\" value=\"window\" \/><param name=\"loop\" value=\"false\" \/><param name=\"menu\" value=\"true\" \/><param name=\"allowFullScreen\" value=\"true\" \/><\/object>\n<\/p>\n<p style=\"text-align: justify\">Mas, ao mesmo tempo, a santidade est\u00e1 profundamente encarnada na realidade humana. As vidas dos santos nos mostram como a identifica\u00e7\u00e3o com Jesus Cristo se realizou nas suas circunst\u00e2ncias concretas de vida. Durante s\u00e9culos predominou, na biografia dos santos, um g\u00eanero liter\u00e1rio que p\u00f4s de lado a resposta cotidiana aos impulsos da gra\u00e7a para exaltar antes os gestos her\u00f3icos, cobertos mesmo por um halo de lenda. Conv\u00e9m, pois, esclarecer que estas almas n\u00e3o se santificaram gra\u00e7as a atos espor\u00e1dicos, mas antes pela fidelidade e coer\u00eancia com que souberam ser her\u00f3icas, esfor\u00e7ando-se por atingir a vontade de Deus no cumprimento dos seus deveres ordin\u00e1rios de cada dia. \u00c9 esse aspecto que devemos imitar. Se as suas vidas se tivessem limitado a atos fora do comum, certamente n\u00e3o teriam sido santos, mas mesmo assim poderiam ser apresentados como modelos de imita\u00e7\u00e3o. De qualquer maneira, a santidade abrange de modo particular tamb\u00e9m a cultura, entendida como o horizonte global em que se movimenta o mundo. Os santos permitiram que se criassem novos modelos culturais, novas respostas aos problemas e aos grandes desafios dos povos, novos progressos da humanidade no caminho da hist\u00f3ria. Os santos s\u00e3o como far\u00f3is: indicaram aos homens as possibilidades de que eles disp\u00f5em. Por isso s\u00e3o interessantes tamb\u00e9m culturalmente, independentemente da abordagem religiosa e anal\u00edtica.<\/p>\n<p style=\"text-align: justify\">Exemplos: O mais clamoroso destes \u00e9 dos santos fundadores de congrega\u00e7\u00f5es religiosas que se dedicaram aos doentes, como S\u00e3o Jo\u00e3o de Deus (fundador dos chamados \u201cFatebenefratelli\u201d) e S\u00e3o Camilo de L\u00e9lis (que deu origem aos Camilianos). A sua a\u00e7\u00e3o no s\u00e9culo XVI apresentou verdadeiramente o in\u00edcio dos hospitais para todos na Europa, numa \u00e9poca em que a sa\u00fade era patrim\u00f4nio exclusivo dos mais ricos, ao passo que os pobres muitas vezes morriam na rua, abandonados por toda a gente. Penso igualmente em todos aqueles que inauguraram, a partir do s\u00e9culo XVII, institui\u00e7\u00f5es escolares que apoiaram in\u00fameros jovens: desde S\u00e3o Jo\u00e3o Baptista de La Salle (fundador dos Irm\u00e3os das Escolas Crist\u00e3s) at\u00e9 \u00e0 beata Rosa Venerini (fundadora das Mestras Pias Venerini) e, em \u00e9pocas mais recentes, S\u00e3o Jo\u00e3o Bosco (fundador dos Salesianos) e Dom Luca Passi (fundador das Irm\u00e3s de Santa Dorot\u00e9ia).<\/p>\n<p style=\"text-align: justify\">Num mundo em mudan\u00e7a, os santos n\u00e3o s\u00f3 n\u00e3o ficam de forma hist\u00f3rica ou culturalmente, mas est\u00e3o se tornando um tema ainda mais interessante e digno de cr\u00e9dito. Numa \u00e9poca em que se desmoronam as utopias coletivistas, numa \u00e9poca de desconfian\u00e7a e de inapet\u00eancia pelo te\u00f3rico e ideol\u00f3gico, vai-se despertando um novo interesse pelos santos, figuras singulares nas quais se encontra n\u00e3o uma teoria nem uma simples moral, mas antes um verdadeiro \u00abprojeto de vida\u00bb \u2013 que deve ser contado, descoberto pelo estudo, amado pela devo\u00e7\u00e3o, aplicado pela imita\u00e7\u00e3o. S\u00f3 podemos alegrar-nos com esse despertar do interesse por eles, porque eles s\u00e3o de todos, s\u00e3o um patrim\u00f4nio da humanidade, que se estende al\u00e9m de si pr\u00f3pria num desenvolvimento que, ao mesmo tempo que honra o homem, presta tamb\u00e9m gl\u00f3ria a Deus.<\/p>\n<p style=\"text-align: justify\">(Trecho extra\u00eddo do livro \u201cComo se faz um santo\u201d, p.18-20, de Cardeal Saraiva Martins)<\/p>\n<p style=\"text-align: justify\"><strong><br \/>\nSobre o Cardeal<\/strong><\/p>\n<p style=\"text-align: justify\">Jos\u00e9 Saraiva Martins nasceu a 6 de janeiro de 1932 em Gagos de Jarmelo, Portugal. Tendo entrado ainda jovem para a Congrega\u00e7\u00e3o dos Mission\u00e1rios Filhos do Cora\u00e7\u00e3o Imaculado de Maria, foi ordenado sacerdote a 16 de mar\u00e7o de 1975. Docente de Teologia e Reitor da Pontif\u00edcia Universidade Urbaniana, durante o per\u00edodo da sua atividade acad\u00eamica publicou vasta e not\u00f3ria obra de Teologia. Em 1988 foi nomeado arcebispo secret\u00e1rio da Congrega\u00e7\u00e3o para a Educa\u00e7\u00e3o Cat\u00f3lica. Foi de 30 de maio de 1998 at\u00e9 9 de julho de 2008 Prefeito da Congrega\u00e7\u00e3o para as Causas dos Santos. Elevado a cardeal pelo Papa Jo\u00e3o Paulo II em 21 de fevereiro de 2001, foi-lhe atribu\u00eddo o t\u00edtulo da bas\u00edlica de Nossa Senhora do Sagrado Cora\u00e7\u00e3o.<\/p>\n<p style=\"text-align: justify\">\n","protected":false},"excerpt":{"rendered":"<p>A santidade \u00e9 a mesma ontem, hoje e sempre. \u00c9 santo quem viveu a vida completamente em Deus, sem guardar nada para si. Pelo batismo o crist\u00e3o torna-se filho de Deus em Jesus Cristo, tornar-se \u00abfilho no Filho\u00bb. Assim, \u00e9&#8230;<\/p>\n","protected":false},"author":1051,"featured_media":0,"comment_status":"open","ping_status":"open","sticky":false,"template":"","format":"standard","meta":{"_mi_skip_tracking":false,"_monsterinsights_sitenote_active":false,"_monsterinsights_sitenote_note":"","_monsterinsights_sitenote_category":0,"footnotes":""},"categories":[3201],"tags":[6351,17384,7931,7761,17385],"_links":{"self":[{"href":"https:\/\/blog.cancaonova.com\/redacao\/wp-json\/wp\/v2\/posts\/4225"}],"collection":[{"href":"https:\/\/blog.cancaonova.com\/redacao\/wp-json\/wp\/v2\/posts"}],"about":[{"href":"https:\/\/blog.cancaonova.com\/redacao\/wp-json\/wp\/v2\/types\/post"}],"author":[{"embeddable":true,"href":"https:\/\/blog.cancaonova.com\/redacao\/wp-json\/wp\/v2\/users\/1051"}],"replies":[{"embeddable":true,"href":"https:\/\/blog.cancaonova.com\/redacao\/wp-json\/wp\/v2\/comments?post=4225"}],"version-history":[{"count":12,"href":"https:\/\/blog.cancaonova.com\/redacao\/wp-json\/wp\/v2\/posts\/4225\/revisions"}],"predecessor-version":[{"id":4236,"href":"https:\/\/blog.cancaonova.com\/redacao\/wp-json\/wp\/v2\/posts\/4225\/revisions\/4236"}],"wp:attachment":[{"href":"https:\/\/blog.cancaonova.com\/redacao\/wp-json\/wp\/v2\/media?parent=4225"}],"wp:term":[{"taxonomy":"category","embeddable":true,"href":"https:\/\/blog.cancaonova.com\/redacao\/wp-json\/wp\/v2\/categories?post=4225"},{"taxonomy":"post_tag","embeddable":true,"href":"https:\/\/blog.cancaonova.com\/redacao\/wp-json\/wp\/v2\/tags?post=4225"}],"curies":[{"name":"wp","href":"https:\/\/api.w.org\/{rel}","templated":true}]}}