{"id":4375,"date":"2009-05-25T16:44:16","date_gmt":"2009-05-25T19:44:16","guid":{"rendered":"http:\/\/blog.cancaonova.com\/redacao\/?p=4375"},"modified":"2009-05-25T16:54:49","modified_gmt":"2009-05-25T19:54:49","slug":"quem-pode-ser-proposto-para-uma-causa-de-canonizacao","status":"publish","type":"post","link":"https:\/\/blog.cancaonova.com\/redacao\/quem-pode-ser-proposto-para-uma-causa-de-canonizacao\/","title":{"rendered":"Quem pode ser proposto para uma causa de canoniza\u00e7\u00e3o?"},"content":{"rendered":"<p style=\"text-align: justify\">Qualquer cat\u00f3lico pode ser protagonista de uma causa de <strong><a href=\"http:\/\/wiki.cancaonova.com\/index.php\/Santos\" target=\"_blank\">canoniza\u00e7\u00e3o<\/a><\/strong>, desde que tenha praticado as virtudes crist\u00e3s de forma heroica e tenha fama de santidade ap\u00f3s a morte. O grau heroico consiste num comportamento crist\u00e3o fora do comum, praticando com prontid\u00e3o de esp\u00edrito e com alegria as virtudes teologais: f\u00e9, esperan\u00e7a e caridade e as cardiais: prud\u00eancia, justi\u00e7a, fortaleza, temperan\u00e7a. Al\u00e9m disso, se se tratar de um consagrado, os tr\u00eas conselhos evang\u00e9licos: castidade, pobreza, obedi\u00eancia.<\/p>\n<p style=\"text-align: center\"><object width=\"480\" height=\"385\" type=\"application\/x-shockwave-flash\" data=\"http:\/\/webtvcn.com\/player\/v\/110996\" ><param name=\"movie\" value=\"http:\/\/webtvcn.com\/player\/v\/110996\" \/><param name=\"allowScriptAccess\" value=\"aways\" \/><param name=\"wmode\" value=\"window\" \/><param name=\"loop\" value=\"false\" \/><param name=\"menu\" value=\"true\" \/><param name=\"allowFullScreen\" value=\"true\" \/><\/object>\n<\/p>\n<p style=\"text-align: justify\">A fama de santidade, por sua vez, \u00e9 a opini\u00e3o generalizada que leva os fi\u00e9is a vener\u00e1-lo e a encomendar-se \u00e0 sua intercess\u00e3o.<\/p>\n<p style=\"text-align: justify\">Para iniciar uma causa de canoniza\u00e7\u00e3o \u00e9 preciso esperar pelo menos cinco anos ap\u00f3s a morte do candidato. O chamado \u00abautor\u00bb da causa \u2013 que pode ser uma diocese, uma congrega\u00e7\u00e3o religiosa, um grupo de fi\u00e9is ou uma simples pessoa \u2013 deve dirigir-se ao bispo diocesano, a quem compete solicitar, para poder introduzir formalmente a causa, o Nulla Osta da Congrega\u00e7\u00e3o para as Causas dos Santos, a qual verifica se n\u00e3o existem motivos de obst\u00e1culo por parte de outras congrega\u00e7\u00f5es vaticanas. Entretanto, passados trinta anos ap\u00f3s a morte, \u00e9 preciso demonstrar que a causa n\u00e3o foi aberta antes por motivos relacionados a dificuldades reais e n\u00e3o apenas devido \u00e0 neglig\u00eancia ou dolo.<\/p>\n<p style=\"text-align: justify\"><em>(Trecho extra\u00eddo do livro \u201cComo se faz um santo\u201d, p\u00e1gina 24, de Cardeal Saraiva Martins)<\/em>.<\/p>\n<p><strong>Sobre o Cardeal<\/strong><\/p>\n<p style=\"text-align: justify\">Jos\u00e9 Saraiva Martins nasceu a 6 de janeiro de 1932 em Gagos de Jarmelo, Portugal. Tendo entrado ainda jovem para a Congrega\u00e7\u00e3o dos Mission\u00e1rios Filhos do Cora\u00e7\u00e3o Imaculado de Maria, foi ordenado sacerdote a 16 de mar\u00e7o de 1975. Docente de Teologia e Reitor da Pontif\u00edcia Universidade Urbaniana, durante o per\u00edodo da sua atividade acad\u00eamica publicou vasta e not\u00f3ria obra de Teologia. Em 1988 foi nomeado arcebispo secret\u00e1rio da Congrega\u00e7\u00e3o para a Educa\u00e7\u00e3o Cat\u00f3lica. Foi de 30 de maio de 1998 at\u00e9 9 de julho de 2008 Prefeito da Congrega\u00e7\u00e3o para as Causas dos Santos. Elevado a cardeal pelo Papa Jo\u00e3o Paulo II em 21 de fevereiro de 2001, foi-lhe atribu\u00eddo o t\u00edtulo da bas\u00edlica de Nossa Senhora do Sagrado Cora\u00e7\u00e3o.<\/p>\n<p style=\"text-align: justify\">\n","protected":false},"excerpt":{"rendered":"<p>Qualquer cat\u00f3lico pode ser protagonista de uma causa de canoniza\u00e7\u00e3o, desde que tenha praticado as virtudes crist\u00e3s de forma heroica e tenha fama de santidade ap\u00f3s a morte. O grau heroico consiste num comportamento crist\u00e3o fora do comum, praticando com&#8230;<\/p>\n","protected":false},"author":1051,"featured_media":0,"comment_status":"open","ping_status":"open","sticky":false,"template":"","format":"standard","meta":{"_mi_skip_tracking":false,"_monsterinsights_sitenote_active":false,"_monsterinsights_sitenote_note":"","_monsterinsights_sitenote_category":0,"footnotes":""},"categories":[3201],"tags":[6351,17384,7931,7761,17385],"_links":{"self":[{"href":"https:\/\/blog.cancaonova.com\/redacao\/wp-json\/wp\/v2\/posts\/4375"}],"collection":[{"href":"https:\/\/blog.cancaonova.com\/redacao\/wp-json\/wp\/v2\/posts"}],"about":[{"href":"https:\/\/blog.cancaonova.com\/redacao\/wp-json\/wp\/v2\/types\/post"}],"author":[{"embeddable":true,"href":"https:\/\/blog.cancaonova.com\/redacao\/wp-json\/wp\/v2\/users\/1051"}],"replies":[{"embeddable":true,"href":"https:\/\/blog.cancaonova.com\/redacao\/wp-json\/wp\/v2\/comments?post=4375"}],"version-history":[{"count":5,"href":"https:\/\/blog.cancaonova.com\/redacao\/wp-json\/wp\/v2\/posts\/4375\/revisions"}],"predecessor-version":[{"id":4378,"href":"https:\/\/blog.cancaonova.com\/redacao\/wp-json\/wp\/v2\/posts\/4375\/revisions\/4378"}],"wp:attachment":[{"href":"https:\/\/blog.cancaonova.com\/redacao\/wp-json\/wp\/v2\/media?parent=4375"}],"wp:term":[{"taxonomy":"category","embeddable":true,"href":"https:\/\/blog.cancaonova.com\/redacao\/wp-json\/wp\/v2\/categories?post=4375"},{"taxonomy":"post_tag","embeddable":true,"href":"https:\/\/blog.cancaonova.com\/redacao\/wp-json\/wp\/v2\/tags?post=4375"}],"curies":[{"name":"wp","href":"https:\/\/api.w.org\/{rel}","templated":true}]}}