{"id":4464,"date":"2009-07-06T15:23:50","date_gmt":"2009-07-06T18:23:50","guid":{"rendered":"http:\/\/blog.cancaonova.com\/redacao\/?p=4464"},"modified":"2009-07-06T15:31:37","modified_gmt":"2009-07-06T18:31:37","slug":"podcast-padre-paulo-revela-sua-adesao-as-novas-tecnologias","status":"publish","type":"post","link":"https:\/\/blog.cancaonova.com\/redacao\/podcast-padre-paulo-revela-sua-adesao-as-novas-tecnologias\/","title":{"rendered":"Podcast: Padre Paulo revela sua ades\u00e3o \u00e0s novas tecnologias"},"content":{"rendered":"<p style=\"text-align: justify;\">&#8220;A minha entrada na internet tem em vista contribuir com a forma\u00e7\u00e3o de sacerdotes e evangelizadores, dando-lhes um conhecimento mais profundo da Palavra de Deus&#8221;, afirma padre Paulo Ricardo no <a href=\"http:\/\/podcast.cancaonova.com\/canal.php?id=112\"><strong>Podcast da Reda\u00e7\u00e3o<\/strong><\/a> desta semana.<\/p>\n<p><object classid=\"clsid:d27cdb6e-ae6d-11cf-96b8-444553540000\" width=\"303\" height=\"54\" codebase=\"http:\/\/download.macromedia.com\/pub\/shockwave\/cabs\/flash\/swflash.cab#version=6,0,40,0\"><param name=\"id\" value=\"PodPlayerCN\" \/><param name=\"flashVars\" value=\"podcast=585\" \/><param name=\"allowScriptAccess\" value=\"always\" \/><param name=\"src\" value=\"http:\/\/podcast.cancaonova.com\/cn_player.swf?1183\" \/><embed id=\"PodPlayerCN\" type=\"application\/x-shockwave-flash\" width=\"303\" height=\"54\" src=\"http:\/\/podcast.cancaonova.com\/cn_player.swf?1183\" allowscriptaccess=\"always\" flashvars=\"podcast=585\"><\/embed><\/object><\/p>\n<p style=\"text-align: justify;\">Neste epis\u00f3dio, Willieny Isaias, gerente de conte\u00fado do portal <a href=\"http:\/\/cancaonova.com\/\" target=\"_blank\"><strong>cancaonova.com<\/strong><\/a>, conversa com o reitor do Semin\u00e1rio Cristo Rei, da Arquidiocese de Cuiab\u00e1 (MT), padre Paulo Ricardo, que fala dos recursos complementares para a evangeliza\u00e7\u00e3o: as novas tecnologias.<\/p>\n<p style=\"text-align: justify;\">O sacerdote explica como adquirir conte\u00fado, o que, segundo ele, \u00e9 o diferencial para evangelizar na rede mundial de computadores.<\/p>\n<p style=\"text-align: justify;\">Se voc\u00ea quer contribuir com a evangeliza\u00e7\u00e3o pela web, ou\u00e7a esse bate-papo e siga as instru\u00e7\u00f5es do padre Paulo Ricardo para que sua mensagem possa levar o amor de Deus a uma multid\u00e3o.<\/p>\n<p style=\"text-align: justify;\"><strong>Como baixar:<\/strong><br \/>\nAo ir para a p\u00e1gina do <a title=\"Podcast da Reda\u00e7\u00e3o\" href=\"http:\/\/podcast.cancaonova.com\/canal.php?id=112\" target=\"_blank\"><strong>Podcast da Reda\u00e7\u00e3o<\/strong><\/a>, voc\u00ea encontrar\u00e1, abaixo de cada podcast, uma seta; ao clicar, voc\u00ea conseguir\u00e1 baixar o arquivo em MP3.<\/p>\n<p><strong>Veja mais:<\/strong><br \/>\n<a href=\"http:\/\/www.cancaonova.com\/portal\/canais\/eventos\/novoeventos\/busca.php?pregador=158&amp;tp=\" target=\"_blank\"><strong>:: Palestras do padre paulo Ricardo na Can\u00e7\u00e3o Nova<\/strong><\/a><br \/>\n<strong><a title=\"wiki.cancaonova.com\" href=\"http:\/\/wiki.cancaonova.com\/index.php\/Twitter#Usu.C3.A1rios_da_Can.C3.A7.C3.A3o_Nova\" target=\"_blank\">:: Siga os usu\u00e1rios Can\u00e7\u00e3o Nova no Twitter<\/a><br \/>\n<a title=\"Blog da WeTVCN\" href=\"..\/..\/webtvcn\/?p=1972\" target=\"_blank\"><\/a><\/strong><\/p>\n<p><strong><\/strong><\/p>\n","protected":false},"excerpt":{"rendered":"<p>&#8220;A minha entrada na internet tem em vista contribuir com a forma\u00e7\u00e3o de sacerdotes e evangelizadores, dando-lhes um conhecimento mais profundo da Palavra de Deus&#8221;, afirma padre Paulo Ricardo no Podcast da Reda\u00e7\u00e3o desta semana. Neste epis\u00f3dio, Willieny Isaias, gerente&#8230;<\/p>\n","protected":false},"author":1051,"featured_media":0,"comment_status":"open","ping_status":"open","sticky":false,"template":"","format":"standard","meta":{"_mi_skip_tracking":false,"_monsterinsights_sitenote_active":false,"_monsterinsights_sitenote_note":"","_monsterinsights_sitenote_category":0,"footnotes":""},"categories":[81],"tags":[5011,6351,7671,17192,20087,113],"_links":{"self":[{"href":"https:\/\/blog.cancaonova.com\/redacao\/wp-json\/wp\/v2\/posts\/4464"}],"collection":[{"href":"https:\/\/blog.cancaonova.com\/redacao\/wp-json\/wp\/v2\/posts"}],"about":[{"href":"https:\/\/blog.cancaonova.com\/redacao\/wp-json\/wp\/v2\/types\/post"}],"author":[{"embeddable":true,"href":"https:\/\/blog.cancaonova.com\/redacao\/wp-json\/wp\/v2\/users\/1051"}],"replies":[{"embeddable":true,"href":"https:\/\/blog.cancaonova.com\/redacao\/wp-json\/wp\/v2\/comments?post=4464"}],"version-history":[{"count":7,"href":"https:\/\/blog.cancaonova.com\/redacao\/wp-json\/wp\/v2\/posts\/4464\/revisions"}],"predecessor-version":[{"id":4478,"href":"https:\/\/blog.cancaonova.com\/redacao\/wp-json\/wp\/v2\/posts\/4464\/revisions\/4478"}],"wp:attachment":[{"href":"https:\/\/blog.cancaonova.com\/redacao\/wp-json\/wp\/v2\/media?parent=4464"}],"wp:term":[{"taxonomy":"category","embeddable":true,"href":"https:\/\/blog.cancaonova.com\/redacao\/wp-json\/wp\/v2\/categories?post=4464"},{"taxonomy":"post_tag","embeddable":true,"href":"https:\/\/blog.cancaonova.com\/redacao\/wp-json\/wp\/v2\/tags?post=4464"}],"curies":[{"name":"wp","href":"https:\/\/api.w.org\/{rel}","templated":true}]}}