{"id":4496,"date":"2009-07-15T11:13:13","date_gmt":"2009-07-15T14:13:13","guid":{"rendered":"http:\/\/blog.cancaonova.com\/redacao\/?p=4496"},"modified":"2009-07-15T11:13:13","modified_gmt":"2009-07-15T14:13:13","slug":"etapas-que-marcam-o-percurso-de-uma-causa-de-beatificacao","status":"publish","type":"post","link":"https:\/\/blog.cancaonova.com\/redacao\/etapas-que-marcam-o-percurso-de-uma-causa-de-beatificacao\/","title":{"rendered":"Etapas que marcam o percurso de uma causa de beatifica\u00e7\u00e3o"},"content":{"rendered":"<p style=\"text-align: justify;\">As causas de beatifica\u00e7\u00e3o t\u00eam duas fases fundamentais: a diocesana e a romana. A primeira diz respeito \u00e0 investiga\u00e7\u00e3o que o bispo competente instrui para recolher todos os escritos do servo de Deus e todos os testemunhos e os documentos relativos \u00e0 sua vida, atividades e virtudes ou mart\u00edrio. Para esse efeito, o bispo diocesano constitui um tribunal pr\u00f3prio, presidido por si ou por um seu delegado e constitu\u00eddo por um promotor de justi\u00e7a e por um not\u00e1rio.<\/p>\n<p style=\"text-align: center;\"><object width=\"480\" height=\"385\" type=\"application\/x-shockwave-flash\" data=\"http:\/\/webtvcn.com\/player\/v\/111851\" ><param name=\"movie\" value=\"http:\/\/webtvcn.com\/player\/v\/111851\" \/><param name=\"allowScriptAccess\" value=\"aways\" \/><param name=\"wmode\" value=\"window\" \/><param name=\"loop\" value=\"false\" \/><param name=\"menu\" value=\"true\" \/><param name=\"allowFullScreen\" value=\"true\" \/><\/object>\n<\/p>\n<p style=\"text-align: justify;\">As testemunhas chamadas a depor revestem uma import\u00e2ncia especial. A maior parte delas \u00e9 escolhida pelo postulador (que em certo sentido \u00e9 o \u00abadvogado de defesa\u00bb da causa), enquanto o tribunal, por sua pr\u00f3pria iniciativa, convoca outras <em>ex officio<\/em>, para esclarecer todos os aspectos da vida do servo de Deus de acordo com a verdade. \u00abAs testemunhas \u2013 conforme estabelecem as <em>Normae Servandae<\/em>, ou seja, as regras de procedimento \u2013 t\u00eam de ser oculares; a estas, se necess\u00e1rio, podem juntar-se outras que tenham ouvido daquelas que viram; mas que todas sejam fidedignas.\u00bb A sinceridade das testemunhas \u00e9 totalmente necess\u00e1ria, e \u00e9 por isso que cada uma delas deve confirmar, sob juramento, aquilo que declarou. Quando um servo de Deus pertence a um Instituto de vida consagrada, a maioria das testemunhas \u2013 de modo a obter o m\u00e1ximo de objetividade e inteireza \u2013 deve ser estranha ao Instituto em quest\u00e3o.<\/p>\n<p style=\"text-align: justify;\">Com a reforma legislativa de 1983, os documentos adquiriram a devida dignidade. A documenta\u00e7\u00e3o relativa \u00e0 vida do servo de Deus e \u00e0 sua causa de beatifica\u00e7\u00e3o, por encargo formal do bispo diocesano, \u00e9 recolhida por alguns especialistas em hist\u00f3ria e arquiv\u00edstica, os quais no termo do seu trabalho, devem exprimir um ju\u00edzo sobre a autenticidade e sobre o valor dos documentos, bem como sobre a personalidade do servo de Deus, tal como resulta desses documentos. Finalmente, todos os autos da instru\u00e7\u00e3o diocesana s\u00e3o entregues \u00e0 Congrega\u00e7\u00e3o para as Causas dos Santos, que os analisa, a v\u00e1rios n\u00edveis de ju\u00edzo, para verificar a heroicidade das virtudes, o mart\u00edrio, os supostos milagres.<\/p>\n<p style=\"text-align: justify;\">Decis\u00e3o: Na realidade, o movimento que no fim conduz ao reconhecimento da santidade come\u00e7a por baixo, porque, ainda hoje, \u00e9 o povo crist\u00e3o que, reconhecendo por intui\u00e7\u00e3o da f\u00e9 a \u00abfama da santidade\u00bb, assinala os candidatos \u00e0 canoniza\u00e7\u00e3o ao seu bispo, respons\u00e1vel pela primeira fase do processo de canoniza\u00e7\u00e3o. Nem a Congrega\u00e7\u00e3o para as Causas dos Santos nem o Papa \u00abinventam\u00bb ou \u00abfabricam\u00bb os santos. Pensa nisso o Esp\u00edrito Santo, como bem sabem todos os crentes. Que, depois, este Esp\u00edrito \u2013 como diz o Evangelho &#8211; \u00absopre onde quer\u00bb, \u00e9 uma constata\u00e7\u00e3o a que estimo habituados h\u00e1 s\u00e9culos, e hoje mais ainda, estando a Igreja espalhada por todo o mundo e em todos os estratos sociais.<\/p>\n<p style=\"text-align: right;\"><em>(Trecho extra\u00eddo do livro \u201cComo se faz um santo\u201d,<br \/>\np\u00e1gina 26-28 de Cardeal Saraiva Martins)<\/em><\/p>\n<p><strong>Sobre o Cardeal<\/strong><\/p>\n<p style=\"text-align: justify;\">Jos\u00e9 Saraiva Martins nasceu a 6 de janeiro de 1932 em Gagos de Jarmelo, Portugal. Tendo entrado ainda jovem para a Congrega\u00e7\u00e3o dos Mission\u00e1rios Filhos do Cora\u00e7\u00e3o Imaculado de Maria, foi ordenado sacerdote a 16 de mar\u00e7o de 1975. Docente de Teologia e Reitor da Pontif\u00edcia Universidade Urbaniana, durante o per\u00edodo da sua atividade acad\u00eamica publicou vasta e not\u00f3ria obra de Teologia. Em 1988 foi nomeado arcebispo secret\u00e1rio da Congrega\u00e7\u00e3o para a Educa\u00e7\u00e3o Cat\u00f3lica. Foi de 30 de maio de 1998 at\u00e9 9 de julho de 2008 Prefeito da Congrega\u00e7\u00e3o para as Causas dos Santos. Elevado a cardeal pelo Papa Jo\u00e3o Paulo II em 21 de fevereiro de 2001, foi-lhe atribu\u00eddo o t\u00edtulo da bas\u00edlica de Nossa Senhora do Sagrado Cora\u00e7\u00e3o.<\/p>\n<p style=\"text-align: justify;\">\n","protected":false},"excerpt":{"rendered":"<p>As causas de beatifica\u00e7\u00e3o t\u00eam duas fases fundamentais: a diocesana e a romana. A primeira diz respeito \u00e0 investiga\u00e7\u00e3o que o bispo competente instrui para recolher todos os escritos do servo de Deus e todos os testemunhos e os documentos&#8230;<\/p>\n","protected":false},"author":1051,"featured_media":0,"comment_status":"open","ping_status":"open","sticky":false,"template":"","format":"standard","meta":{"_mi_skip_tracking":false,"_monsterinsights_sitenote_active":false,"_monsterinsights_sitenote_note":"","_monsterinsights_sitenote_category":0,"footnotes":""},"categories":[3201],"tags":[5011,6351,17384,20476,20478,7761,17385],"_links":{"self":[{"href":"https:\/\/blog.cancaonova.com\/redacao\/wp-json\/wp\/v2\/posts\/4496"}],"collection":[{"href":"https:\/\/blog.cancaonova.com\/redacao\/wp-json\/wp\/v2\/posts"}],"about":[{"href":"https:\/\/blog.cancaonova.com\/redacao\/wp-json\/wp\/v2\/types\/post"}],"author":[{"embeddable":true,"href":"https:\/\/blog.cancaonova.com\/redacao\/wp-json\/wp\/v2\/users\/1051"}],"replies":[{"embeddable":true,"href":"https:\/\/blog.cancaonova.com\/redacao\/wp-json\/wp\/v2\/comments?post=4496"}],"version-history":[{"count":7,"href":"https:\/\/blog.cancaonova.com\/redacao\/wp-json\/wp\/v2\/posts\/4496\/revisions"}],"predecessor-version":[{"id":4952,"href":"https:\/\/blog.cancaonova.com\/redacao\/wp-json\/wp\/v2\/posts\/4496\/revisions\/4952"}],"wp:attachment":[{"href":"https:\/\/blog.cancaonova.com\/redacao\/wp-json\/wp\/v2\/media?parent=4496"}],"wp:term":[{"taxonomy":"category","embeddable":true,"href":"https:\/\/blog.cancaonova.com\/redacao\/wp-json\/wp\/v2\/categories?post=4496"},{"taxonomy":"post_tag","embeddable":true,"href":"https:\/\/blog.cancaonova.com\/redacao\/wp-json\/wp\/v2\/tags?post=4496"}],"curies":[{"name":"wp","href":"https:\/\/api.w.org\/{rel}","templated":true}]}}