{"id":4692,"date":"2009-08-21T16:42:51","date_gmt":"2009-08-21T19:42:51","guid":{"rendered":"http:\/\/blog.cancaonova.com\/redacao\/?p=4692"},"modified":"2009-08-21T21:08:29","modified_gmt":"2009-08-22T00:08:29","slug":"podcast-da-redacao-gente-de-fe-a-comunidade-de-relacionamento-da-cn","status":"publish","type":"post","link":"https:\/\/blog.cancaonova.com\/redacao\/podcast-da-redacao-gente-de-fe-a-comunidade-de-relacionamento-da-cn\/","title":{"rendered":"Podcast da Reda\u00e7\u00e3o: Evangeliza\u00e7\u00e3o por meio da Internet"},"content":{"rendered":"<p style=\"text-align: justify;\">Neste epis\u00f3dio, Willieny Isaias, gerente de conte\u00fado do <a href=\"http:\/\/cancaonova.com\/\" target=\"_blank\">Portal Can\u00e7\u00e3o Nova<\/a>, conversa com Padre Luizinho, da comunidade Can\u00e7\u00e3o Nova. Partilhando sobre o seu trabalho evangelizador pelo <a href=\"http:\/\/blog.cancaonova.com\/padreluizinho\/\" target=\"_blank\">blog Can\u00e7\u00e3o Nova<\/a> e <a href=\"http:\/\/twitter.com\/padreluizinho\" target=\"_blank\">Twitter<\/a>.<\/p>\n<p style=\"text-align: justify;\">Confira:<\/p>\n<p><object classid=\"clsid:d27cdb6e-ae6d-11cf-96b8-444553540000\" width=\"303\" height=\"54\" codebase=\"http:\/\/download.macromedia.com\/pub\/shockwave\/cabs\/flash\/swflash.cab#version=6,0,40,0\"><param name=\"id\" value=\"PodPlayerCN\" \/><param name=\"flashVars\" value=\"podcast=723\" \/><param name=\"allowScriptAccess\" value=\"always\" \/><param name=\"src\" value=\"http:\/\/podcast.cancaonova.com\/cn_player.swf?308\" \/><embed id=\"PodPlayerCN\" type=\"application\/x-shockwave-flash\" width=\"303\" height=\"54\" src=\"http:\/\/podcast.cancaonova.com\/cn_player.swf?308\" allowscriptaccess=\"always\" flashvars=\"podcast=723\"><\/embed><\/object><\/p>\n<p style=\"text-align: justify;\">Ele fala da import\u00e2ncia de usarmos de todos os meios para\u00a0 evangelizar, especialmente a internet que possibilita levar a Palavra a lugares inimagin\u00e1veis. E para que isso aconte\u00e7a, o evangelizador precisa estar conectado n\u00e3o somente na internet, mas conectado muito mais em Jesus e na Igreja. Muito mais que conhecimento \u00e9 preciso ter conte\u00fado.<\/p>\n<p style=\"text-align: justify;\"><strong>Como baixar:<\/strong><\/p>\n<p style=\"text-align: justify;\">Ao ir para a p\u00e1gina do <a href=\"http:\/\/podcast.cancaonova.com\/canal.php?id=112\" target=\"_blank\">Podcast da Reda\u00e7\u00e3o<\/a>, voc\u00ea encontrar\u00e1 uma seta abaixo de cada arquivo de \u00e1udio; clique para baix\u00e1-lo em MP3.<\/p>\n<p style=\"text-align: justify;\"><strong>Veja mais:<\/strong><\/p>\n<p><strong><a href=\"http:\/\/twitter.com\/cancaonova\" target=\"_blank\">:: Siga: @cancaonova<\/a><\/strong><\/p>\n<p style=\"text-align: justify;\"><a href=\"http:\/\/blog.cancaonova.com\/webtvcn\/?p=2254\" target=\"_blank\"><strong>:: Conhe\u00e7a mais sobre a &#8216;Gente de F\u00e9&#8217;<\/strong><\/a><\/p>\n<p style=\"text-align: justify;\"><a href=\"http:\/\/hosanabrasil.cancaonova.com\/?p=1603\" target=\"_blank\"><strong>:: Participe da promo\u00e7\u00e3o do Hosana Brasil na ferramenta<\/strong><\/a><\/p>\n","protected":false},"excerpt":{"rendered":"<p>Neste epis\u00f3dio, Willieny Isaias, gerente de conte\u00fado do Portal Can\u00e7\u00e3o Nova, conversa com Padre Luizinho, da comunidade Can\u00e7\u00e3o Nova. Partilhando sobre o seu trabalho evangelizador pelo blog Can\u00e7\u00e3o Nova e Twitter. Confira: Ele fala da import\u00e2ncia de usarmos de todos&#8230;<\/p>\n","protected":false},"author":1051,"featured_media":0,"comment_status":"open","ping_status":"open","sticky":false,"template":"","format":"standard","meta":{"_mi_skip_tracking":false,"_monsterinsights_sitenote_active":false,"_monsterinsights_sitenote_note":"","_monsterinsights_sitenote_category":0,"footnotes":""},"categories":[81],"tags":[671,5011,6351,3211,178143,20908],"_links":{"self":[{"href":"https:\/\/blog.cancaonova.com\/redacao\/wp-json\/wp\/v2\/posts\/4692"}],"collection":[{"href":"https:\/\/blog.cancaonova.com\/redacao\/wp-json\/wp\/v2\/posts"}],"about":[{"href":"https:\/\/blog.cancaonova.com\/redacao\/wp-json\/wp\/v2\/types\/post"}],"author":[{"embeddable":true,"href":"https:\/\/blog.cancaonova.com\/redacao\/wp-json\/wp\/v2\/users\/1051"}],"replies":[{"embeddable":true,"href":"https:\/\/blog.cancaonova.com\/redacao\/wp-json\/wp\/v2\/comments?post=4692"}],"version-history":[{"count":11,"href":"https:\/\/blog.cancaonova.com\/redacao\/wp-json\/wp\/v2\/posts\/4692\/revisions"}],"predecessor-version":[{"id":4700,"href":"https:\/\/blog.cancaonova.com\/redacao\/wp-json\/wp\/v2\/posts\/4692\/revisions\/4700"}],"wp:attachment":[{"href":"https:\/\/blog.cancaonova.com\/redacao\/wp-json\/wp\/v2\/media?parent=4692"}],"wp:term":[{"taxonomy":"category","embeddable":true,"href":"https:\/\/blog.cancaonova.com\/redacao\/wp-json\/wp\/v2\/categories?post=4692"},{"taxonomy":"post_tag","embeddable":true,"href":"https:\/\/blog.cancaonova.com\/redacao\/wp-json\/wp\/v2\/tags?post=4692"}],"curies":[{"name":"wp","href":"https:\/\/api.w.org\/{rel}","templated":true}]}}