{"id":4788,"date":"2009-09-04T17:35:41","date_gmt":"2009-09-04T20:35:41","guid":{"rendered":"http:\/\/blog.cancaonova.com\/redacao\/?p=4788"},"modified":"2009-09-05T09:27:10","modified_gmt":"2009-09-05T12:27:10","slug":"reporter-cancaonovacom","status":"publish","type":"post","link":"https:\/\/blog.cancaonova.com\/redacao\/reporter-cancaonovacom\/","title":{"rendered":"Rep\u00f3rter cancaonova.com"},"content":{"rendered":"<p style=\"text-align: justify;\">A equipe do Portal Can\u00e7\u00e3o Nova traz mais uma novidade para voc\u00ea. A partir de agora, voc\u00ea confere, no &#8216;Rep\u00f3rter do <a href=\"http:\/\/www.cancaonova.com\/\" target=\"_blank\"><span style=\"color: #3366ff;\">cancaonova.com<\/span><\/a>&#8216;, v\u00eddeos dos bastidores de toda a reda\u00e7\u00e3o do Portal. Produzido por C\u00e9lia Grego, nestes v\u00eddeos voc\u00ea vai conhecer de tudo o que acontece em nosso departamento e saber  como cada um realiza seu trabalho.<\/p>\n<p style=\"text-align: justify;\">A gerente do cancaonova.com, Willieny Isaias, \u00e9 que explica essa novidade.<\/p>\n<p><object width=\"480\" height=\"385\"><param name=\"movie\" value=\"http:\/\/www.youtube.com\/v\/yvqOhsS2z3g\"><\/param><param name=\"allowFullScreen\" value=\"true\"><\/param><param name=\"allowscriptaccess\" value=\"always\"><\/param><embed src=\"http:\/\/www.youtube.com\/v\/yvqOhsS2z3g\" type=\"application\/x-shockwave-flash\" allowscriptaccess=\"always\" allowfullscreen=\"true\" width=\"480\" height=\"385\"><\/embed><\/object><\/p>\n<p style=\"text-align: justify;\">Para o primeiro v\u00eddeo, C\u00e9lia acompanhou a produtora do canal da <a href=\"http:\/\/musica.cancaonova.com\/\"><span style=\"color: #3366ff;\">musica.cancaonova.com<\/span><\/a>, Elcka Torres, durante a grava\u00e7\u00e3o do <a href=\"http:\/\/podcast.cancaonova.com\/canal.php?id=129\">PodM\u00fasica<\/a> com a <a href=\"http:\/\/blog.cancaonova.com\/vidareluz\/\"><span style=\"color: #3366ff;\">Banda Vida Reluz.<\/span><\/a><\/p>\n<p>Grava\u00e7\u00e3o do Podm\u00fasica<br \/>\n<object width=\"480\" height=\"385\"><param name=\"movie\" value=\"http:\/\/www.youtube.com\/v\/2NZ9bRlXP7Y\"><\/param><param name=\"allowFullScreen\" value=\"true\"><\/param><param name=\"allowscriptaccess\" value=\"always\"><\/param><embed src=\"http:\/\/www.youtube.com\/v\/2NZ9bRlXP7Y\" type=\"application\/x-shockwave-flash\" allowscriptaccess=\"always\" allowfullscreen=\"true\" width=\"480\" height=\"385\"><\/embed><\/object><\/p>\n<p style=\"text-align: justify;\"><strong>Veja tamb\u00e9m:<\/strong><a href=\"http:\/\/podcast.cancaonova.com\/\" target=\"_blank\"><br \/>\nPodcast Can\u00e7\u00e3o Nova<\/a><br \/>\n<a href=\"http:\/\/wiki.cancaonova.com\/\" target=\"_blank\">Wiki Can\u00e7\u00e3o Nova<\/a><br \/>\n<a href=\"http:\/\/paroquias.cancaonova.com\/\" target=\"_blank\">Cadastre sua par\u00f3quia<\/a><br \/>\n<a href=\"http:\/\/iphone.cancaonova.com\/\" target=\"_blank\">Conte\u00fado para iPhone<\/a><br \/>\n<a href=\"http:\/\/www.cancaonovamobile.com\/\" target=\"_blank\">Mobile CN<\/a><br \/>\n<a href=\"http:\/\/cnchama.com.br\/\">CNChama<\/a><\/p>\n","protected":false},"excerpt":{"rendered":"<p>A equipe do Portal Can\u00e7\u00e3o Nova traz mais uma novidade para voc\u00ea. A partir de agora, voc\u00ea confere, no &#8216;Rep\u00f3rter do cancaonova.com&#8216;, v\u00eddeos dos bastidores de toda a reda\u00e7\u00e3o do Portal. Produzido por C\u00e9lia Grego, nestes v\u00eddeos voc\u00ea vai conhecer&#8230;<\/p>\n","protected":false},"author":1051,"featured_media":0,"comment_status":"open","ping_status":"open","sticky":false,"template":"","format":"standard","meta":{"_mi_skip_tracking":false,"_monsterinsights_sitenote_active":false,"_monsterinsights_sitenote_note":"","_monsterinsights_sitenote_category":0,"footnotes":""},"categories":[11751],"tags":[178147,671,6351,18880,22782,3711],"_links":{"self":[{"href":"https:\/\/blog.cancaonova.com\/redacao\/wp-json\/wp\/v2\/posts\/4788"}],"collection":[{"href":"https:\/\/blog.cancaonova.com\/redacao\/wp-json\/wp\/v2\/posts"}],"about":[{"href":"https:\/\/blog.cancaonova.com\/redacao\/wp-json\/wp\/v2\/types\/post"}],"author":[{"embeddable":true,"href":"https:\/\/blog.cancaonova.com\/redacao\/wp-json\/wp\/v2\/users\/1051"}],"replies":[{"embeddable":true,"href":"https:\/\/blog.cancaonova.com\/redacao\/wp-json\/wp\/v2\/comments?post=4788"}],"version-history":[{"count":16,"href":"https:\/\/blog.cancaonova.com\/redacao\/wp-json\/wp\/v2\/posts\/4788\/revisions"}],"predecessor-version":[{"id":4814,"href":"https:\/\/blog.cancaonova.com\/redacao\/wp-json\/wp\/v2\/posts\/4788\/revisions\/4814"}],"wp:attachment":[{"href":"https:\/\/blog.cancaonova.com\/redacao\/wp-json\/wp\/v2\/media?parent=4788"}],"wp:term":[{"taxonomy":"category","embeddable":true,"href":"https:\/\/blog.cancaonova.com\/redacao\/wp-json\/wp\/v2\/categories?post=4788"},{"taxonomy":"post_tag","embeddable":true,"href":"https:\/\/blog.cancaonova.com\/redacao\/wp-json\/wp\/v2\/tags?post=4788"}],"curies":[{"name":"wp","href":"https:\/\/api.w.org\/{rel}","templated":true}]}}