{"id":4876,"date":"2009-09-14T10:17:12","date_gmt":"2009-09-14T13:17:12","guid":{"rendered":"http:\/\/blog.cancaonova.com\/redacao\/?p=4876"},"modified":"2009-09-14T14:54:23","modified_gmt":"2009-09-14T17:54:23","slug":"colaboradores-da-ti-representam-cancao-nova-no-premio-top-blog-2009","status":"publish","type":"post","link":"https:\/\/blog.cancaonova.com\/redacao\/colaboradores-da-ti-representam-cancao-nova-no-premio-top-blog-2009\/","title":{"rendered":"Colaboradores da TI representam Can\u00e7\u00e3o Nova no Pr\u00eamio Top Blog 2009"},"content":{"rendered":"<p style=\"text-align: justify;\">O <a href=\"http:\/\/wiki.cancaonova.com\/index.php\/Departamento_da_Tecnologia_da_Informa%C3%A7%C3%A3o\" target=\"_blank\"><strong>Departamento de Tecnologia da Informa\u00e7\u00e3o (TI)<\/strong><\/a> da Can\u00e7\u00e3o Nova celebra mais uma grande vit\u00f3ria!\u00a0 Duas pessoas da sua equipe \u2013 Paulo Moraes, analista de novas tecnologias; e Ariane Fonseca, produtora de conte\u00fado do Portal CN \u2013 disputaram a fase final da edi\u00e7\u00e3o 2009 do <a href=\"http:\/\/www.topblog.com.br\/top\" target=\"_blank\"><strong>Pr\u00eamio Top Blog<\/strong><\/a> e foram contemplados com o primeiro e o terceiro lugares, respectivamente.<\/p>\n<p style=\"text-align: justify;\">A cerim\u00f4nia de premia\u00e7\u00e3o aconteceu no Audit\u00f3rio da Unip (Universidade Paulista), em S\u00e3o Paulo (SP), na tarde de s\u00e1bado, dia 12. Mais de 12 mil blogs foram inscritos no pr\u00eamio em 12 categorias diferentes \u2013 Celebridades, Comunica\u00e7\u00e3o, Cultura, Esportes, Games, Humor, M\u00fasica, Pol\u00edtica, Sa\u00fade, Sustentabilidade, Tecnologia e Variedades -, sendo julgados pelo J\u00fari Acad\u00eamico e J\u00fari Popular.<\/p>\n<p style=\"text-align: center;\"><a href=\"http:\/\/blog.cancaonova.com\/redacao\/files\/2009\/09\/foto.jpg\"><img loading=\"lazy\" decoding=\"async\" class=\"size-medium wp-image-4890 aligncenter\" title=\"Vencedores\" src=\"http:\/\/blog.cancaonova.com\/redacao\/files\/2009\/09\/foto-300x202.jpg\" alt=\"\" width=\"300\" height=\"202\" \/><\/a><\/p>\n<p style=\"text-align: justify;\"><a href=\"http:\/\/www.flickr.com\/photos\/paulomoraes\/\" target=\"_blank\"><strong>:: Veja + fotos no Flickr<\/strong><\/a><\/p>\n<p style=\"text-align: justify;\">Paulo Moraes conquistou o primeiro lugar na categoria Tecnologia, pelo J\u00fari Popular, com seu blog <a href=\"http:\/\/blog.cancaonova.com\/officeweb\/\" target=\"_blank\"><strong>&#8216;Office Web&#8217;<\/strong><\/a>; e Ariane Fonseca, a terceira coloca\u00e7\u00e3o na categoria Comunica\u00e7\u00e3o, tamb\u00e9m pelo J\u00fari Popular, com o blog <a href=\"http:\/\/www.arianefonseca.com\/\" target=\"_blank\"><strong>&#8216;Di\u00e1rio de um rep\u00f3rter&#8217;<\/strong><\/a>.<\/p>\n<p style=\"text-align: justify;\">Para Moraes, que tem o &#8216;Office Web&#8217; h\u00e1 tr\u00eas anos, o concurso \u00e9 um incentivo aos blogueiros, principalmente para os mais de 230 que fazem parte do <a href=\"http:\/\/blog.cancaonova.com\/capa\/\" target=\"_blank\"><strong>Portal de Blogs Can\u00e7\u00e3o Nova<\/strong><\/a>. \u201cTive meu objetivo alcan\u00e7ado e, como administrador do portal de blogs aqui da Can\u00e7\u00e3o Nova, acredito que vou servir de motiva\u00e7\u00e3o para que eles tamb\u00e9m participem no ano que vem e levem a evangeliza\u00e7\u00e3o no que fazem\u201d, explica.<\/p>\n<p style=\"text-align: justify;\">Ariane, na blogosfera h\u00e1 pouco menos de seis meses, se diz surpresa com a premia\u00e7\u00e3o e afirma que o concurso \u00e9 uma \u00f3tima iniciativa. \u201cTodo mundo que faz alguma coisa, seja ela qual for, deseja\u00a0 ser reconhecido. Assim como o Paulo, acredito que esse pr\u00eamio \u00e9 motivador e incentiva as pessoas a investir na intelig\u00eancia coletiva\u201d.<\/p>\n<p style=\"text-align: justify;\">Confira neste v\u00eddeo o testemunho de Ariane e Paulo sobre como foi vencer o pr\u00eamio:<\/p>\n<p style=\"text-align: center;\"><object width=\"480\" height=\"385\"><param name=\"movie\" value=\"http:\/\/www.youtube.com\/v\/o_vDGpp-XtI\"><\/param><param name=\"allowFullScreen\" value=\"true\"><\/param><param name=\"allowscriptaccess\" value=\"always\"><\/param><embed src=\"http:\/\/www.youtube.com\/v\/o_vDGpp-XtI\" type=\"application\/x-shockwave-flash\" allowscriptaccess=\"always\" allowfullscreen=\"true\" width=\"480\" height=\"385\"><\/embed><\/object>\n<\/p>\n<p style=\"text-align: justify;\">Outros blogs de colaboradores da Can\u00e7\u00e3o Nova tamb\u00e9m ficaram classificados entre os Top 100 no pr\u00eamio Top Blog. Veja quais s\u00e3o:<\/p>\n<ul>\n<li><a href=\"http:\/\/blog.cancaonova.com\/fatimahoje\/\" target=\"_blank\"><strong>F\u00e1tima hoje<\/strong><\/a><strong> <\/strong>na categoria Comunica\u00e7\u00e3o<\/li>\n<li><a href=\"http:\/\/blog.cancaonova.com\/fotosquefalam\/\" target=\"_blank\"><strong>Fotos que falam<\/strong><\/a> na categoria Cultura<\/li>\n<li><a href=\"http:\/\/blog.cancaonova.com\/coracaofirewall\/\" target=\"_blank\"><strong>Cora\u00e7\u00e3o Firewall<\/strong><\/a> na categoria Tecnologia<\/li>\n<li><a href=\"http:\/\/blog.cancaonova.com\/marcosjolbert\/\" target=\"_blank\"><strong>Marcos Joubert<\/strong><\/a> na categoria Tecnologia<\/li>\n<li><a href=\"http:\/\/dadomoura.com\/\" target=\"_blank\"><strong>Comportamento, reflex\u00f5es e conjecturas<\/strong><\/a> na categoria Variedades<\/li>\n<\/ul>\n<p style=\"text-align: justify;\"><a href=\"http:\/\/www.topblog.com.br\/regulamento.php\" target=\"_blank\"><strong>:: Saiba mais sobre o pr\u00eamio<\/strong><\/a><br \/>\n<a href=\"http:\/\/www.topblog.com.br\/top.php\" target=\"_blank\"><strong>:: Conhe\u00e7a os outros vencedores<\/strong><\/a><\/p>\n<p><a href=\"http:\/\/www.topblog.com.br\/top.php\" target=\"_blank\"><strong><\/strong><\/a><\/p>\n","protected":false},"excerpt":{"rendered":"<p>O Departamento de Tecnologia da Informa\u00e7\u00e3o (TI) da Can\u00e7\u00e3o Nova celebra mais uma grande vit\u00f3ria!\u00a0 Duas pessoas da sua equipe \u2013 Paulo Moraes, analista de novas tecnologias; e Ariane Fonseca, produtora de conte\u00fado do Portal CN \u2013 disputaram a fase&#8230;<\/p>\n","protected":false},"author":1051,"featured_media":0,"comment_status":"open","ping_status":"open","sticky":false,"template":"","format":"standard","meta":{"_mi_skip_tracking":false,"_monsterinsights_sitenote_active":false,"_monsterinsights_sitenote_note":"","_monsterinsights_sitenote_category":0,"footnotes":""},"categories":[27],"tags":[671,5011,18614,113],"_links":{"self":[{"href":"https:\/\/blog.cancaonova.com\/redacao\/wp-json\/wp\/v2\/posts\/4876"}],"collection":[{"href":"https:\/\/blog.cancaonova.com\/redacao\/wp-json\/wp\/v2\/posts"}],"about":[{"href":"https:\/\/blog.cancaonova.com\/redacao\/wp-json\/wp\/v2\/types\/post"}],"author":[{"embeddable":true,"href":"https:\/\/blog.cancaonova.com\/redacao\/wp-json\/wp\/v2\/users\/1051"}],"replies":[{"embeddable":true,"href":"https:\/\/blog.cancaonova.com\/redacao\/wp-json\/wp\/v2\/comments?post=4876"}],"version-history":[{"count":15,"href":"https:\/\/blog.cancaonova.com\/redacao\/wp-json\/wp\/v2\/posts\/4876\/revisions"}],"predecessor-version":[{"id":4882,"href":"https:\/\/blog.cancaonova.com\/redacao\/wp-json\/wp\/v2\/posts\/4876\/revisions\/4882"}],"wp:attachment":[{"href":"https:\/\/blog.cancaonova.com\/redacao\/wp-json\/wp\/v2\/media?parent=4876"}],"wp:term":[{"taxonomy":"category","embeddable":true,"href":"https:\/\/blog.cancaonova.com\/redacao\/wp-json\/wp\/v2\/categories?post=4876"},{"taxonomy":"post_tag","embeddable":true,"href":"https:\/\/blog.cancaonova.com\/redacao\/wp-json\/wp\/v2\/tags?post=4876"}],"curies":[{"name":"wp","href":"https:\/\/api.w.org\/{rel}","templated":true}]}}