{"id":4954,"date":"2009-09-18T12:00:43","date_gmt":"2009-09-18T15:00:43","guid":{"rendered":"http:\/\/blog.cancaonova.com\/redacao\/?p=4954"},"modified":"2009-09-21T14:17:50","modified_gmt":"2009-09-21T17:17:50","slug":"preocupacao-com-a-verdade-historica-na-vida-dos-santos","status":"publish","type":"post","link":"https:\/\/blog.cancaonova.com\/redacao\/preocupacao-com-a-verdade-historica-na-vida-dos-santos\/","title":{"rendered":"Preocupa\u00e7\u00e3o com a verdade hist\u00f3rica na vida dos santos"},"content":{"rendered":"<p class=\"western\"><span style=\"font-size: small;\">O trabalho desenvolvido pela Congrega\u00e7\u00e3o das Causas dos Santos \u00e9 meticuloso, profundo, de elevado n\u00edvel cient\u00edfico; nele est\u00e3o envolvidas diversas disciplinas como a teologia, a hist\u00f3ria, o direito, a medicina, a psicologia, entre outras.<\/span><\/p>\n<p class=\"western\" style=\"margin-top: 0.49cm; margin-bottom: 0cm;\" align=\"justify\"><span style=\"font-size: small;\">A preocupa\u00e7\u00e3o com a verdade hist\u00f3rica sempre esteve presente no trabalho da Congrega\u00e7\u00e3o,desde o seu in\u00edcio. Podemos encontrar uma elucida\u00e7\u00e3o concreta no decreto de Pio X, de 26 de agosto de 1913 \u2013 depois integrado ao C\u00f3digo de Direito Can\u00f4nico de 1917 \u2013, que estabelecia o recolhimento e o estudo de todos os documentos hist\u00f3ricos relativos \u00e0s causas. Mas a novidade fundamental foi introduzida pelo documento <em>&#8216;Gi\u00e1 da qualche tempo&#8217;, <\/em>de 6 de fevereiro de 1930, com o qual Pio XI instituiu, no seio da Congrega\u00e7\u00e3o dos Ritos \u2013 assim era chamada a nossa Congrega\u00e7\u00e3o \u2013 a &#8216;Se\u00e7\u00e3o Hist\u00f3rica,&#8217; com a fun\u00e7\u00e3o de contribuir eficazmente para o tratamento das causas hist\u00f3ricas, isto \u00e9, daquelas que n\u00e3o disp\u00f5em de testemunhas contempor\u00e2neas <em>dis factos<\/em> em quest\u00e3o. <\/span><\/p>\n<p class=\"western\" style=\"margin-top: 0.49cm; margin-bottom: 0cm;\" align=\"center\"><span style=\"font-size: small;\"><object width=\"480\" height=\"385\" type=\"application\/x-shockwave-flash\" data=\"http:\/\/webtvcn.com\/player\/v\/113189\" ><param name=\"movie\" value=\"http:\/\/webtvcn.com\/player\/v\/113189\" \/><param name=\"allowScriptAccess\" value=\"aways\" \/><param name=\"wmode\" value=\"window\" \/><param name=\"loop\" value=\"false\" \/><param name=\"menu\" value=\"true\" \/><param name=\"allowFullScreen\" value=\"true\" \/><\/object><br \/>\n<\/span><\/p>\n<p class=\"western\" style=\"margin-top: 0.49cm; margin-bottom: 0cm;\" align=\"justify\"><span style=\"font-size: small;\">O servi\u00e7o prestado pela Se\u00e7\u00e3o Hist\u00f3rica, a partir de 1969, denominada Departamento Hist\u00f3rico-Hagiogr\u00e1fico, foi alargado a todas as causas, mesmo as recentes, aumentando a sensibilidade hist\u00f3rico-cr\u00edtica em todas as fases do processo. Mais recentemente, a constitui\u00e7\u00e3o apost\u00f3lica <em>Divinus Perfectionis Magister,<\/em> de 25 de janeiro de 1983, seguida das <em>Normae Servandae <\/em>de 7 de fevereiro de 1983, estabeleceu definitivamente a contribui\u00e7\u00e3o determinante do m\u00e9todo e da qualidade hist\u00f3rica no tratamento das causas dos santos.<\/span><\/p>\n<p class=\"western\" style=\"margin-top: 0.49cm; margin-bottom: 0cm;\" align=\"justify\"><span style=\"font-size: small;\">A verdade hist\u00f3rica, t\u00e3o diligentemente procurada por motivos ideol\u00f3gicos e pastorais, traz muitos benef\u00edcios nomeadamente \u00e0 apresenta\u00e7\u00e3o cultural dos santos. Os novos beatos e santos &#8220;sa\u00edram da sacristia&#8221; para serem estudados e apresentados tamb\u00e9m como personagens historicamente significativas, bem dentro da vida da sua Igreja, da sua sociedade, do seu tempo. Assim, j\u00e1 n\u00e3o dizem respeito apenas \u00e0 Igreja e aos crentes, mas a todos aqueles que se interessam por hist\u00f3ria, cultura, vida civil, pol\u00edtica, pedagogia entre outros. Deste modo, a miss\u00e3o destes extraordin\u00e1rios homens de Deus continua de outra maneira, e, ainda assim eficaz, para o bem de toda a sociedade.\u00a0 \u00c9 significativo, nesse prop\u00f3sito, o fato de o arquivo da Congrega\u00e7\u00e3o para as Causas dos Santos ser hoje frequentado tamb\u00e9m, al\u00e9m pelos respons\u00e1veis eclesi\u00e1sticos, por estudiosos leigos que a\u00ed se dirigem para teses de licenciatura, para estudos de hist\u00f3ria, de pedagogia, de sociologia etc. Precisamente porque a\u00ed encontram material em abund\u00e2ncia e historicamente fi\u00e1vel. <\/span><\/p>\n<p class=\"western\" style=\"margin-top: 0.49cm; margin-bottom: 0cm;\" align=\"justify\">\n<p class=\"western\" align=\"right\"><em>(Trecho extra\u00eddo do livro \u201cComo se faz um santo\u201d,<br \/>\np\u00e1gina 28-29 de Cardeal Saraiva Martins)<\/em><\/p>\n<p class=\"western\"><strong>Sobre o Cardeal<\/strong><\/p>\n<p class=\"western\" align=\"justify\">Jos\u00e9 Saraiva Martins nasceu a 6 de janeiro de 1932 em Gagos de Jarmelo, Portugal. Tendo entrado ainda jovem para a Congrega\u00e7\u00e3o dos Mission\u00e1rios Filhos do Cora\u00e7\u00e3o Imaculado de Maria, foi ordenado sacerdote a 16 de mar\u00e7o de 1975. Docente de Teologia e Reitor da Pontif\u00edcia Universidade Urbaniana, durante o per\u00edodo da sua atividade acad\u00eamica publicou vasta e not\u00f3ria obra de Teologia. Em 1988 foi nomeado arcebispo secret\u00e1rio da Congrega\u00e7\u00e3o para a Educa\u00e7\u00e3o Cat\u00f3lica. Foi de 30 de maio de 1998 at\u00e9 9 de julho de 2008 Prefeito da Congrega\u00e7\u00e3o para as Causas dos Santos. Elevado a cardeal pelo Papa Jo\u00e3o Paulo II em 21 de fevereiro de 2001, foi-lhe atribu\u00eddo o t\u00edtulo da bas\u00edlica de Nossa Senhora do Sagrado Cora\u00e7\u00e3o.<\/p>\n<p class=\"western\" style=\"margin-bottom: 0cm;\">\n","protected":false},"excerpt":{"rendered":"<p>O trabalho desenvolvido pela Congrega\u00e7\u00e3o das Causas dos Santos \u00e9 meticuloso, profundo, de elevado n\u00edvel cient\u00edfico; nele est\u00e3o envolvidas diversas disciplinas como a teologia, a hist\u00f3ria, o direito, a medicina, a psicologia, entre outras. A preocupa\u00e7\u00e3o com a verdade hist\u00f3rica&#8230;<\/p>\n","protected":false},"author":1051,"featured_media":0,"comment_status":"open","ping_status":"open","sticky":false,"template":"","format":"standard","meta":{"_mi_skip_tracking":false,"_monsterinsights_sitenote_active":false,"_monsterinsights_sitenote_note":"","_monsterinsights_sitenote_category":0,"footnotes":""},"categories":[3201],"tags":[5011,6351,17384,20476,7931,7761,17385,23650,39],"_links":{"self":[{"href":"https:\/\/blog.cancaonova.com\/redacao\/wp-json\/wp\/v2\/posts\/4954"}],"collection":[{"href":"https:\/\/blog.cancaonova.com\/redacao\/wp-json\/wp\/v2\/posts"}],"about":[{"href":"https:\/\/blog.cancaonova.com\/redacao\/wp-json\/wp\/v2\/types\/post"}],"author":[{"embeddable":true,"href":"https:\/\/blog.cancaonova.com\/redacao\/wp-json\/wp\/v2\/users\/1051"}],"replies":[{"embeddable":true,"href":"https:\/\/blog.cancaonova.com\/redacao\/wp-json\/wp\/v2\/comments?post=4954"}],"version-history":[{"count":6,"href":"https:\/\/blog.cancaonova.com\/redacao\/wp-json\/wp\/v2\/posts\/4954\/revisions"}],"predecessor-version":[{"id":4958,"href":"https:\/\/blog.cancaonova.com\/redacao\/wp-json\/wp\/v2\/posts\/4954\/revisions\/4958"}],"wp:attachment":[{"href":"https:\/\/blog.cancaonova.com\/redacao\/wp-json\/wp\/v2\/media?parent=4954"}],"wp:term":[{"taxonomy":"category","embeddable":true,"href":"https:\/\/blog.cancaonova.com\/redacao\/wp-json\/wp\/v2\/categories?post=4954"},{"taxonomy":"post_tag","embeddable":true,"href":"https:\/\/blog.cancaonova.com\/redacao\/wp-json\/wp\/v2\/tags?post=4954"}],"curies":[{"name":"wp","href":"https:\/\/api.w.org\/{rel}","templated":true}]}}