{"id":5035,"date":"2009-10-14T15:42:57","date_gmt":"2009-10-14T18:42:57","guid":{"rendered":"http:\/\/blog.cancaonova.com\/redacao\/?p=5035"},"modified":"2009-10-14T15:42:57","modified_gmt":"2009-10-14T18:42:57","slug":"como-funciona-a-congregacao-para-as-causas-dos-santos","status":"publish","type":"post","link":"https:\/\/blog.cancaonova.com\/redacao\/como-funciona-a-congregacao-para-as-causas-dos-santos\/","title":{"rendered":"Como funciona a Congrega\u00e7\u00e3o para as Causas dos Santos"},"content":{"rendered":"<p class=\"western\" style=\"text-align: left;\">\n<p style=\"margin-top: 0.49cm; margin-bottom: 0cm;\" align=\"justify\">As quest\u00f5es mais relevantes s\u00e3o analisadas e avaliadas por diversos \u00f3rg\u00e3os colegiais. Por exemplo, o congresso ordin\u00e1rio, que se re\u00fane todas as semanas, decide sobre a validade jur\u00eddica das investiga\u00e7\u00f5es diocesanas; a sess\u00e3o dos consultores hist\u00f3ricos avalia o valor cient\u00edfico e a sufici\u00eancia da documenta\u00e7\u00e3o relativa \u00e0s causas antigas; o conselho m\u00e9dico ou t\u00e9cnico examina o aspecto cient\u00edfico dos supostos milagres; o congresso especial dos consultores te\u00f3logos, presidido pelo promotor geral da f\u00e9, exprime o seu voto acerca da heroicidade das virtudes, o mart\u00edrio, a sobrenaturalidade dos supostos milagres; a sess\u00e3o ordin\u00e1ria dos cardeais e dos bispos, presidida pelo Prefeito da Congrega\u00e7\u00e3o, pronuncia-se sobre as mat\u00e9rias em rela\u00e7\u00e3o \u00e0s quais os consultores te\u00f3logos exprimiram j\u00e1 o seu parecer. As conclus\u00f5es dos cardeais e do bispos s\u00e3o depois comunicadas pelo Prefeito ao Santo Padre, que toma a decis\u00e3o definitiva.<\/p>\n<p class=\"western\" style=\"text-align: left;\">\n<p class=\"western\" style=\"text-align: center;\"><span style=\"font-size: small;\"><object width=\"480\" height=\"385\" type=\"application\/x-shockwave-flash\" data=\"http:\/\/webtvcn.com\/player\/v\/113187\" ><param name=\"movie\" value=\"http:\/\/webtvcn.com\/player\/v\/113187\" \/><param name=\"allowScriptAccess\" value=\"aways\" \/><param name=\"wmode\" value=\"window\" \/><param name=\"loop\" value=\"false\" \/><param name=\"menu\" value=\"true\" \/><param name=\"allowFullScreen\" value=\"true\" \/><\/object><br \/>\n<\/span><\/p>\n<p class=\"western\" style=\"text-align: center;\">\n<p class=\"western\" style=\"text-align: left;\">\n<p style=\"margin-top: 0.49cm; margin-bottom: 0cm;\" align=\"justify\">Uma nova figura jur\u00eddica, resultante da legisla\u00e7\u00e3o de 1983, \u00e9 a do relator, que, na verdade, assumiu as fun\u00e7\u00f5es que antes eram distribu\u00eddas pelo promotor da f\u00e9 e pelos advogados das causas. O relator \u00e9 coadjuvado no seu trabalho por um colaborador externo, indicado pela postula\u00e7\u00e3o interessada. Atualmente, os prazos para a prepara\u00e7\u00e3o das posi\u00e7\u00f5es s\u00e3o mais curtos do que acontecia antes de 1983. De fato, se os colaboradores dos relatores trabalharem ativamente, uma posi\u00e7\u00e3o em poucos anos pode ficar conclu\u00edda, impressa e posta em lista de espera para os referidos colegiais.<\/p>\n<p style=\"margin-top: 0.49cm; margin-bottom: 0cm;\" align=\"justify\">Para o reconhecimento das virtudes her\u00f3icas \u00e9 promulgado um decreto espec\u00edfico na presen\u00e7a do Santo Padre. A partir desse momento, \u00e9 dado ao servo de Deus o t\u00edtudo de \u201cvener\u00e1vel\u201d que, no entanto, n\u00e3o implica nenhuma forma de culto p\u00fablico. Para se chegar \u00e0 beatifica\u00e7\u00e3o, \u00e9 necess\u00e1rio o reconhecimento de um milagre atribu\u00eddo \u00e0 intercess\u00e3o do vener\u00e1vel. Depois disso, \u00e9 preciso um outro milagre para a canoniza\u00e7\u00e3o.<\/p>\n<p style=\"margin-top: 0.49cm; margin-bottom: 0cm; text-align: right;\"><em>(Trecho extra\u00eddo do livro \u201cComo se faz um santo\u201d de Cardeal Saraiva Martins)<\/em><\/p>\n<p class=\"western\" style=\"text-align: left;\">\n<p class=\"western\" style=\"text-align: left;\">\n<p class=\"western\" style=\"text-align: left;\">\n<p class=\"western\" style=\"text-align: left;\"><strong>Sobre o Cardeal<\/strong><\/p>\n<p class=\"western\" align=\"justify\">Jos\u00e9 Saraiva Martins nasceu a 6 de janeiro de 1932 em Gagos de Jarmelo, Portugal. Tendo entrado ainda jovem para a Congrega\u00e7\u00e3o dos Mission\u00e1rios Filhos do Cora\u00e7\u00e3o Imaculado de Maria, foi ordenado sacerdote a 16 de mar\u00e7o de 1975. Docente de Teologia e Reitor da Pontif\u00edcia Universidade Urbaniana, durante o per\u00edodo da sua atividade acad\u00eamica publicou vasta e not\u00f3ria obra de Teologia. Em 1988 foi nomeado arcebispo secret\u00e1rio da Congrega\u00e7\u00e3o para a Educa\u00e7\u00e3o Cat\u00f3lica. Foi de 30 de maio de 1998 at\u00e9 9 de julho de 2008 Prefeito da Congrega\u00e7\u00e3o para as Causas dos Santos. Elevado a cardeal pelo Papa Jo\u00e3o Paulo II em 21 de fevereiro de 2001, foi-lhe atribu\u00eddo o t\u00edtulo da bas\u00edlica de Nossa Senhora do Sagrado Cora\u00e7\u00e3o.<\/p>\n","protected":false},"excerpt":{"rendered":"<p>As quest\u00f5es mais relevantes s\u00e3o analisadas e avaliadas por diversos \u00f3rg\u00e3os colegiais. Por exemplo, o congresso ordin\u00e1rio, que se re\u00fane todas as semanas, decide sobre a validade jur\u00eddica das investiga\u00e7\u00f5es diocesanas; a sess\u00e3o dos consultores hist\u00f3ricos avalia o valor cient\u00edfico&#8230;<\/p>\n","protected":false},"author":1051,"featured_media":0,"comment_status":"open","ping_status":"open","sticky":false,"template":"","format":"standard","meta":{"_mi_skip_tracking":false,"_monsterinsights_sitenote_active":false,"_monsterinsights_sitenote_note":"","_monsterinsights_sitenote_category":0,"footnotes":""},"categories":[3201],"tags":[5011,6351,17384,20476,24678,6571,7931,7761,271,17385],"_links":{"self":[{"href":"https:\/\/blog.cancaonova.com\/redacao\/wp-json\/wp\/v2\/posts\/5035"}],"collection":[{"href":"https:\/\/blog.cancaonova.com\/redacao\/wp-json\/wp\/v2\/posts"}],"about":[{"href":"https:\/\/blog.cancaonova.com\/redacao\/wp-json\/wp\/v2\/types\/post"}],"author":[{"embeddable":true,"href":"https:\/\/blog.cancaonova.com\/redacao\/wp-json\/wp\/v2\/users\/1051"}],"replies":[{"embeddable":true,"href":"https:\/\/blog.cancaonova.com\/redacao\/wp-json\/wp\/v2\/comments?post=5035"}],"version-history":[{"count":4,"href":"https:\/\/blog.cancaonova.com\/redacao\/wp-json\/wp\/v2\/posts\/5035\/revisions"}],"predecessor-version":[{"id":5074,"href":"https:\/\/blog.cancaonova.com\/redacao\/wp-json\/wp\/v2\/posts\/5035\/revisions\/5074"}],"wp:attachment":[{"href":"https:\/\/blog.cancaonova.com\/redacao\/wp-json\/wp\/v2\/media?parent=5035"}],"wp:term":[{"taxonomy":"category","embeddable":true,"href":"https:\/\/blog.cancaonova.com\/redacao\/wp-json\/wp\/v2\/categories?post=5035"},{"taxonomy":"post_tag","embeddable":true,"href":"https:\/\/blog.cancaonova.com\/redacao\/wp-json\/wp\/v2\/tags?post=5035"}],"curies":[{"name":"wp","href":"https:\/\/api.w.org\/{rel}","templated":true}]}}