{"id":5191,"date":"2009-12-28T09:12:50","date_gmt":"2009-12-28T12:12:50","guid":{"rendered":"http:\/\/blog.cancaonova.com\/redacao\/?p=5191"},"modified":"2009-12-28T09:12:50","modified_gmt":"2009-12-28T12:12:50","slug":"qual-a-diferenca-entre-graca-e-milagre","status":"publish","type":"post","link":"https:\/\/blog.cancaonova.com\/redacao\/qual-a-diferenca-entre-graca-e-milagre\/","title":{"rendered":"Qual a diferen\u00e7a entre gra\u00e7a e milagre?"},"content":{"rendered":"<p class=\"western\" style=\"margin-top: 0.49cm; margin-bottom: 0cm;\" align=\"justify\"><span style=\"font-family: Times New Roman,serif;\"><span style=\"font-size: medium;\">A gra\u00e7a \u00e9 uma ajuda divina que se obt\u00e9m para o bom \u00eaxito das atividades do homem. Essa ajuda, todavia, n\u00e3o se exprime como perturba\u00e7\u00e3o das leis naturais, mas como um \u00absuplemento\u00bb no seio da pr\u00f3pria natureza, uma assist\u00eancia particular que Deus concede intensificando as potencialidades naturais.<\/span><\/span><\/p>\n<p class=\"western\" style=\"margin-top: 0.49cm; margin-bottom: 0cm;\" align=\"justify\"><span style=\"font-family: Times New Roman,serif;\"><span style=\"font-size: medium;\">O milagre, por sua vez, manifesta-se precisamente como um acontecimento que se distingue do habitual desenvolvimento da realidade. Possui caracter\u00edsticas particulares. Nas causas dos santos, geralmente, s\u00e3o as curas, os milagres que o Discat\u00e9rio examina; e isso porque elas s\u00e3o acess\u00edveis ao controle dos sentidos. Devem-se \u00e0 interven\u00e7\u00e3o de Deus por meio da intercess\u00e3o de um servo d&#8217;Ele.<\/span><\/span><\/p>\n<p class=\"western\" style=\"margin-top: 0.49cm; margin-bottom: 0cm;\" align=\"justify\"><span style=\"font-family: Times New Roman,serif;\"><span style=\"font-size: medium;\">Na pr\u00e1tica da Congrega\u00e7\u00e3o, antes de o Papa declarar que um fato \u00e9 milagroso, todo o processo \u00e9 estudado de forma cient\u00edfica. Nesta fase, os m\u00e9dicos, singularmente e de forma colegial, s\u00e3o chamados a esclarecer se uma determinada cura \u00e9 realmente inexplic\u00e1vel \u00e0 luz da ci\u00eancia m\u00e9dica atual. Para que uma cura possa ser considerada miraculosa tem de se constatar cientificamente que esta foi instant\u00e2nea, completa e duradoura (p. 97).<\/span><\/span><\/p>\n<p class=\"western\" style=\"margin-top: 0.49cm; margin-bottom: 0cm;\" align=\"justify\"><strong>Cardeal Saraiva Martins fala sobre <em>&#8220;O amor dos santos \u00e0 Eucaristia e a Maria&#8221;.<\/em> Confira:<\/strong><\/p>\n<p><object classid=\"clsid:d27cdb6e-ae6d-11cf-96b8-444553540000\" width=\"490\" height=\"303\" codebase=\"http:\/\/download.macromedia.com\/pub\/shockwave\/cabs\/flash\/swflash.cab#version=6,0,40,0\"><param name=\"allowScriptAccess\" value=\"aways\" \/><param name=\"wmode\" value=\"window\" \/><param name=\"loop\" value=\"false\" \/><param name=\"menu\" value=\"true\" \/><param name=\"allowFullScreen\" value=\"true\" \/><param name=\"src\" value=\"http:\/\/www.webtvcn.com\/player\/v\/115602\" \/><embed type=\"application\/x-shockwave-flash\" width=\"490\" height=\"303\" src=\"http:\/\/www.webtvcn.com\/player\/v\/115602\" allowfullscreen=\"true\" menu=\"true\" loop=\"false\" wmode=\"window\" allowscriptaccess=\"aways\"><\/embed><\/object><\/p>\n<p class=\"western\" style=\"margin-top: 0.49cm; margin-bottom: 0cm;\" align=\"justify\"><span style=\"font-size: medium;\"><span style=\"font-family: Times New Roman,serif;\"><em>&lt;i&gt;Pedidos&lt;\/i&gt;: <\/em><\/span><span style=\"font-family: Times New Roman,serif;\">Aqui entramos no mist\u00e9rio de Deus. N\u00f3s n\u00e3o conhecemos os planos d&#8217;Ele na escolha de quem ser\u00e1 atendido. Conceder uma gra\u00e7a ou uma cura \u00e9 um ato livre do Senhor. Ele pede-nos total confian\u00e7a. Na documenta\u00e7\u00e3o para o estudo de um milagre nota-se, com frequ\u00eancia, que Deus, por interm\u00e9dio de um vener\u00e1vel ou de um beato, concede a sua pr\u00f3pria interven\u00e7\u00e3o a favor de pessoas dispostas a receber o dom da cura e sobretudo intencionadas a cumprir a Sua vontade: \u00abPedi e recebereis, batei \u00e0 porta e ser-vos-\u00e1 aberta\u00bb, diz o Evangelho. A f\u00e9 n\u00e3o s\u00f3 faz aderir \u00e0 vontade do Todo-poderoso, mas \u00e9 uma tens\u00e3o viva do homem para entrar no mist\u00e9rio divino. <\/span><\/span><\/p>\n<p class=\"western\" style=\"margin-top: 0.49cm; margin-bottom: 0cm;\" align=\"justify\"><span style=\"font-size: medium;\"><span style=\"font-family: Times New Roman,serif;\"><em>(Trecho extra\u00eddo do livro \u201cComo se faz um santo\u201d de Cardeal Saraiva Martins; p\u00e1gs. 99-100)<\/em><\/span><\/span><\/p>\n<p class=\"western\" align=\"left\">\n<p class=\"western\" align=\"left\"><span style=\"font-family: Times New Roman,serif;\"><span style=\"font-size: medium;\"><strong>Sobre o Cardeal<\/strong><\/span><\/span><\/p>\n<p class=\"western\" align=\"justify\"><span style=\"font-family: Times New Roman,serif;\"><span style=\"font-size: medium;\">Jos\u00e9 Saraiva Martins nasceu a 6 de janeiro de 1932 em Gagos de Jarmelo, Portugal. Tendo entrado ainda jovem para a Congrega\u00e7\u00e3o dos Mission\u00e1rios Filhos do Cora\u00e7\u00e3o Imaculado de Maria, foi ordenado sacerdote a 16 de mar\u00e7o de 1975. Docente de Teologia e Reitor da Pontif\u00edcia Universidade Urbaniana, durante o per\u00edodo da sua atividade acad\u00eamica publicou vasta e not\u00f3ria obra de Teologia. Em 1988 foi nomeado arcebispo secret\u00e1rio da Congrega\u00e7\u00e3o para a Educa\u00e7\u00e3o Cat\u00f3lica. Foi de 30 de maio de 1998 at\u00e9 9 de julho de 2008 Prefeito da Congrega\u00e7\u00e3o para as Causas dos Santos. Elevado a cardeal pelo Papa Jo\u00e3o Paulo II em 21 de fevereiro de 2001, foi-lhe atribu\u00eddo o t\u00edtulo da bas\u00edlica de Nossa Senhora do Sagrado Cora\u00e7\u00e3o.<\/span><\/span><\/p>\n<p class=\"western\">\n<p class=\"western\" style=\"margin-bottom: 0cm;\">\n<p class=\"western\">\n<p class=\"western\" style=\"margin-bottom: 0cm;\">\n","protected":false},"excerpt":{"rendered":"<p>A gra\u00e7a \u00e9 uma ajuda divina que se obt\u00e9m para o bom \u00eaxito das atividades do homem. Essa ajuda, todavia, n\u00e3o se exprime como perturba\u00e7\u00e3o das leis naturais, mas como um \u00absuplemento\u00bb no seio da pr\u00f3pria natureza, uma assist\u00eancia particular&#8230;<\/p>\n","protected":false},"author":1051,"featured_media":0,"comment_status":"open","ping_status":"open","sticky":false,"template":"","format":"standard","meta":{"_mi_skip_tracking":false,"_monsterinsights_sitenote_active":false,"_monsterinsights_sitenote_note":"","_monsterinsights_sitenote_category":0,"footnotes":""},"categories":[3201],"tags":[5011,6351,17384,20476,24678,6571,17061,20120,16136,7931,7761,271,17385],"_links":{"self":[{"href":"https:\/\/blog.cancaonova.com\/redacao\/wp-json\/wp\/v2\/posts\/5191"}],"collection":[{"href":"https:\/\/blog.cancaonova.com\/redacao\/wp-json\/wp\/v2\/posts"}],"about":[{"href":"https:\/\/blog.cancaonova.com\/redacao\/wp-json\/wp\/v2\/types\/post"}],"author":[{"embeddable":true,"href":"https:\/\/blog.cancaonova.com\/redacao\/wp-json\/wp\/v2\/users\/1051"}],"replies":[{"embeddable":true,"href":"https:\/\/blog.cancaonova.com\/redacao\/wp-json\/wp\/v2\/comments?post=5191"}],"version-history":[{"count":7,"href":"https:\/\/blog.cancaonova.com\/redacao\/wp-json\/wp\/v2\/posts\/5191\/revisions"}],"predecessor-version":[{"id":5198,"href":"https:\/\/blog.cancaonova.com\/redacao\/wp-json\/wp\/v2\/posts\/5191\/revisions\/5198"}],"wp:attachment":[{"href":"https:\/\/blog.cancaonova.com\/redacao\/wp-json\/wp\/v2\/media?parent=5191"}],"wp:term":[{"taxonomy":"category","embeddable":true,"href":"https:\/\/blog.cancaonova.com\/redacao\/wp-json\/wp\/v2\/categories?post=5191"},{"taxonomy":"post_tag","embeddable":true,"href":"https:\/\/blog.cancaonova.com\/redacao\/wp-json\/wp\/v2\/tags?post=5191"}],"curies":[{"name":"wp","href":"https:\/\/api.w.org\/{rel}","templated":true}]}}