{"id":5259,"date":"2010-01-25T12:55:30","date_gmt":"2010-01-25T15:55:30","guid":{"rendered":"http:\/\/blog.cancaonova.com\/redacao\/?p=5259"},"modified":"2010-01-25T13:04:13","modified_gmt":"2010-01-25T16:04:13","slug":"padres-da-cancao-nova-no-mundo-digital","status":"publish","type":"post","link":"https:\/\/blog.cancaonova.com\/redacao\/padres-da-cancao-nova-no-mundo-digital\/","title":{"rendered":"Padres da Can\u00e7\u00e3o Nova no mundo digital"},"content":{"rendered":"<p style=\"text-align: justify;\">Neste \u00faltimo s\u00e1bado, dia 23, <a href=\"http:\/\/noticias.cancaonova.com\/noticia.php?id=275320\" target=\"_blank\"><strong>o papa Bento XVI pediu<\/strong><\/a> aos padres do mundo que invistam na internet para evangelizar. O convite foi feito em sua mensagem para o <a href=\"http:\/\/noticias.cancaonova.com\/noticia.php?id=275319\" target=\"_blank\"><strong>44\u00ba Dia Mundial das Comunica\u00e7\u00f5es<\/strong><\/a>, que este ano tem como tema &#8216;O sacerdote e a pastoral no mundo digital: os novos media a servi\u00e7o da Palavra&#8217; \u2013 em comemora\u00e7\u00e3o ao Ano Sacerdotal. &#8220;Atrav\u00e9s dos meios modernos de comunica\u00e7\u00e3o, o sacerdote poder\u00e1 dar a conhecer a vida da Igreja e ajudar os homens de hoje a descobrirem o rosto de Cristo&#8221;, explicou o Sumo Pont\u00edfice.<\/p>\n<p style=\"text-align: justify;\">Acreditando na import\u00e2ncia do mundo digital na evangeliza\u00e7\u00e3o, os padres da Can\u00e7\u00e3o Nova j\u00e1 investem nos blogs para levar a Palavra de Deus \u201cat\u00e9 os confins da Terra\u201d, como pediu Jesus em Atos dos Ap\u00f3stolos 1,8.<\/p>\n<p style=\"text-align: justify;\">Confira quais padres consagrados na comunidade cat\u00f3lica est\u00e3o na rede mundial de computadores:<\/p>\n<p style=\"text-align: justify;\"><strong>Padre Alu\u00edsio<\/strong><\/p>\n<p style=\"text-align: justify;\">No seu blog, padre Alu\u00edsio traz forma\u00e7\u00e3o espiritual, al\u00e9m de falar sobre o projeto \u201cM\u00e3os que evangelizam\u201d, focado na evangeliza\u00e7\u00e3o dos surdos. O sacerdote trabalha com este p\u00fablico desde que se tornou mission\u00e1rio da Can\u00e7\u00e3o Nova.<\/p>\n<p style=\"text-align: justify;\"><a href=\"http:\/\/blog.cancaonova.com\/padrealuisio\" target=\"_blank\"><strong>:: Conhe\u00e7a o blog<\/strong><\/a><\/p>\n<p style=\"text-align: justify;\"><strong>Padre Anderson Mar\u00e7al<\/strong><\/p>\n<p style=\"text-align: justify;\">O blog do padre Anderson traz desde forma\u00e7\u00e3o humana, at\u00e9 espiritual e pol\u00edtica. O sacerdote se preocupa em ensinar aos internautas sobre os fundamentos da Igreja, sempre deixando dicas sobre as principais d\u00favidas dos crist\u00e3os.<\/p>\n<p style=\"text-align: justify;\"><a href=\"http:\/\/blog.cancaonova.com\/padreanderson\/\" target=\"_blank\"><strong>:: Conhe\u00e7a o blog<\/strong><\/a><\/p>\n<p style=\"text-align: justify;\"><strong>Padre Ant\u00f4nio Xavier<\/strong><\/p>\n<p style=\"text-align: justify;\">Intitulado \u201cA verdade simplifica as coisas\u201d, o blog do padre Xavier traz artigos profundos sobre assuntos da Igreja e de forma\u00e7\u00e3o humana. O sacerdote busca abordar temas de interesse geral com uma linguagem simples e clara, segundo os mandamentos de Deus.<\/p>\n<p style=\"text-align: justify;\"><a href=\"http:\/\/blog.cancaonova.com\/padrexavier\/\" target=\"_blank\"><strong>:: Conhe\u00e7a o blog<\/strong><\/a><\/p>\n<p style=\"text-align: justify;\"><strong>Padre Bruno Costa<\/strong><\/p>\n<p style=\"text-align: justify;\">Em seu espa\u00e7o virtual na web, realizado desde 2008, padre Bruno divulga suas viagens de evangeliza\u00e7\u00e3o pelo Brasil e pelo mundo, al\u00e9m de trazer artigos de forma\u00e7\u00e3o humana e ora\u00e7\u00f5es.<\/p>\n<p style=\"text-align: justify;\"><a href=\"http:\/\/blog.cancaonova.com\/padrebruno\/\" target=\"_blank\"><strong>:: Conhe\u00e7a o blog<\/strong><\/a><\/p>\n<p style=\"text-align: justify;\"><strong>Padre Carlos<\/strong><\/p>\n<p style=\"text-align: justify;\">Engajado com a evangeliza\u00e7\u00e3o infantil, padre Carlos escreve no blog do seu programa \u201cT\u00f4 ligado\u201d, da TV Can\u00e7\u00e3o Nova. O espa\u00e7o traz assuntos sobre a Igreja de forma din\u00e2mica e divertida, a fim de atrair este p\u00fablico.<\/p>\n<p style=\"text-align: justify;\"><a href=\"http:\/\/blog.cancaonova.com\/toligado\/\" target=\"_blank\"><strong>:: Conhe\u00e7a o blog<\/strong><\/a><\/p>\n<p style=\"text-align: justify;\"><strong>Padre Cleidimar Moreira<\/strong><\/p>\n<p style=\"text-align: justify;\">Em seu espa\u00e7o virtual na web, realizado desde 2007, padre Cleidimar posta forma\u00e7\u00f5es humanas, al\u00e9m de ora\u00e7\u00f5es, divulga\u00e7\u00e3o dos eventos que participa pelo Brasil afora e opini\u00e3o sobre temas importantes que afetam a humanidade, como o aborto.<\/p>\n<p style=\"text-align: justify;\"><a href=\"http:\/\/blog.cancaonova.com\/padrecleidimar\/\" target=\"_blank\"><strong>:: Conhe\u00e7a o blog<\/strong><\/a><\/p>\n<p style=\"text-align: justify;\"><strong>Padre Cl\u00f3vis<\/strong><\/p>\n<p style=\"text-align: justify;\">Intitulado \u201cA beleza do caminho\u201d, o blog do padre Cl\u00f3vis fala sobre a import\u00e2ncia da Palavra de Deus na vida dos crist\u00e3os, al\u00e9m de dar dicas de filmes que ajudam na forma\u00e7\u00e3o humana dos fi\u00e9is.<\/p>\n<p style=\"text-align: justify;\"><a href=\"http:\/\/blog.cancaonova.com\/padreclovis\/\" target=\"_blank\"><strong>:: Conhe\u00e7a o blog<\/strong><\/a><\/p>\n<p style=\"text-align: justify;\"><strong>Padre Geraldo dos Santos<\/strong><\/p>\n<p style=\"text-align: justify;\">Em seu blog, padre Geraldinho, como \u00e9 conhecido, divulga os seus trabalhos de evangeliza\u00e7\u00e3o no Brasil e na Europa, al\u00e9m de trazer artigos sobre a Igreja e sobre forma\u00e7\u00e3o humana.<\/p>\n<p style=\"text-align: justify;\"><a href=\"http:\/\/blog.cancaonova.com\/padregeraldinho\/\" target=\"_blank\"><strong>:: Conhe\u00e7a o blog<\/strong><\/a><\/p>\n<p style=\"text-align: justify;\"><strong>Padre Jurandir<\/strong><\/p>\n<p style=\"text-align: justify;\">Consagrado da Comunidade Alian\u00e7a da Can\u00e7\u00e3o Nova, padre Jurandir traz em seu blog forma\u00e7\u00e3o sobre a Igreja, al\u00e9m de artigos sofre temas de interesse dos fi\u00e9is, como sofrimento, amor e amizade.<\/p>\n<p style=\"text-align: justify;\"><a href=\"http:\/\/blog.cancaonova.com\/padrejurandir\/\" target=\"_blank\"><strong>:: Conhe\u00e7a o blog<\/strong><\/a><\/p>\n<p style=\"text-align: justify;\"><strong>Padre Luizinho<\/strong><\/p>\n<p style=\"text-align: justify;\">Com seu jeito simples e profundo de escrever, padre Luizinho traz em seu blog assuntos em destaque na m\u00eddia nacional na perspectiva cat\u00f3lica, como o terremoto no Haiti; al\u00e9m de ora\u00e7\u00e3o e forma\u00e7\u00e3o espiritual.<\/p>\n<p style=\"text-align: justify;\"><a href=\"http:\/\/blog.cancaonova.com\/padreluizinho\/\" target=\"_blank\"><strong>:: Conhe\u00e7a o blog<\/strong><\/a><\/p>\n<p style=\"text-align: justify;\"><strong>Padre Reinaldo<\/strong><\/p>\n<p style=\"text-align: justify;\">Com o t\u00edtulo \u201cMiseric\u00f3rdia e verdade\u201d, padre Reinaldo fala em seu blog sobre a doutrina da Igreja, al\u00e9m de ter um espa\u00e7o apenas para rezar pelas inten\u00e7\u00f5es dos internautas.<\/p>\n<p style=\"text-align: justify;\"><a href=\"http:\/\/blog.cancaonova.com\/padrereinaldo\/\" target=\"_blank\"><strong>:: Conhe\u00e7a o blog<\/strong><\/a><\/p>\n<p style=\"text-align: justify;\"><strong>Padre Roger Luis<\/strong><\/p>\n<p style=\"text-align: justify;\">Em seu blog, padre Roger traz forma\u00e7\u00e3o espiritual para os internautas, al\u00e9m de ora\u00e7\u00e3o e medita\u00e7\u00e3o da Palavra de Deus. O sacerdote \u00e9 conhecido na Can\u00e7\u00e3o Nova por suas prega\u00e7\u00f5es cheias de ardor do Esp\u00edrito Santo.<\/p>\n<p style=\"text-align: justify;\"><a href=\"http:\/\/blog.cancaonova.com\/padrerogerluis\/\" target=\"_blank\"><strong>:: Conhe\u00e7a o blog<\/strong><\/a><\/p>\n<p style=\"text-align: justify;\"><strong>Veja tamb\u00e9m:<\/strong><\/p>\n<p style=\"text-align: justify;\"><a href=\"http:\/\/podcast.cancaonova.com\/programa.php?id=585\" target=\"_blank\"><strong>:: Podcast: Padre Paulo Ricardo revela sua ades\u00e3o \u00e0s novas tecnologias<\/strong><\/a><\/p>\n<p style=\"text-align: justify;\"><a href=\"http:\/\/blog.cancaonova.com\/redacao\/2009\/08\/21\/podcast-da-redacao-gente-de-fe-a-comunidade-de-relacionamento-da-cn\/\" target=\"_blank\"><strong>:: Podcast: Evangeliza\u00e7\u00e3o por meio da internet<\/strong><\/a><\/p>\n","protected":false},"excerpt":{"rendered":"<p>Neste \u00faltimo s\u00e1bado, dia 23, o papa Bento XVI pediu aos padres do mundo que invistam na internet para evangelizar. O convite foi feito em sua mensagem para o 44\u00ba Dia Mundial das Comunica\u00e7\u00f5es, que este ano tem como tema&#8230;<\/p>\n","protected":false},"author":1051,"featured_media":0,"comment_status":"open","ping_status":"open","sticky":false,"template":"","format":"standard","meta":{"_mi_skip_tracking":false,"_monsterinsights_sitenote_active":false,"_monsterinsights_sitenote_note":"","_monsterinsights_sitenote_category":0,"footnotes":""},"categories":[32],"tags":[671,1021,178141,27256,17909,3401,113],"_links":{"self":[{"href":"https:\/\/blog.cancaonova.com\/redacao\/wp-json\/wp\/v2\/posts\/5259"}],"collection":[{"href":"https:\/\/blog.cancaonova.com\/redacao\/wp-json\/wp\/v2\/posts"}],"about":[{"href":"https:\/\/blog.cancaonova.com\/redacao\/wp-json\/wp\/v2\/types\/post"}],"author":[{"embeddable":true,"href":"https:\/\/blog.cancaonova.com\/redacao\/wp-json\/wp\/v2\/users\/1051"}],"replies":[{"embeddable":true,"href":"https:\/\/blog.cancaonova.com\/redacao\/wp-json\/wp\/v2\/comments?post=5259"}],"version-history":[{"count":4,"href":"https:\/\/blog.cancaonova.com\/redacao\/wp-json\/wp\/v2\/posts\/5259\/revisions"}],"predecessor-version":[{"id":5261,"href":"https:\/\/blog.cancaonova.com\/redacao\/wp-json\/wp\/v2\/posts\/5259\/revisions\/5261"}],"wp:attachment":[{"href":"https:\/\/blog.cancaonova.com\/redacao\/wp-json\/wp\/v2\/media?parent=5259"}],"wp:term":[{"taxonomy":"category","embeddable":true,"href":"https:\/\/blog.cancaonova.com\/redacao\/wp-json\/wp\/v2\/categories?post=5259"},{"taxonomy":"post_tag","embeddable":true,"href":"https:\/\/blog.cancaonova.com\/redacao\/wp-json\/wp\/v2\/tags?post=5259"}],"curies":[{"name":"wp","href":"https:\/\/api.w.org\/{rel}","templated":true}]}}