{"id":5301,"date":"2010-01-29T15:13:31","date_gmt":"2010-01-29T18:13:31","guid":{"rendered":"http:\/\/blog.cancaonova.com\/redacao\/?p=5301"},"modified":"2010-02-01T07:51:57","modified_gmt":"2010-02-01T10:51:57","slug":"podcast-da-redacao-devemos-explorar-a-internet-para-romper-o-silencio-imposto-a-igreja","status":"publish","type":"post","link":"https:\/\/blog.cancaonova.com\/redacao\/podcast-da-redacao-devemos-explorar-a-internet-para-romper-o-silencio-imposto-a-igreja\/","title":{"rendered":"Podcast da Reda\u00e7\u00e3o: 'Devemos explorar a internet para romper o sil\u00eancio imposto \u00e0 Igreja'"},"content":{"rendered":"<p style=\"text-align: justify;\">Neste epis\u00f3dio, a gerente do portal <a href=\"http:\/\/cancaonova.com\/\" target=\"_blank\">cancaonova.com<\/a>, Willieny Isaias,<strong> <\/strong>conversa com o reitor do Semin\u00e1rio Cristo Rei da Arquidiocese de Cuiab\u00e1 (MT), padre Paulo Ricardo, sobre a mensagem do <a href=\"http:\/\/wiki.cancaonova.com\/index.php\/Bento_XVI\" target=\"_blank\">Papa Bento XVI <\/a>para 44\u00ba dia das Comunica\u00e7\u00f5es Sociais cujo tema \u00e9: <a href=\"http:\/\/noticias.cancaonova.com\/noticia.php?id=275319\" target=\"_blank\">&#8220;O sacerdote e a pastoral no mundo digital: os novos meios a servi\u00e7o da Palavra&#8221;.<\/a><\/p>\n<p style=\"text-align: justify;\">\u201cTemos um espa\u00e7o amplo na internet. Ela \u00e9 uma m\u00eddia barata e de f\u00e1cil acesso, por isso, de alguma forma devemos explorar esse meio mais do que todos os outros para romper o sil\u00eancio, o grande sil\u00eancio que est\u00e1 sendo imposto \u00e0 Igreja.<br \/>\nA Igreja vive uma situa\u00e7\u00e3o em que a m\u00eddia moderna noticia assuntos dela, mas sempre de forma negativa ou insuficiente. O Papa gostaria que n\u00f3s sacerdotes ajud\u00e1ssemos a romper este sil\u00eancio, para que houvesse na m\u00eddia, na internet, sobretudo, uma prega\u00e7\u00e3o de qualidade que proporcionasse \u00e0s pessoas o conhecimento n\u00e3o somente do Evangelho, mas de como \u00e9 que n\u00f3s crist\u00e3os devemos reagir diante do mundo moderno\u201d (Padre Paulo Ricardo).<\/p>\n<p><object classid=\"clsid:d27cdb6e-ae6d-11cf-96b8-444553540000\" width=\"303\" height=\"54\" codebase=\"http:\/\/download.macromedia.com\/pub\/shockwave\/cabs\/flash\/swflash.cab#version=6,0,40,0\"><param name=\"id\" value=\"PodPlayerCN\" \/><param name=\"flashVars\" value=\"podcast=1304\" \/><param name=\"allowScriptAccess\" value=\"always\" \/><param name=\"src\" value=\"http:\/\/podcast.cancaonova.com\/cn_player.swf?4580\" \/><embed id=\"PodPlayerCN\" type=\"application\/x-shockwave-flash\" width=\"303\" height=\"54\" src=\"http:\/\/podcast.cancaonova.com\/cn_player.swf?4580\" allowscriptaccess=\"always\" flashvars=\"podcast=1304\"><\/embed><\/object><br \/>\n<strong><strong><br \/>\nComo baixar:<\/strong><\/strong><\/p>\n<p style=\"text-align: justify;\">Ao ir para a p\u00e1gina do <a href=\"http:\/\/podcast.cancaonova.com\/canal.php?id=112\" target=\"_blank\">Podcast da Reda\u00e7\u00e3o<\/a>, voc\u00ea encontrar\u00e1 uma seta abaixo de cada arquivo de \u00e1udio; clique para baix\u00e1-lo em MP3.<\/p>\n<p style=\"text-align: justify;\"><strong><strong><\/strong><\/strong><\/p>\n<p style=\"text-align: justify;\"><strong><strong>Veja mais<\/strong>:<br \/>\n<\/strong><a href=\"http:\/\/www.padrepauloricardo.org\/site\/\" target=\"_blank\">:: Conhe\u00e7a o site do Padre Paulo Ricardo<\/a><strong><br \/>\n<\/strong><span style=\"color: #0000ff;\"><a href=\"http:\/\/www.cnchama.com.br\/\" target=\"_blank\">:: CNChama, a Palavra no seu celular<\/a><\/span><br \/>\n<span style=\"color: #0000ff;\"><a href=\"http:\/\/iphone.cancaonova.com\/\" target=\"_blank\"><span>:: Conte\u00fado Can\u00e7\u00e3o Nova no Iphone<\/span><\/a><\/span><br \/>\n<a href=\"http:\/\/paroquias.cancaonova.com\/\" target=\"_blank\"><span style=\"color: #0033cc;\"><span style=\"color: #0000ff;\">:: Cadastre sua par\u00f3quia ou capela no Portal Can\u00e7\u00e3o Nova<\/span><br \/>\n<\/span><\/a><span style=\"color: #0000ff;\"><a href=\"http:\/\/gentedefe.com\/groups\/eu-acesso-cancaonovacom\" target=\"_blank\">:: Fa\u00e7a parte do grupo \u201cEu acesso o cancaonova.com\u201d<\/a><\/span><\/p>\n","protected":false},"excerpt":{"rendered":"<p>Neste epis\u00f3dio, a gerente do portal cancaonova.com, Willieny Isaias, conversa com o reitor do Semin\u00e1rio Cristo Rei da Arquidiocese de Cuiab\u00e1 (MT), padre Paulo Ricardo, sobre a mensagem do Papa Bento XVI para 44\u00ba dia das Comunica\u00e7\u00f5es Sociais cujo tema&#8230;<\/p>\n","protected":false},"author":1051,"featured_media":0,"comment_status":"open","ping_status":"open","sticky":false,"template":"","format":"standard","meta":{"_mi_skip_tracking":false,"_monsterinsights_sitenote_active":false,"_monsterinsights_sitenote_note":"","_monsterinsights_sitenote_category":0,"footnotes":""},"categories":[81],"tags":[178141,3211,28688,28687,178143,113],"_links":{"self":[{"href":"https:\/\/blog.cancaonova.com\/redacao\/wp-json\/wp\/v2\/posts\/5301"}],"collection":[{"href":"https:\/\/blog.cancaonova.com\/redacao\/wp-json\/wp\/v2\/posts"}],"about":[{"href":"https:\/\/blog.cancaonova.com\/redacao\/wp-json\/wp\/v2\/types\/post"}],"author":[{"embeddable":true,"href":"https:\/\/blog.cancaonova.com\/redacao\/wp-json\/wp\/v2\/users\/1051"}],"replies":[{"embeddable":true,"href":"https:\/\/blog.cancaonova.com\/redacao\/wp-json\/wp\/v2\/comments?post=5301"}],"version-history":[{"count":9,"href":"https:\/\/blog.cancaonova.com\/redacao\/wp-json\/wp\/v2\/posts\/5301\/revisions"}],"predecessor-version":[{"id":5307,"href":"https:\/\/blog.cancaonova.com\/redacao\/wp-json\/wp\/v2\/posts\/5301\/revisions\/5307"}],"wp:attachment":[{"href":"https:\/\/blog.cancaonova.com\/redacao\/wp-json\/wp\/v2\/media?parent=5301"}],"wp:term":[{"taxonomy":"category","embeddable":true,"href":"https:\/\/blog.cancaonova.com\/redacao\/wp-json\/wp\/v2\/categories?post=5301"},{"taxonomy":"post_tag","embeddable":true,"href":"https:\/\/blog.cancaonova.com\/redacao\/wp-json\/wp\/v2\/tags?post=5301"}],"curies":[{"name":"wp","href":"https:\/\/api.w.org\/{rel}","templated":true}]}}