{"id":5493,"date":"2010-03-21T08:33:22","date_gmt":"2010-03-21T11:33:22","guid":{"rendered":"http:\/\/blog.cancaonova.com\/redacao\/?p=5493"},"modified":"2010-03-21T08:33:22","modified_gmt":"2010-03-21T11:33:22","slug":"podcast-da-redacao-pe-paulo-ricardo-aponta-caminho-para-combater-pedofilia","status":"publish","type":"post","link":"https:\/\/blog.cancaonova.com\/redacao\/podcast-da-redacao-pe-paulo-ricardo-aponta-caminho-para-combater-pedofilia\/","title":{"rendered":"Podcast da Reda\u00e7\u00e3o: Pe. Paulo Ricardo aponta caminho para combater pedofilia"},"content":{"rendered":"<p style=\"text-align: justify;\">Neste epis\u00f3dio, a gerente do portal <a href=\"http:\/\/cancaonova.com\" target=\"_blank\">cancaonova.com<\/a>, Willieny Isaias, disponibiliza o coment\u00e1rio do reitor do Semin\u00e1rio Cristo Rei da Arquidiocese de Cuiab\u00e1 (MT), <a href=\"http:\/\/www.padrepauloricardo.org\/\" target=\"_blank\">padre Paulo Ricardo,<\/a> que aponta o caminho para combater a <a href=\"http:\/\/noticias.cancaonova.com\/noticia.php?id=275790\" target=\"_blank\">pedofilia<\/a>.<\/p>\n<p style=\"text-align: justify;\">Nos \u00faltimos dias, notici\u00e1rios do Brasil e do mundo tem abordado os casos de pedofilia envolvendo sacerdotes da igreja cat\u00f3lica, segundo padre Paulo \u201cpregando a castidade n\u00f3s combatemos a pedofilia\u201d.<\/p>\n<p style=\"text-align: justify;\"><strong>Ou\u00e7a:<\/strong><\/p>\n<p><object classid=\"clsid:d27cdb6e-ae6d-11cf-96b8-444553540000\" width=\"303\" height=\"54\" codebase=\"http:\/\/download.macromedia.com\/pub\/shockwave\/cabs\/flash\/swflash.cab#version=6,0,40,0\"><param name=\"id\" value=\"PodPlayerCN\" \/><param name=\"flashVars\" value=\"podcast=1536\" \/><param name=\"allowScriptAccess\" value=\"always\" \/><param name=\"src\" value=\"http:\/\/podcast.cancaonova.com\/cn_player.swf?5827\" \/><embed id=\"PodPlayerCN\" type=\"application\/x-shockwave-flash\" width=\"303\" height=\"54\" src=\"http:\/\/podcast.cancaonova.com\/cn_player.swf?5827\" allowscriptaccess=\"always\" flashvars=\"podcast=1536\"><\/embed><\/object><br \/>\n<strong><strong><br \/>\nComo baixar:<\/strong><\/strong><\/p>\n<p>Ao ir para a p\u00e1gina do <a href=\"http:\/\/podcast.cancaonova.com\/canal.php?id=112\" target=\"_blank\">Podcast da Reda\u00e7\u00e3o<\/a>, voc\u00ea encontrar\u00e1 uma seta abaixo de cada arquivo de \u00e1udio; clique para baix\u00e1-lo em MP3.<br \/>\n<strong><br \/>\nLeia:<\/strong><br \/>\n<a href=\"http:\/\/noticias.cancaonova.com\/noticia.php?id=275839\" target=\"_blank\">:: Papa escreve aos crist\u00e3os da Irlanda, sobre abusos sexuais<\/a><br \/>\n<a href=\"http:\/\/noticias.cancaonova.com\/noticia.php?id=275790\" target=\"_blank\">:: Santa S\u00e9 na ONU: abuso sexual de menores em foco<\/a><\/p>\n","protected":false},"excerpt":{"rendered":"<p>Neste epis\u00f3dio, a gerente do portal cancaonova.com, Willieny Isaias, disponibiliza o coment\u00e1rio do reitor do Semin\u00e1rio Cristo Rei da Arquidiocese de Cuiab\u00e1 (MT), padre Paulo Ricardo, que aponta o caminho para combater a pedofilia. Nos \u00faltimos dias, notici\u00e1rios do Brasil&#8230;<\/p>\n","protected":false},"author":1051,"featured_media":0,"comment_status":"open","ping_status":"open","sticky":false,"template":"","format":"standard","meta":{"_mi_skip_tracking":false,"_monsterinsights_sitenote_active":false,"_monsterinsights_sitenote_note":"","_monsterinsights_sitenote_category":0,"footnotes":""},"categories":[81],"tags":[30667,5011,6351,178141,17192,16266,178143,20908,12161],"_links":{"self":[{"href":"https:\/\/blog.cancaonova.com\/redacao\/wp-json\/wp\/v2\/posts\/5493"}],"collection":[{"href":"https:\/\/blog.cancaonova.com\/redacao\/wp-json\/wp\/v2\/posts"}],"about":[{"href":"https:\/\/blog.cancaonova.com\/redacao\/wp-json\/wp\/v2\/types\/post"}],"author":[{"embeddable":true,"href":"https:\/\/blog.cancaonova.com\/redacao\/wp-json\/wp\/v2\/users\/1051"}],"replies":[{"embeddable":true,"href":"https:\/\/blog.cancaonova.com\/redacao\/wp-json\/wp\/v2\/comments?post=5493"}],"version-history":[{"count":2,"href":"https:\/\/blog.cancaonova.com\/redacao\/wp-json\/wp\/v2\/posts\/5493\/revisions"}],"predecessor-version":[{"id":5495,"href":"https:\/\/blog.cancaonova.com\/redacao\/wp-json\/wp\/v2\/posts\/5493\/revisions\/5495"}],"wp:attachment":[{"href":"https:\/\/blog.cancaonova.com\/redacao\/wp-json\/wp\/v2\/media?parent=5493"}],"wp:term":[{"taxonomy":"category","embeddable":true,"href":"https:\/\/blog.cancaonova.com\/redacao\/wp-json\/wp\/v2\/categories?post=5493"},{"taxonomy":"post_tag","embeddable":true,"href":"https:\/\/blog.cancaonova.com\/redacao\/wp-json\/wp\/v2\/tags?post=5493"}],"curies":[{"name":"wp","href":"https:\/\/api.w.org\/{rel}","templated":true}]}}