{"id":5511,"date":"2010-03-30T08:14:20","date_gmt":"2010-03-30T11:14:20","guid":{"rendered":"http:\/\/blog.cancaonova.com\/redacao\/?p=5511"},"modified":"2012-07-24T11:28:13","modified_gmt":"2012-07-24T14:28:13","slug":"a-liturgia-da-semana-santa","status":"publish","type":"post","link":"https:\/\/blog.cancaonova.com\/redacao\/a-liturgia-da-semana-santa\/","title":{"rendered":"A liturgia da Semana Santa"},"content":{"rendered":"<p style=\"text-align: justify;\">Na Semana Santa, a Igreja celebra os sagrados mist\u00e9rios da Paix\u00e3o, morte e ressurrei\u00e7\u00e3o do Senhor, encarnado para no mart\u00edrio da Cruz e na vit\u00f3ria sobre a morte.<\/p>\n<p style=\"text-align: justify;\">A Semana Santa come\u00e7a com o Domingo de Ramos e lembra a entrada triunfal de Jesus em Jerusal\u00e9m, aclamado pelos judeus.<\/p>\n<p>A Igreja recorda os louvores da multid\u00e3o proclamando: &#8220;Hosana ao Filho de David. Bendito o que vem em nome do Senhor&#8221; (Lc 19,38 &#8211; M 21,9). Com este gesto manifestamos nossa f\u00e9 em Jesus Cristo, Rei e Senhor.<!--more--><\/p>\n<p style=\"text-align: justify;\"><strong>Na Quinta-feira Santa celebramos a Institui\u00e7\u00e3o da Eucaristia.<\/strong><br \/>\nNeste dia, cada bispo re\u00fane o seu clero e celebra a Missa da renova\u00e7\u00e3o do sacerd\u00f3cio, pois, neste dia, Jesus instituiu o sacerd\u00f3cio cat\u00f3lico e a Sagrada Eucaristia. \u00c9 feita tamb\u00e9m a b\u00ean\u00e7\u00e3o dos sagrados \u00f3leos, com a  b\u00ean\u00e7\u00e3o conjunta dos tr\u00eas \u00f3leos lit\u00fargicos (Batismo, Crisma e Un\u00e7\u00e3o dos Enfermos).<\/p>\n<p>O motivo  deve-se ao fato de ser este o \u00faltimo dia em que se celebra a Missa antes da Vig\u00edlia Pascal. Na Igreja primitiva, o Batismo, a Crisma e Primeira Eucaristia acontecia s\u00f3 na Vig\u00edlia Pascal.<\/p>\n<p>S\u00e3o aben\u00e7oados os seguintes \u00f3leos:<\/p>\n<p style=\"text-align: justify;\"><strong>\u00d3leo do Crisma<\/strong> &#8211; Uma mistura de \u00f3leo e b\u00e1lsamo, significando a plenitude do Esp\u00edrito Santo, revelando que o crist\u00e3o deve irradiar &#8220;o bom perfume de Cristo&#8221;. \u00c9 usado no sacramento da Confirma\u00e7\u00e3o (Crisma) para viver como adulto na f\u00e9. Este \u00f3leo \u00e9 usado tamb\u00e9m no sacramento do sacerd\u00f3cio (Ordem). A cor que representa esse \u00f3leo \u00e9 o branco ouro.<\/p>\n<p style=\"text-align: justify;\"><strong>\u00d3leo dos Catec\u00famenos <\/strong>&#8211; Catec\u00famenos s\u00e3o os que se preparam para receber o Batismo. Este \u00f3leo significa a liberta\u00e7\u00e3o do mal, a for\u00e7a de Deus que penetra no catec\u00fameno,\u00a0 libertando e preparando-o para o nascimento pela \u00e1gua e pelo Esp\u00edrito. Sua cor \u00e9 vermelha.<\/p>\n<p style=\"text-align: justify;\"><strong>\u00d3leo dos Enfermos<\/strong> &#8211; \u00c9 usado no sacramento dos enfermos.  Este \u00f3leo significa a for\u00e7a do Esp\u00edrito de Deus para a prova\u00e7\u00e3o da doen\u00e7a, para o fortalecimento da pessoa ao enfrentar a dor e a morte, se esta for a vontade de Deus. Sua cor \u00e9 roxa.<\/p>\n<p style=\"text-align: justify;\"><strong>Institui\u00e7\u00e3o da Eucaristia e Cerim\u00f4nia do Lava-p\u00e9s<\/strong><br \/>\nCom a Missa da Ceia do Senhor, celebrada na tarde ou na noite da Quinta-feira Santa, a Igreja d\u00e1 in\u00edcio ao chamado Tr\u00edduo Pascal e comemora a \u00daltima Ceia:<\/p>\n<p style=\"text-align: justify;\">1 \u2013 Institui\u00e7\u00e3o da Sagrada Eucaristia &#8211; Quando Jesus, na noite em que foi tra\u00eddo, ofereceu a Deus-Pai o seu Corpo e Sangue sob as esp\u00e9cies do P\u00e3o e do Vinho, e os entregou para os Ap\u00f3stolos para que os tomassem, mandando-os tamb\u00e9m oferecer aos seus sucessores.<\/p>\n<p style=\"text-align: justify;\">2 \u2013 Institui\u00e7\u00e3o do Sacerd\u00f3cio \u2013 \u201cFazei isto em mem\u00f3ria de mim\u201d. Com essas palavras, o Senhor instituiu o sacerd\u00f3cio cat\u00f3lico e deu a eles poder para celebrar a Eucaristia.<\/p>\n<p style=\"text-align: justify;\">3 &#8211; Durante a Missa ocorre a cerim\u00f4nia do Lava-p\u00e9s que lembra o gesto de Jesus na \u00daltima Ceia, quando lavou os p\u00e9s dos seus ap\u00f3stolos. \u00c9 um gesto de humildade e de santidade, um exemplo para os disc\u00edpulos e para a toda a Igreja. \u201cEu vim para servir.&#8221;<\/p>\n<p>No final da Missa, faz-se a chamada Prociss\u00e3o do Translado do Sant\u00edssimo Sacramento ao altar-mor da igreja para uma capela, onde se tem o costume de fazer a adora\u00e7\u00e3o do Sant\u00edssimo durante toda a noite. Ap\u00f3s a Missa, o altar \u00e9 desnudado; ele \u00e9 o s\u00edmbolo do Cristo aniquilado, despojado, flagelado e morto por nossos pecados.<\/p>\n<p style=\"text-align: justify;\"><strong>Sexta-feira Santa<\/strong><br \/>\nCelebra-se a Paix\u00e3o e Morte de Jesus Cristo. Dia de sil\u00eancio,  jejum e ora\u00e7\u00e3o e de profundo respeito diante da morte do Senhor. N\u00e3o se deve trabalhar, divertir-se, etc.<\/p>\n<p>\u00c0s 15 horas, hor\u00e1rio em que Jesus foi morto, \u00e9 celebrada a principal cerim\u00f4nia do dia: a Paix\u00e3o do Senhor. Ela consta de tr\u00eas partes: Liturgia da Palavra, Adora\u00e7\u00e3o da cruz e Comunh\u00e3o Eucar\u00edstica. N\u00e3o adoramos a cruz como um objeto de madeira, mas adoramos o Cristo pregado nela.<\/p>\n<p>Depois deste momento, n\u00e3o h\u00e1 mais comunh\u00e3o eucar\u00edstica at\u00e9 que seja realizada a celebra\u00e7\u00e3o da P\u00e1scoa, no S\u00e1bado Santo.<\/p>\n<p style=\"text-align: justify;\"><strong>Of\u00edcio das Trevas<\/strong><br \/>\nEm alguns lugares \u00e9 realizado este Of\u00edcio. \u00c9  um conjunto de leituras, lamenta\u00e7\u00f5es, salmos e preces penitenciais. O nome surgiu por causa da forma que se utilizava antigamente para celebrar o ritual. A Igreja fica \u00e0s escuras tendo somente um candelabro triangular, com velas acesas que se apagam aos poucos durante a cerim\u00f4nia.<\/p>\n<p style=\"text-align: justify;\"><strong>Serm\u00e3o das Sete Palavras (facultativo)<\/strong><br \/>\nLembra as sete \u00faltimas palavras de Jesus, no Calv\u00e1rio, antes de sua morte: &#8220;Pai, perdoa-lhes, pois n\u00e3o sabem o que fazem&#8221;; &#8220;Em verdade te digo: hoje estar\u00e1s comigo no Para\u00edso&#8221;; &#8220;Mulher, eis a\u00ed o teu filho&#8230; Eis a\u00ed a tua M\u00e3e&#8221;;<br \/>\n&#8220;Tenho Sede!&#8221;; \u201cMeus Deus, meus Deus, por que me abandonastes?&#8221;; &#8220;Tudo est\u00e1 consumado!&#8221;; &#8220;Pai, em tuas m\u00e3os entrego o meu Esp\u00edrito!&#8221;.<\/p>\n<p>Neste dia, n\u00e3o se celebra a Santa Missa.<\/p>\n<p style=\"text-align: justify;\">\u00c0 noite, as par\u00f3quias fazem encena\u00e7\u00f5es da Paix\u00e3o de Jesus Cristo com o Serm\u00e3o da descida da Cruz; em seguida, a Prociss\u00e3o do Enterro levando o esquife com a imagem do Senhor morto.<\/p>\n<p style=\"text-align: justify;\"><strong>S\u00e1bado Santo<\/strong><br \/>\nNo S\u00e1bado Santo ou S\u00e1bado de Aleluia, a principal celebra\u00e7\u00e3o \u00e9 a &#8220;Vig\u00edlia Pascal&#8221;. Inicia-se na noite do S\u00e1bado Santo em mem\u00f3ria da noite santa da ressurrei\u00e7\u00e3o gloriosa de Nosso Senhor Jesus Cristo. \u00c9 a chamada &#8220;A m\u00e3e de todas as santas vig\u00edlias&#8221;, porque a Igreja mant\u00e9m-se de vig\u00edlia \u00e0 espera da vit\u00f3ria do Senhor sobre a morte.<\/p>\n<p style=\"text-align: justify;\">Cinco elementos comp\u00f5em a liturgia da Vig\u00edlia Pascal:<br \/>\n1 &#8211; a b\u00ean\u00e7\u00e3o do fogo novo e do C\u00edrio Pascal;<br \/>\n2 &#8211; a proclama\u00e7\u00e3o da P\u00e1scoa, que \u00e9 um canto de j\u00fabilo anunciando a Ressurrei\u00e7\u00e3o do Senhor;<br \/>\n3 &#8211; a liturgia da Palavra, que \u00e9 uma s\u00e9rie de leituras sobre a hist\u00f3ria da Salva\u00e7\u00e3o;<br \/>\n4 &#8211; a renova\u00e7\u00e3o das promessas do Batismo e, por fim,<br \/>\n5 &#8211; a liturgia Eucar\u00edstica.<\/p>\n<p style=\"text-align: justify;\">Domingo de P\u00e1scoa<br \/>\nA palavra p\u00e1scoa vem do hebreu Peseach e significa &#8220;passagem&#8221;. Era vivamente comemorada pelos judeus do Antigo Testamento.<br \/>\nCondenado \u00e0 morte na cruz e sepultado, Jesus ressuscitou tr\u00eas dias ap\u00f3s, num domingo, logo depois da P\u00e1scoa judaica. A ressurrei\u00e7\u00e3o de Jesus Cristo \u00e9 o ponto central e mais importante da f\u00e9 crist\u00e3. Atrav\u00e9s da sua ressurrei\u00e7\u00e3o, Jesus prova que a morte n\u00e3o \u00e9 o fim e que Ele \u00e9, verdadeiramente, o Filho de Deus. O temor dos disc\u00edpulos em raz\u00e3o da morte de Jesus na Sexta-Feira transforma-se em esperan\u00e7a e j\u00fabilo. \u00c9 a partir deste momento que eles adquirem for\u00e7a para continuar anunciando a mensagem do Senhor. S\u00e3o celebradas missas festivas durante todo o domingo.<\/p>\n<p><strong>Felipe Aquino<\/strong><br \/>\n<em>Doutor em F\u00edsica pela UNESP. \u00c9 membro do Conselho Diretor da Funda\u00e7\u00e3o Jo\u00e3o Paulo II. Participa de Aprofundamentos no pa\u00eds e no exterior, j\u00e1 escreveu 60 livros e apresenta dois programas semanais na TV Can\u00e7\u00e3o Nova: &#8220;Escola da F\u00e9&#8221; e &#8220;Trocando Id\u00e9ias&#8221;<\/em><\/p>\n","protected":false},"excerpt":{"rendered":"<p>Na Semana Santa, a Igreja celebra os sagrados mist\u00e9rios da Paix\u00e3o, morte e ressurrei\u00e7\u00e3o do Senhor, encarnado para no mart\u00edrio da Cruz e na vit\u00f3ria sobre a morte. A Semana Santa come\u00e7a com o Domingo de Ramos e lembra a&#8230;<\/p>\n","protected":false},"author":1051,"featured_media":0,"comment_status":"open","ping_status":"open","sticky":false,"template":"","format":"standard","meta":{"_mi_skip_tracking":false,"_monsterinsights_sitenote_active":false,"_monsterinsights_sitenote_note":"","_monsterinsights_sitenote_category":0,"footnotes":""},"categories":[32],"tags":[48,17234,30800,18209],"_links":{"self":[{"href":"https:\/\/blog.cancaonova.com\/redacao\/wp-json\/wp\/v2\/posts\/5511"}],"collection":[{"href":"https:\/\/blog.cancaonova.com\/redacao\/wp-json\/wp\/v2\/posts"}],"about":[{"href":"https:\/\/blog.cancaonova.com\/redacao\/wp-json\/wp\/v2\/types\/post"}],"author":[{"embeddable":true,"href":"https:\/\/blog.cancaonova.com\/redacao\/wp-json\/wp\/v2\/users\/1051"}],"replies":[{"embeddable":true,"href":"https:\/\/blog.cancaonova.com\/redacao\/wp-json\/wp\/v2\/comments?post=5511"}],"version-history":[{"count":5,"href":"https:\/\/blog.cancaonova.com\/redacao\/wp-json\/wp\/v2\/posts\/5511\/revisions"}],"predecessor-version":[{"id":12204,"href":"https:\/\/blog.cancaonova.com\/redacao\/wp-json\/wp\/v2\/posts\/5511\/revisions\/12204"}],"wp:attachment":[{"href":"https:\/\/blog.cancaonova.com\/redacao\/wp-json\/wp\/v2\/media?parent=5511"}],"wp:term":[{"taxonomy":"category","embeddable":true,"href":"https:\/\/blog.cancaonova.com\/redacao\/wp-json\/wp\/v2\/categories?post=5511"},{"taxonomy":"post_tag","embeddable":true,"href":"https:\/\/blog.cancaonova.com\/redacao\/wp-json\/wp\/v2\/tags?post=5511"}],"curies":[{"name":"wp","href":"https:\/\/api.w.org\/{rel}","templated":true}]}}