{"id":5537,"date":"2010-03-31T15:40:59","date_gmt":"2010-03-31T18:40:59","guid":{"rendered":"http:\/\/blog.cancaonova.com\/redacao\/?p=5537"},"modified":"2010-03-31T15:40:59","modified_gmt":"2010-03-31T18:40:59","slug":"noite-xp-compaixao","status":"publish","type":"post","link":"https:\/\/blog.cancaonova.com\/redacao\/noite-xp-compaixao\/","title":{"rendered":"Noite 'XP ComPaix\u00e3o'"},"content":{"rendered":"<p class=\"western\" style=\"margin-bottom: 0cm; text-align: justify;\">A Pastoral Universit\u00e1ria da Diocese do Porto, regi\u00e3o norte de Portugal, junto com outros organismos do Secretariado Universit\u00e1rio da mesma diocese, promoveram, no \u00faltimo dia 26 de mar\u00e7o, a Noite &#8216;XP ComPaix\u00e3o&#8217;. Trata-se de uma noite em que jovens universit\u00e1rios se re\u00fanem em momentos de ora\u00e7\u00e3o, celebra\u00e7\u00e3o, dramatiza\u00e7\u00e3o, m\u00fasica, partilha e uma caminhada pelas ruas da Cidade do Porto, refletindo os \u00faltimos dias de Cristo.<\/p>\n<p class=\"western\" style=\"margin-bottom: 0cm; text-align: justify;\">Com a pergunta  \u201cE se Jesus vivesse hoje?\u201d, os jovens  foram convidados a entrar na cena da Paix\u00e3o de Cristo \u201ctransportando\u201d os lugares e momentos vividos por Jesus h\u00e1 2 mil anos \u2013 como Gets\u00e9mani, G\u00f3lgota e Hecce Homo \u2013 para os dias de hoje e fazendo com que as regi\u00f5es pr\u00f3prias da Cidade do Porto \u2013 como Ribeira, Arguido e o Shopping \u2013, transformassem-se em uma &#8220;Jerusal\u00e9m&#8221; atual.<\/p>\n<p class=\"western\" style=\"margin-bottom: 0cm; text-align: justify;\">Para participar do evento, a pessoa deve ser jovem com idade de 18 a 30 anos que esteja na universidade, que tenha conclu\u00eddo-a ou que, em breve, v\u00e1 ingressar nela. Al\u00e9m disso, os professores e diretores das universidades recebem o convite de boas-vindas para tamb\u00e9m acompanharem os estudantes no caminho da P\u00e1scoa de Jesus.<\/p>\n<p class=\"western\" style=\"margin-bottom: 0cm; text-align: center;\">Confira a reportagem feita pela <a href=\"http:\/\/www.cancaonova.pt\/\" target=\"_blank\"><span style=\"color: #0000ff;\">Can\u00e7\u00e3o Nova de Portugal<\/span><\/a><\/p>\n<p class=\"western\" style=\"margin-bottom: 0cm; text-align: center;\">\n<p style=\"text-align: center;\"><object classid=\"clsid:d27cdb6e-ae6d-11cf-96b8-444553540000\" width=\"480\" height=\"385\" codebase=\"http:\/\/download.macromedia.com\/pub\/shockwave\/cabs\/flash\/swflash.cab#version=6,0,40,0\"><param name=\"allowFullScreen\" value=\"true\" \/><param name=\"allowscriptaccess\" value=\"always\" \/><param name=\"src\" value=\"http:\/\/www.youtube.com\/v\/31K2H6iIYS0&amp;hl=pt_BR&amp;fs=1&amp;rel=0\" \/><embed type=\"application\/x-shockwave-flash\" width=\"480\" height=\"385\" src=\"http:\/\/www.youtube.com\/v\/31K2H6iIYS0&amp;hl=pt_BR&amp;fs=1&amp;rel=0\" allowscriptaccess=\"always\" allowfullscreen=\"true\"><\/embed><\/object><\/p>\n","protected":false},"excerpt":{"rendered":"<p>A Pastoral Universit\u00e1ria da Diocese do Porto, regi\u00e3o norte de Portugal, junto com outros organismos do Secretariado Universit\u00e1rio da mesma diocese, promoveram, no \u00faltimo dia 26 de mar\u00e7o, a Noite &#8216;XP ComPaix\u00e3o&#8217;. Trata-se de uma noite em que jovens universit\u00e1rios&#8230;<\/p>\n","protected":false},"author":1051,"featured_media":0,"comment_status":"open","ping_status":"open","sticky":false,"template":"","format":"standard","meta":{"_mi_skip_tracking":false,"_monsterinsights_sitenote_active":false,"_monsterinsights_sitenote_note":"","_monsterinsights_sitenote_category":0,"footnotes":""},"categories":[32],"tags":[6351,1031,30952,17234,5051,18209],"_links":{"self":[{"href":"https:\/\/blog.cancaonova.com\/redacao\/wp-json\/wp\/v2\/posts\/5537"}],"collection":[{"href":"https:\/\/blog.cancaonova.com\/redacao\/wp-json\/wp\/v2\/posts"}],"about":[{"href":"https:\/\/blog.cancaonova.com\/redacao\/wp-json\/wp\/v2\/types\/post"}],"author":[{"embeddable":true,"href":"https:\/\/blog.cancaonova.com\/redacao\/wp-json\/wp\/v2\/users\/1051"}],"replies":[{"embeddable":true,"href":"https:\/\/blog.cancaonova.com\/redacao\/wp-json\/wp\/v2\/comments?post=5537"}],"version-history":[{"count":5,"href":"https:\/\/blog.cancaonova.com\/redacao\/wp-json\/wp\/v2\/posts\/5537\/revisions"}],"predecessor-version":[{"id":5543,"href":"https:\/\/blog.cancaonova.com\/redacao\/wp-json\/wp\/v2\/posts\/5537\/revisions\/5543"}],"wp:attachment":[{"href":"https:\/\/blog.cancaonova.com\/redacao\/wp-json\/wp\/v2\/media?parent=5537"}],"wp:term":[{"taxonomy":"category","embeddable":true,"href":"https:\/\/blog.cancaonova.com\/redacao\/wp-json\/wp\/v2\/categories?post=5537"},{"taxonomy":"post_tag","embeddable":true,"href":"https:\/\/blog.cancaonova.com\/redacao\/wp-json\/wp\/v2\/tags?post=5537"}],"curies":[{"name":"wp","href":"https:\/\/api.w.org\/{rel}","templated":true}]}}