{"id":5622,"date":"2010-04-26T15:42:23","date_gmt":"2010-04-26T18:42:23","guid":{"rendered":"http:\/\/blog.cancaonova.com\/redacao\/?p=5622"},"modified":"2010-04-26T16:30:49","modified_gmt":"2010-04-26T19:30:49","slug":"a-primeira-missa-no-brasil","status":"publish","type":"post","link":"https:\/\/blog.cancaonova.com\/redacao\/a-primeira-missa-no-brasil\/","title":{"rendered":"A primeira Missa no Brasil"},"content":{"rendered":"<p style=\"text-align: justify;\">A celebra\u00e7\u00e3o da primeira Missa no Brasil deu-se no domingo de <a href=\"http:\/\/wiki.cancaonova.com\/index.php\/P%C3%A1scoa\" target=\"_blank\">P\u00e1scoa<\/a>, a 26 de abril de 1500, quando fincaram uma cruz no ch\u00e3o macio de um banco de areia em Porto Seguro, no litoral sul da Bahia. Esta cerim\u00f4nia seria a primeira de tantas que, desde ent\u00e3o, foram celebradas neste ch\u00e3o que veio a se tornar o maior pa\u00eds cat\u00f3lico do mundo.<\/p>\n<p style=\"text-align: justify;\">Disse Pero Vaz de Caminha, na  Carta a El-Rei, em primeiro de maio de 1500: &#8220;<strong>\u2026E quando veio o Evangelho, que nos erguemos todos em p\u00e9, com as m\u00e3os levantadas, eles [os \u00edndios] se levantaram conosco e al\u00e7aram as m\u00e3os, ficando assim, at\u00e9 ser acabado. E, ent\u00e3o, tornaram-se a assentar como n\u00f3s\u2026<\/strong> E em tal maneira sossegados, certifico a Vossa Alteza, nos fez muita devo\u00e7\u00e3o. Enquanto dois carpinteiros separavam um enorme tronco para a feitura da cruz, os \u00edndios &#8211; uns oitenta ou mais tagarelas, estorvantes -, rodeavam os marinheiros em seus afazeres, olhando pasmos o efeito do fio do ferro na \u00e1rvore. Da mata pr\u00f3xima vinham os barulhos da bicharada, o ru\u00eddo forte dos papagaios, dos bugios e de uma poucas pombas rolas&#8221;.<\/p>\n<p style=\"text-align: justify;\"><a href=\"http:\/\/blog.cancaonova.com\/redacao\/files\/2010\/04\/primeira-missa1.jpg\"><img loading=\"lazy\" decoding=\"async\" class=\"size-full wp-image-5624 aligncenter\" title=\"primeira-missa1\" src=\"http:\/\/blog.cancaonova.com\/redacao\/files\/2010\/04\/primeira-missa1.jpg\" alt=\"\" width=\"353\" height=\"249\" \/><\/a><br \/>\nO Frei Henrique de Coimbra oficiou a <a href=\"http:\/\/wiki.cancaonova.com\/index.php\/Missa\" target=\"_blank\">Santa Missa<\/a> todo paramentado, enquanto a tripula\u00e7\u00e3o congregava-se na praia \u00e0s voltas do altar. Tomavam posse daquela Ilha de Vera Cruz, em nome do rei de Portugal e da santa f\u00e9 cat\u00f3lica. Os nativos, d\u00f3ceis, portaram-se de tal modo que Caminha convenceu-se da f\u00e1cil convers\u00e3o deles no futuro. &#8220;Um par de padres, dos bons, escreveu ele ao rei, bastava\u201d.<\/p>\n<p style=\"text-align: justify;\">Assim, teve in\u00edcio a hist\u00f3ria do nosso pa\u00eds: debaixo de uma cruz.<\/p>\n<p style=\"text-align: justify;\"><strong>O primeiro e mais importante ato foi realizado cindo dias ap\u00f3s a chegada dos portugueses aqui: a celebra\u00e7\u00e3o do santo sacrif\u00edcio da Missa<\/strong>. O sangue do Cordeiro, o \u00fanico e eterno sacrif\u00edcio aceito pelo Pai, j\u00e1 era oferecido nesta Terra de Santa Cruz h\u00e1 508 anos.<\/p>\n<p style=\"text-align: justify;\">Come\u00e7amos bem! Iniciamos sob o signo da cruz, oferecendo o precios\u00edssimo Corpo e Sangue de Jesus ao Pai na Santa Missa. Ap\u00f3s o descobrimento, bem antes desta terra ter sido banhada por qualquer outro sangue, ela foi consagrada pelo Sangue bendito do Filho de Deus, oferecido sobre o altar naquele memor\u00e1vel 26 de abril de 1500.<\/p>\n<p style=\"text-align: justify;\">\u00c9 por isso que somos um povo cheio de esperan\u00e7a, porque iniciamos embaixo da cruz. Iniciamos no local da vit\u00f3ria.<\/p>\n<p style=\"text-align: justify;\">Se esta terra foi batizada com o nome  de Terra de Santa Cruz, temos como sonho e confian\u00e7a em Deus, que um dia esta ser\u00e1 a terra da vit\u00f3ria,  do triunfo definitivo do crucificado que ressuscitou: Jesus de Nazar\u00e9.<\/p>\n<p style=\"text-align: justify;\">Como o inimigo foi vencido na cruz, aqui chegar\u00e1 o dia em que ele, finalmente, ser\u00e1 banido e teremos o reino definitivo. O que iniciou com a cruz haver\u00e1 de terminar tamb\u00e9m com a vit\u00f3ria definitiva dela.<\/p>\n<p style=\"text-align: justify;\">Portanto, ao olhar para Jesus, n\u00e3o devemos jamais esquecer  o que Ele afirmou:  &#8220;\u2026quando eu for levantado da terra, atrairei todos os homens a mim&#8221; (Jo 12,32).<\/p>\n<p style=\"text-align: justify;\">Haver\u00e1 um tempo no qual ningu\u00e9m resistir\u00e1 a esta atra\u00e7\u00e3o da cruz.<\/p>\n<p style=\"text-align: justify;\">Por isso, mantenhamos a esperan\u00e7a e trabalhemos para que isto aconte\u00e7a o mais breve poss\u00edvel. &#8220;N\u00f3s, por\u00e9m, segundo sua promessa, esperamos novos c\u00e9us e uma nova terra, nos quais habitar\u00e1 a justi\u00e7a&#8221; (2Pd 3,13).<\/p>\n<p style=\"text-align: justify;\">A Palavra nos aponta e n\u00f3s precisamos alimentar esta esperan\u00e7a que se transformar\u00e1 numa certeza: &#8220;Vi, ent\u00e3o, um novo c\u00e9u e uma nova terra, pois o primeiro c\u00e9u e a primeira terra desapareceram e o mar j\u00e1 n\u00e3o existia\u201d (Ap 21,1).<\/p>\n<p><strong>Padre Alir<\/strong><br \/>\n<a href=\"http:\/\/blog.cancaonova.com\/padrealir\" target=\"_blank\">http:\/\/blog.cancaonova.com\/padrealir<\/a><\/p>\n<p style=\"text-align: justify;\">\n","protected":false},"excerpt":{"rendered":"<p>A celebra\u00e7\u00e3o da primeira Missa no Brasil deu-se no domingo de P\u00e1scoa, a 26 de abril de 1500, quando fincaram uma cruz no ch\u00e3o macio de um banco de areia em Porto Seguro, no litoral sul da Bahia. Esta cerim\u00f4nia&#8230;<\/p>\n","protected":false},"author":1051,"featured_media":0,"comment_status":"open","ping_status":"open","sticky":false,"template":"","format":"standard","meta":{"_mi_skip_tracking":false,"_monsterinsights_sitenote_active":false,"_monsterinsights_sitenote_note":"","_monsterinsights_sitenote_category":0,"footnotes":""},"categories":[32],"tags":[2251,15738,6851,31683],"_links":{"self":[{"href":"https:\/\/blog.cancaonova.com\/redacao\/wp-json\/wp\/v2\/posts\/5622"}],"collection":[{"href":"https:\/\/blog.cancaonova.com\/redacao\/wp-json\/wp\/v2\/posts"}],"about":[{"href":"https:\/\/blog.cancaonova.com\/redacao\/wp-json\/wp\/v2\/types\/post"}],"author":[{"embeddable":true,"href":"https:\/\/blog.cancaonova.com\/redacao\/wp-json\/wp\/v2\/users\/1051"}],"replies":[{"embeddable":true,"href":"https:\/\/blog.cancaonova.com\/redacao\/wp-json\/wp\/v2\/comments?post=5622"}],"version-history":[{"count":9,"href":"https:\/\/blog.cancaonova.com\/redacao\/wp-json\/wp\/v2\/posts\/5622\/revisions"}],"predecessor-version":[{"id":5632,"href":"https:\/\/blog.cancaonova.com\/redacao\/wp-json\/wp\/v2\/posts\/5622\/revisions\/5632"}],"wp:attachment":[{"href":"https:\/\/blog.cancaonova.com\/redacao\/wp-json\/wp\/v2\/media?parent=5622"}],"wp:term":[{"taxonomy":"category","embeddable":true,"href":"https:\/\/blog.cancaonova.com\/redacao\/wp-json\/wp\/v2\/categories?post=5622"},{"taxonomy":"post_tag","embeddable":true,"href":"https:\/\/blog.cancaonova.com\/redacao\/wp-json\/wp\/v2\/tags?post=5622"}],"curies":[{"name":"wp","href":"https:\/\/api.w.org\/{rel}","templated":true}]}}