{"id":5634,"date":"2010-04-29T15:57:38","date_gmt":"2010-04-29T18:57:38","guid":{"rendered":"http:\/\/blog.cancaonova.com\/redacao\/?p=5634"},"modified":"2010-04-30T08:56:44","modified_gmt":"2010-04-30T11:56:44","slug":"ajude-nos-a-interceder-pelo-cen-2010","status":"publish","type":"post","link":"https:\/\/blog.cancaonova.com\/redacao\/ajude-nos-a-interceder-pelo-cen-2010\/","title":{"rendered":"Ajude-nos a interceder pelo CEN 2010"},"content":{"rendered":"<p style=\"text-align: justify;\">Faltam poucos dias para um dos maiores eventos da Igreja Cat\u00f3lica no Brasil: o <strong><span id=\"texto\" class=\"noticia_texto\"><a href=\"http:\/\/wiki.cancaonova.com\/index.php\/Congresso_Eucar%C3%ADstico_Nacional_2010\" target=\"_blank\"><span style=\"color: #006699;\">Congresso Eucar\u00edstico Nacional<\/span><\/a><\/span><\/strong>. O encontro acontece de 13 a 16 de maio, em Bras\u00edlia (DF), e tem como tema \u201cEucaristia, p\u00e3o da unidade dos disc\u00edpulos mission\u00e1rios\u201d.<\/p>\n<p><a href=\"http:\/\/www.cen2010.org.br\/index.php?option=com_content&amp;task=view&amp;id=257&amp;Itemid=129\" target=\"_blank\"><strong>:: Reze tamb\u00e9m: Nove dias de ora\u00e7\u00e3o pelo CEN 2010<\/strong><\/a><\/p>\n<p style=\"text-align: justify;\">V\u00e3o passar pelo local cardeais, bispos, sacerdotes, religiosos, di\u00e1conos permanentes, membros de institutos de vida consagrada, leigos e representantes de todas as dioceses do pa\u00eds. N\u00f3s precisamos da sua ajuda para interceder pelo evento!<\/p>\n<p style=\"text-align: justify;\">Deixe nos coment\u00e1rios deste post e divulgue no seu Twitter a tag <strong>#orepelocen2010.<\/strong> Vamos criar uma grande rede de intercess\u00e3o para que tudo ocorra bem no evento e a evangeliza\u00e7\u00e3o aconte\u00e7a. Cerca de cem colaboradores e mission\u00e1rios da Can\u00e7\u00e3o Nova estar\u00e3o em Bras\u00edlia para a cobertura do congresso. Eles tamb\u00e9m precisam da sua ora\u00e7\u00e3o!<\/p>\n<p><strong>Medite com padre Fabr\u00edcio Andrade a ora\u00e7\u00e3o oficial do CEN 2010:<\/strong><\/p>\n<p style=\"text-align: center;\"><object classid=\"clsid:d27cdb6e-ae6d-11cf-96b8-444553540000\" width=\"490\" height=\"303\" codebase=\"http:\/\/download.macromedia.com\/pub\/shockwave\/cabs\/flash\/swflash.cab#version=6,0,40,0\"><param name=\"allowScriptAccess\" value=\"aways\" \/><param name=\"wmode\" value=\"window\" \/><param name=\"loop\" value=\"false\" \/><param name=\"menu\" value=\"true\" \/><param name=\"allowFullScreen\" value=\"true\" \/><param name=\"src\" value=\"http:\/\/www.webtvcn.com\/player\/v\/116416\" \/><embed type=\"application\/x-shockwave-flash\" width=\"490\" height=\"303\" src=\"http:\/\/www.webtvcn.com\/player\/v\/116416\" allowfullscreen=\"true\" menu=\"true\" loop=\"false\" wmode=\"window\" allowscriptaccess=\"aways\"><\/embed><\/object><\/p>\n<p><strong>Reze a ora\u00e7\u00e3o:<\/strong><\/p>\n<p style=\"text-align: center;\">Senhor Jesus, Tu \u00e9s o Caminho!<br \/>\nEm meio a sombras e luzes,<br \/>\nalegrias e esperan\u00e7as, tristezas e ang\u00fastias,<br \/>\nTu nos levas ao Pai.<br \/>\nN\u00e3o nos deixes caminhar sozinhos.<br \/>\nFica conosco, Senhor!<\/p>\n<p style=\"text-align: center;\">Tu \u00e9s a Verdade!<br \/>\nDesperta nossas mentes<br \/>\ne faze arder nossos cora\u00e7\u00f5es com a tua Palavra.<br \/>\nQue ela ilumine e aque\u00e7a os cora\u00e7\u00f5es sedentos de justi\u00e7a e santidade.<br \/>\nAjuda-nos a sentir a beleza de crer em Ti!<br \/>\nFica conosco, Senhor!<\/p>\n<p style=\"text-align: center;\">Tu \u00e9s a Vida!<br \/>\nAbre nossos olhos para te reconhecermos<br \/>\nno \u201cpartir o P\u00e3o\u201d, sublime Sacramento da  Eucaristia!<br \/>\nAlimenta-nos com o P\u00e3o da Unidade.<br \/>\nSustenta-nos em nossa fragilidade.<br \/>\nConsola-nos em nossos sofrimentos,<br \/>\nFaze-nos solid\u00e1rios com os pobres, os oprimidos e exclu\u00eddos.<br \/>\nFica conosco, Senhor!<\/p>\n<p style=\"text-align: center;\">Jesus Cristo: Caminho, Verdade e Vida,<br \/>\nNo vigor do Esp\u00edrito Santo,<br \/>\nFaze-nos teus disc\u00edpulos mission\u00e1rios!<br \/>\nCom a humilde serva do Senhor, nossa M\u00e3e Aparecida, queremos ser:<br \/>\nAlegres  no Caminho  para a Terra Prometida!<br \/>\ncorajosas testemunhas da Verdade libertadora!<br \/>\npromotores da Vida em plenitude!<br \/>\nFica conosco, Senhor! Am\u00e9m!<\/p>\n<p style=\"text-align: left;\"><span id=\"texto\" class=\"noticia_texto\"><strong><span style=\"color: #000000;\"><a href=\"http:\/\/www.cen2010.org.br\/index.php?option=com_content&amp;task=view&amp;id=51&amp;Itemid=62\" target=\"_blank\"><span style=\"color: #006699;\">.: Fa\u00e7a sua doa\u00e7\u00e3o para o Congresso Eucar\u00edstico <\/span><\/a><br \/>\n<\/span><span style=\"color: #000000;\"><a href=\"http:\/\/twitter.com\/cen2010\" target=\"_blank\"><span style=\"color: #006699;\">.: Siga o CEN 2010 no Twitter<\/span><\/a><br \/>\n<\/span><a href=\"http:\/\/wiki.cancaonova.com\/index.php\/Congresso_Eucar%C3%ADstico_Nacional_2010\" target=\"_blank\"><span style=\"color: #006699;\">.: Acompanhe a cobertura do CEN 2010<\/span><\/a><\/strong><br \/>\n<\/span><\/p>\n","protected":false},"excerpt":{"rendered":"<p>Faltam poucos dias para um dos maiores eventos da Igreja Cat\u00f3lica no Brasil: o Congresso Eucar\u00edstico Nacional. O encontro acontece de 13 a 16 de maio, em Bras\u00edlia (DF), e tem como tema \u201cEucaristia, p\u00e3o da unidade dos disc\u00edpulos mission\u00e1rios\u201d&#8230;.<\/p>\n","protected":false},"author":1051,"featured_media":0,"comment_status":"open","ping_status":"open","sticky":false,"template":"","format":"standard","meta":{"_mi_skip_tracking":false,"_monsterinsights_sitenote_active":false,"_monsterinsights_sitenote_note":"","_monsterinsights_sitenote_category":0,"footnotes":""},"categories":[11751,1351],"tags":[29938,17231,14161,3671,178141,261,28150],"_links":{"self":[{"href":"https:\/\/blog.cancaonova.com\/redacao\/wp-json\/wp\/v2\/posts\/5634"}],"collection":[{"href":"https:\/\/blog.cancaonova.com\/redacao\/wp-json\/wp\/v2\/posts"}],"about":[{"href":"https:\/\/blog.cancaonova.com\/redacao\/wp-json\/wp\/v2\/types\/post"}],"author":[{"embeddable":true,"href":"https:\/\/blog.cancaonova.com\/redacao\/wp-json\/wp\/v2\/users\/1051"}],"replies":[{"embeddable":true,"href":"https:\/\/blog.cancaonova.com\/redacao\/wp-json\/wp\/v2\/comments?post=5634"}],"version-history":[{"count":6,"href":"https:\/\/blog.cancaonova.com\/redacao\/wp-json\/wp\/v2\/posts\/5634\/revisions"}],"predecessor-version":[{"id":5639,"href":"https:\/\/blog.cancaonova.com\/redacao\/wp-json\/wp\/v2\/posts\/5634\/revisions\/5639"}],"wp:attachment":[{"href":"https:\/\/blog.cancaonova.com\/redacao\/wp-json\/wp\/v2\/media?parent=5634"}],"wp:term":[{"taxonomy":"category","embeddable":true,"href":"https:\/\/blog.cancaonova.com\/redacao\/wp-json\/wp\/v2\/categories?post=5634"},{"taxonomy":"post_tag","embeddable":true,"href":"https:\/\/blog.cancaonova.com\/redacao\/wp-json\/wp\/v2\/tags?post=5634"}],"curies":[{"name":"wp","href":"https:\/\/api.w.org\/{rel}","templated":true}]}}