{"id":5738,"date":"2010-06-08T13:17:46","date_gmt":"2010-06-08T16:17:46","guid":{"rendered":"http:\/\/blog.cancaonova.com\/redacao\/?p=5738"},"modified":"2010-06-08T13:19:16","modified_gmt":"2010-06-08T16:19:16","slug":"podcast-da-redacao-padre-conta-sua-expectativa-para-jornada-sacerdotal-em-roma","status":"publish","type":"post","link":"https:\/\/blog.cancaonova.com\/redacao\/podcast-da-redacao-padre-conta-sua-expectativa-para-jornada-sacerdotal-em-roma\/","title":{"rendered":"Podcast da Reda\u00e7\u00e3o: Padre conta sua expectativa para Jornada Sacerdotal em Roma"},"content":{"rendered":"<p style=\"text-align: justify;\">Neste epis\u00f3dio, a produtora de conte\u00fado do portal <a href=\"http:\/\/www.cancaonova.com\" target=\"_blank\">cancaonova.com<\/a> Elcka Torres, conversa com o sacerdote da Fraternidade Jesus Salvador, <a href=\"http:\/\/blog.cancaonova.com\/padreeliano\/\" target=\"_blank\">padre Eliano Luiz<\/a> que conta suas expectativas para a Jornada Sacerdotal em Roma, que concluiu as atividades do Ano Sacerdotal.<\/p>\n<p style=\"text-align: justify;\">&#8220;Em Roma, devo perceber o valor de uma voca\u00e7\u00e3o comprometida que se d\u00e1 por inteiro e que n\u00e3o comunga com a duplicidade&#8221;, padre Eliano.<\/p>\n<p><strong>Ou\u00e7a o podcast e comente<\/strong><\/p>\n<p><object classid=\"clsid:d27cdb6e-ae6d-11cf-96b8-444553540000\" width=\"303\" height=\"54\" codebase=\"http:\/\/download.macromedia.com\/pub\/shockwave\/cabs\/flash\/swflash.cab#version=6,0,40,0\"><param name=\"id\" value=\"PodPlayerCN\" \/><param name=\"flashVars\" value=\"podcast=2034\" \/><param name=\"allowScriptAccess\" value=\"always\" \/><param name=\"src\" value=\"http:\/\/podcast.cancaonova.com\/cn_player.swf?1651\" \/><embed id=\"PodPlayerCN\" type=\"application\/x-shockwave-flash\" width=\"303\" height=\"54\" src=\"http:\/\/podcast.cancaonova.com\/cn_player.swf?1651\" allowscriptaccess=\"always\" flashvars=\"podcast=2034\"><\/embed><\/object><br \/>\n<strong><strong>Como baixar:<\/strong><\/strong><\/p>\n<p style=\"text-align: justify;\">Ao ir para a p\u00e1gina do <a href=\"http:\/\/podcast.cancaonova.com\/canal.php?id=112\" target=\"_blank\">Podcast  da Reda\u00e7\u00e3o<\/a>, voc\u00ea encontrar\u00e1 uma seta abaixo de cada arquivo de  \u00e1udio; clique para baix\u00e1-lo em MP3.<\/p>\n<p style=\"text-align: justify;\"><strong>Sobre o Ano Sacerdotal<\/strong><br \/>\nPapa Bento XVI convocou por ocasi\u00e3o dos 150 anos da morte do Santo Cura d&#8217;Ars,  Jo\u00e3o Maria Vianney, que de 19 de junho de 2009 a 19 de junho de 2010, se realize um especial Ano Sacerdotal, que ter\u00e1 como tema: &#8220;Fidelidade de Cristo, fidelidade do sacerdote&#8221;. <a href=\"http:\/\/wiki.cancaonova.com\/index.php\/Ano_Sacerdotal\" target=\"_blank\"><strong>[Leia mais sobre o Ano Sacerdotal]<\/strong><br \/>\n<\/a><\/p>\n<p style=\"text-align: justify;\"><strong><br \/>\nConhe\u00e7a mais do nosso conte\u00fado:<\/strong><br \/>\n<a href=\"http:\/\/www.cancaonova.com\/\" target=\"_blank\">.: Portal Can\u00e7\u00e3o  Nova: 100% cat\u00f3lico!<\/a><br \/>\n<a href=\"http:\/\/www.webtvcn.com\/\" target=\"_blank\">.: WebTVCN, muito mais  v\u00eddeos para voc\u00ea<\/a><br \/>\n<a href=\"http:\/\/gentedefe.com\/\" target=\"_blank\">.: Gente de f\u00e9: uma  comunidade diferente, por um mundo melhor<\/a><br \/>\n<a href=\"http:\/\/podcast.cancaonova.com\/\" target=\"_blank\">.: Curta os  mais variados Podcasts<\/a><\/p>\n<p style=\"text-align: justify;\"><strong>Para o seu celular:<\/strong><br \/>\n<a href=\"http:\/\/www.cancaonovamobile.com\/\" target=\"_blank\">.: Can\u00e7\u00e3o  Nova Mobile<\/a><br \/>\n<a href=\"http:\/\/cnchama.com.br\/\" target=\"_blank\">.: CN Chama<\/a><br \/>\n<a href=\"http:\/\/iphone.cancaonova.com\/\" target=\"_blank\">.: Iphone<\/a><\/p>\n<p style=\"text-align: justify;\"><strong>Conhe\u00e7a nossos outros canais na web:<\/strong><br \/>\n.: <a href=\"http:\/\/meadiciona.com\/cancaonova\" target=\"_blank\">meadiciona.com\/cancaonova<\/a><br \/>\n<a href=\"http:\/\/delicious.com\/cancaonova.com\" target=\"_blank\">.:  delicious.com\/cancaonova<\/a><br \/>\n.: <a href=\"..\/2010\/03\/08\/myspace.com\/cancaonova\" target=\"_blank\">myspace.com\/cancaonova<\/a><br \/>\n.: <a href=\"..\/2010\/03\/08\/facebook.com\/cancaonova\" target=\"_blank\">facebook.com\/cancaonova<\/a><br \/>\n.: <a href=\"..\/2010\/03\/08\/youtube.com\/user\/portalcn\" target=\"_blank\">youtube.com\/user\/portalcn<\/a><br \/>\n.: <a href=\"..\/2010\/03\/08\/flickr.com\/photos\/cancaonova\" target=\"_blank\">flickr.com\/photos\/cancaonova<\/a><\/p>\n","protected":false},"excerpt":{"rendered":"<p>Neste epis\u00f3dio, a produtora de conte\u00fado do portal cancaonova.com Elcka Torres, conversa com o sacerdote da Fraternidade Jesus Salvador, padre Eliano Luiz que conta suas expectativas para a Jornada Sacerdotal em Roma, que concluiu as atividades do Ano Sacerdotal. &#8220;Em&#8230;<\/p>\n","protected":false},"author":1051,"featured_media":0,"comment_status":"open","ping_status":"open","sticky":false,"template":"","format":"standard","meta":{"_mi_skip_tracking":false,"_monsterinsights_sitenote_active":false,"_monsterinsights_sitenote_note":"","_monsterinsights_sitenote_category":0,"footnotes":""},"categories":[81],"tags":[19650,5011,6351,178141,178143,20908,12161],"_links":{"self":[{"href":"https:\/\/blog.cancaonova.com\/redacao\/wp-json\/wp\/v2\/posts\/5738"}],"collection":[{"href":"https:\/\/blog.cancaonova.com\/redacao\/wp-json\/wp\/v2\/posts"}],"about":[{"href":"https:\/\/blog.cancaonova.com\/redacao\/wp-json\/wp\/v2\/types\/post"}],"author":[{"embeddable":true,"href":"https:\/\/blog.cancaonova.com\/redacao\/wp-json\/wp\/v2\/users\/1051"}],"replies":[{"embeddable":true,"href":"https:\/\/blog.cancaonova.com\/redacao\/wp-json\/wp\/v2\/comments?post=5738"}],"version-history":[{"count":8,"href":"https:\/\/blog.cancaonova.com\/redacao\/wp-json\/wp\/v2\/posts\/5738\/revisions"}],"predecessor-version":[{"id":5746,"href":"https:\/\/blog.cancaonova.com\/redacao\/wp-json\/wp\/v2\/posts\/5738\/revisions\/5746"}],"wp:attachment":[{"href":"https:\/\/blog.cancaonova.com\/redacao\/wp-json\/wp\/v2\/media?parent=5738"}],"wp:term":[{"taxonomy":"category","embeddable":true,"href":"https:\/\/blog.cancaonova.com\/redacao\/wp-json\/wp\/v2\/categories?post=5738"},{"taxonomy":"post_tag","embeddable":true,"href":"https:\/\/blog.cancaonova.com\/redacao\/wp-json\/wp\/v2\/tags?post=5738"}],"curies":[{"name":"wp","href":"https:\/\/api.w.org\/{rel}","templated":true}]}}