{"id":5794,"date":"2010-06-25T18:25:43","date_gmt":"2010-06-25T21:25:43","guid":{"rendered":"http:\/\/blog.cancaonova.com\/redacao\/?p=5794"},"modified":"2010-06-25T18:41:51","modified_gmt":"2010-06-25T21:41:51","slug":"cancao-nova-recebe-visita-de-um-dos-responsaveis-do-site-zenit","status":"publish","type":"post","link":"https:\/\/blog.cancaonova.com\/redacao\/cancao-nova-recebe-visita-de-um-dos-responsaveis-do-site-zenit\/","title":{"rendered":"Can\u00e7\u00e3o Nova recebe visita do supervisor do site Zenit"},"content":{"rendered":"<p style=\"text-align: justify;\">A convite da Can\u00e7\u00e3o Nova e da Funda\u00e7\u00e3o Jo\u00e3o Paulo II, o mexicano respons\u00e1vel pelos meios de comunica\u00e7\u00e3o do Movimento Regnum Christi e supervisor do site Zenit, Cathlicnet e Hombre Nuevo, Francisco Fernandez esteve na sede da comunidade cat\u00f3lica nesta sexta-feira, 25, para conhecer as depend\u00eancias da comunidade.<br \/>\n<a href=\"http:\/\/blog.cancaonova.com\/redacao\/files\/2010\/06\/entrevista-francisco.jpg\"><img loading=\"lazy\" decoding=\"async\" class=\"aligncenter size-full wp-image-5796\" title=\"entrevista-francisco\" src=\"http:\/\/blog.cancaonova.com\/redacao\/files\/2010\/06\/entrevista-francisco.jpg\" alt=\"\" width=\"364\" height=\"245\" \/><\/a><br \/>\nFernandez conheceu todo o Sistema de Comunica\u00e7\u00e3o da Can\u00e7\u00e3o Nova como TV, R\u00e1dio, Internet e a nova Central de Produ\u00e7\u00e3o Digital, inaugurada no dia 18.<\/p>\n<p style=\"text-align: justify;\">Ligado ao Movimento Regnum Christi, ele disse que um dos motivos de sua visita \u00e0 comunidade cat\u00f3lica \u00e9 encontrar pontos de uni\u00e3o entre as m\u00eddias.<\/p>\n<p style=\"text-align: justify;\">\u201cAcredito que o chamado do Papa Jo\u00e3o Paulo II para a nova evangeliza\u00e7\u00e3o se inspirou em muitos movimentos para usar os meios de comunica\u00e7\u00e3o. \u00c9 um sinal de que Jesus Cristo prometeu unir a todos. Acredito tamb\u00e9m que, na Igreja cat\u00f3lica, Deus quer que encontremos pontos de uni\u00e3o.\u201d<\/p>\n<p style=\"text-align: justify;\">Sobre a Can\u00e7\u00e3o Nova, o mexicano contou ter visto que o trabalho de todo o Sistema de Comunica\u00e7\u00e3o desta comunidade \u00e9 um exemplo de poder colocar Deus na mente e na almas de muitas pessoas, pois, segundo ele, a Internet j\u00e1 est\u00e1 tamb\u00e9m nos celulares e em todos os lugares.<\/p>\n<p style=\"text-align: justify;\">A Zenit, da qual Fernandez faz parte, \u00e9 uma ag\u00eancia de not\u00edcias cat\u00f3lica que tem a inten\u00e7\u00e3o de levar, numa linguagem comum, todos os comunicados do Vaticano para seus fi\u00e9is.<\/p>\n<p style=\"text-align: justify;\"><strong>Regnum Christi<\/strong><\/p>\n<p style=\"text-align: justify;\">Uma grande fam\u00edlia, na qual existem diversas voca\u00e7\u00f5es complementares. Uma delas \u00e9 a de homens e mulheres que, pelo chamado especial de Deus, dedicam suas vidas por completo \u00e0 extens\u00e3o do Reino de Cristo, vivendo os conselhos evang\u00e9licos em forma de promessas, dedicando-se totalmente ao apostolado. Desta forma, recebem uma adequada capacita\u00e7\u00e3o profissional e apost\u00f3lica para colaborar ou dirigir obras do Regnum Christi.<\/p>\n","protected":false},"excerpt":{"rendered":"<p>A convite da Can\u00e7\u00e3o Nova e da Funda\u00e7\u00e3o Jo\u00e3o Paulo II, o mexicano respons\u00e1vel pelos meios de comunica\u00e7\u00e3o do Movimento Regnum Christi e supervisor do site Zenit, Cathlicnet e Hombre Nuevo, Francisco Fernandez esteve na sede da comunidade cat\u00f3lica nesta&#8230;<\/p>\n","protected":false},"author":1051,"featured_media":0,"comment_status":"open","ping_status":"open","sticky":false,"template":"","format":"standard","meta":{"_mi_skip_tracking":false,"_monsterinsights_sitenote_active":false,"_monsterinsights_sitenote_note":"","_monsterinsights_sitenote_category":0,"footnotes":""},"categories":[1331],"tags":[5011,6351,16507,178141,17423,24541],"_links":{"self":[{"href":"https:\/\/blog.cancaonova.com\/redacao\/wp-json\/wp\/v2\/posts\/5794"}],"collection":[{"href":"https:\/\/blog.cancaonova.com\/redacao\/wp-json\/wp\/v2\/posts"}],"about":[{"href":"https:\/\/blog.cancaonova.com\/redacao\/wp-json\/wp\/v2\/types\/post"}],"author":[{"embeddable":true,"href":"https:\/\/blog.cancaonova.com\/redacao\/wp-json\/wp\/v2\/users\/1051"}],"replies":[{"embeddable":true,"href":"https:\/\/blog.cancaonova.com\/redacao\/wp-json\/wp\/v2\/comments?post=5794"}],"version-history":[{"count":10,"href":"https:\/\/blog.cancaonova.com\/redacao\/wp-json\/wp\/v2\/posts\/5794\/revisions"}],"predecessor-version":[{"id":5805,"href":"https:\/\/blog.cancaonova.com\/redacao\/wp-json\/wp\/v2\/posts\/5794\/revisions\/5805"}],"wp:attachment":[{"href":"https:\/\/blog.cancaonova.com\/redacao\/wp-json\/wp\/v2\/media?parent=5794"}],"wp:term":[{"taxonomy":"category","embeddable":true,"href":"https:\/\/blog.cancaonova.com\/redacao\/wp-json\/wp\/v2\/categories?post=5794"},{"taxonomy":"post_tag","embeddable":true,"href":"https:\/\/blog.cancaonova.com\/redacao\/wp-json\/wp\/v2\/tags?post=5794"}],"curies":[{"name":"wp","href":"https:\/\/api.w.org\/{rel}","templated":true}]}}