{"id":6063,"date":"2010-09-17T10:45:47","date_gmt":"2010-09-17T13:45:47","guid":{"rendered":"http:\/\/blog.cancaonova.com\/redacao\/?p=6063"},"modified":"2010-10-14T09:59:32","modified_gmt":"2010-10-14T12:59:32","slug":"serie-vida-direito-de-todos-o-desenvolvimento-da-vida","status":"publish","type":"post","link":"https:\/\/blog.cancaonova.com\/redacao\/serie-vida-direito-de-todos-o-desenvolvimento-da-vida\/","title":{"rendered":"S\u00e9rie \"Vida: direito de todos\" - O desenvolvimento da vida"},"content":{"rendered":"<p style=\"text-align: justify;\">Nossa viagem ao interior do ventre materno continua. Vamos acompanhar o desenvolvimento do embri\u00e3o e a forma\u00e7\u00e3o dos primeiros \u00f3rg\u00e3os, que vai se dar com a r\u00e1pida e eficiente multiplica\u00e7\u00e3o das c\u00e9lulas.<\/p>\n<p style=\"text-align: justify;\">Com a forma\u00e7\u00e3o do saco vitelino e posteriormente a placenta, o embri\u00e3o passa a ter o seu sistema de desenvolvimento pr\u00f3prio, ou seja, os seus \u00f3rg\u00e3os se formam por determina\u00e7\u00e3o biol\u00f3gica programada, na qual o agente ativo \u00e9 o filho e a m\u00e3e \u00e9 o agente passivo; o embri\u00e3o em desenvolvimento n\u00e3o \u00e9 uma parte do corpo da m\u00e3e.<\/p>\n<p style=\"text-align: justify;\">Na terceira semana, o embri\u00e3o come\u00e7a a tomar forma como a de um cubo alargado. A parte superior ser\u00e1 a cabe\u00e7a e inferior, o tronco. Com 15 dias as c\u00e9lulas neurais j\u00e1 come\u00e7am a agir no desenvolvimento embrion\u00e1rio. \u201cCom 3 a 4 semanas de vida j\u00e1 \u00e9 poss\u00edvel ver e ouvir as batidas do cora\u00e7\u00e3o,\u00a0 de forma que quando a m\u00e3e descobre estar gr\u00e1vida j\u00e1 h\u00e1 um outro cora\u00e7\u00e3o batendo dentro dela. Nessa fase o embri\u00e3o tem cerca de 2 mil\u00edmetros e j\u00e1 \u00e9 poss\u00edvel sentir o seu cora\u00e7\u00e3o.<\/p>\n<p style=\"text-align: justify;\">Segundo a doutora Elisabeth Kipman, m\u00e9dica especialista em ginecologia e obstetr\u00edcia, \u201ca frequ\u00eancia da batida do cora\u00e7\u00e3o [do embri\u00e3o] \u00e9 quase o dobro da frequ\u00eancia de um adulto, porque \u00e9 a fase na qual se cresce de forma mais r\u00e1pida\u201d.<\/p>\n<p style=\"text-align: justify;\">O cora\u00e7\u00e3o, apesar de ser um membro ainda muito pequeno, precisa trabalhar de forma muito r\u00e1pida porque as c\u00e9lulas necessitam disso, pois v\u00e3o se multiplicar numa velocidade incr\u00edvel. \u00c9 a vida que quer existir. Em apenas tr\u00eas semanas, o embri\u00e3o j\u00e1 formou o in\u00edcio do sistema nervoso e um cora\u00e7\u00e3o capaz de distribuir os nutrientes para o seu pequeno corpo.<\/p>\n<p style=\"text-align: justify;\"><strong>&#8220;Durante a gesta\u00e7\u00e3o o filho quer mandar na m\u00e3e, porque o desenvolvimento \u00e9 diferente. Uma das maneiras para se identificar que a mulher est\u00e1 gr\u00e1vida \u00e9 justamente sentir que existe um cora\u00e7\u00e3o que bate de uma forma bem mais acelerada do que o cora\u00e7\u00e3o da m\u00e3e&#8221;<\/strong>, afirma a m\u00e9dica ginecologista.<\/p>\n<p><span style=\"color: #ffffff;\"><strong>V\u00eddeo: veja o milagre do desenvolvimento no seio materno<\/strong><\/span><strong><\/strong><\/p>\n<p><object classid=\"clsid:d27cdb6e-ae6d-11cf-96b8-444553540000\" width=\"490\" height=\"303\" codebase=\"http:\/\/download.macromedia.com\/pub\/shockwave\/cabs\/flash\/swflash.cab#version=6,0,40,0\"><param name=\"allowScriptAccess\" value=\"aways\" \/><param name=\"wmode\" value=\"window\" \/><param name=\"loop\" value=\"false\" \/><param name=\"menu\" value=\"true\" \/><param name=\"allowFullScreen\" value=\"true\" \/><param name=\"src\" value=\"http:\/\/www.webtvcn.com\/player\/v\/11737425\" \/><embed type=\"application\/x-shockwave-flash\" width=\"490\" height=\"303\" src=\"http:\/\/www.webtvcn.com\/player\/v\/11737425\" allowfullscreen=\"true\" menu=\"true\" loop=\"false\" wmode=\"window\" allowscriptaccess=\"aways\"><\/embed><\/object><\/p>\n<p style=\"text-align: justify;\">Com 4 semanas o embri\u00e3o j\u00e1 est\u00e1 do tamanho de um feij\u00e3o; com 6 semanas o seu c\u00e9rebro j\u00e1 est\u00e1 formado; no entanto, as liga\u00e7\u00f5es nervosas ainda est\u00e3o em desenvolvimento. Com 8 semanas o pequeno ser se torna um feto, pois os seus membros, como olhos, pernas, bra\u00e7os, boca j\u00e1 come\u00e7am a se revelar, inclusive a sua impress\u00e3o digital.<\/p>\n<p style=\"text-align: justify;\">Nesta fase o corpo da mulher trabalha de forma instintiva para proteger a nova vida que traz dentro de si. Rea\u00e7\u00f5es como indisposi\u00e7\u00e3o a carnes vermelhas, \u00e1lcool e outras subst\u00e2ncias nocivas ao feto acontecem, porque o corpo materno quer proteger o seu filho. O que a m\u00e3e n\u00e3o consegue controlar na ingest\u00e3o de nutrientes nocivos, a placenta tenta faz\u00ea-lo, filtrando o que \u00e9 prejudicial ao feto e devolvendo-o para a corrente sangu\u00ednea da m\u00e3e. No entanto, sabe-se que nem toda subst\u00e2ncia nociva ao feto a placenta consegue reter. Drogas como o \u00e1lcool e o tabaco, assim como outras mais fortes como a coca\u00edna e o crack, afetam diretamente a crian\u00e7a no ventre de sua m\u00e3e.<\/p>\n<p style=\"text-align: justify;\">De acordo com a doutora Elizabeth: \u201cCom 8 semanas o feto j\u00e1 apresenta o gosto pelas coisas. De 9 a 12 semanas j\u00e1 \u00e9 poss\u00edvel perceber que o feto reage \u00e0 dor e tamb\u00e9m \u00e0s a\u00e7\u00f5es de sua m\u00e3e\u201d.<\/p>\n<p style=\"text-align: justify;\"><strong>\u201cEu tenho certeza de que o maior de todos os mist\u00e9rios, a maravilha maior do universo, \u00e9 a cria\u00e7\u00e3o de uma nova vida, de um novo ser humano, \u00fanico, irrepet\u00edvel, com uma hist\u00f3ria pr\u00f3pria que, se for eliminado, ningu\u00e9m mais vai viver [aquela vida]. Gerar um filho n\u00e3o \u00e9 s\u00f3 uma resposta a um instinto biol\u00f3gico de continuidade, \u00e9 a participa\u00e7\u00e3o em algo mais profundo existencial da pessoa\u201d.<\/strong><\/p>\n<p style=\"text-align: justify;\">De fato, acompanhar o desenvolvimento e o nascimento de uma nova vida \u00e9 algo que nos remete \u00e0 perfei\u00e7\u00e3o da cria\u00e7\u00e3o de Deus. \u201cQuando n\u00f3s vemos uma crian\u00e7a que acabou de nascer no colo de sua m\u00e3e, e sabendo que aquela crian\u00e7a \u00e9 imagem e semelhan\u00e7a de Deus, n\u00f3s temos a certeza de que \u00e9 mais Deus na terra. Porque o Senhor n\u00e3o se repete nunca, e cada crian\u00e7a traz uma qualidade espec\u00edfica d&#8217;Ele, que Ele quer anunciar por meio daquela crian\u00e7a\u201d, conclui a m\u00e9dica.<\/p>\n<p><span style=\"color: #ffffff;\"><strong>Veja tamb\u00e9m:<\/strong><\/span><\/p>\n<p style=\"text-align: justify;\"><a href=\"http:\/\/blog.cancaonova.com\/redacao\/2010\/09\/15\/vida-direito-de-todos-o-inicio-da-vida\/\" target=\"_blank\"><span style=\"color: #ffffff;\">&#8211; 1\u00aa mat\u00e9ria da s\u00e9rie: O in\u00edcio de uma nova vida<\/span><\/a><\/p>\n<p style=\"text-align: justify;\"><span style=\"color: #ffffff;\"><strong>Entre nas salas de discuss\u00f5es nas m\u00eddias sociais e deixe o seu apelo em favor da vida<\/strong><\/span><\/p>\n<p><a href=\"http:\/\/www.facebook.com\/home.php?#!\/group.php?gid=157953767553826\" target=\"_blank\"><span style=\"color: #ffffff;\">&#8211; Facebook<\/span><\/a><br \/>\n<a href=\"http:\/\/www.orkut.com.br\/Main#Profile?uid=1558242038371878651\" target=\"_blank\"><span style=\"color: #ffffff;\">&#8211; Orkut<\/span><\/a><br \/>\n<a href=\"http:\/\/gentedefe.com\/groups\/o-valor-da-vida\" target=\"_blank\"><span style=\"color: #ffffff;\">&#8211; Gente de F\u00e9<\/span><\/a><\/p>\n","protected":false},"excerpt":{"rendered":"<p>Nossa viagem ao interior do ventre materno continua. Vamos acompanhar o desenvolvimento do embri\u00e3o e a forma\u00e7\u00e3o dos primeiros \u00f3rg\u00e3os, que vai se dar com a r\u00e1pida e eficiente multiplica\u00e7\u00e3o das c\u00e9lulas. Com a forma\u00e7\u00e3o do saco vitelino e posteriormente&#8230;<\/p>\n","protected":false},"author":1051,"featured_media":0,"comment_status":"open","ping_status":"open","sticky":false,"template":"","format":"standard","meta":{"_mi_skip_tracking":false,"_monsterinsights_sitenote_active":false,"_monsterinsights_sitenote_note":"","_monsterinsights_sitenote_category":0,"footnotes":""},"categories":[1351,32,35457],"tags":[49,6351,25419,21684,39],"_links":{"self":[{"href":"https:\/\/blog.cancaonova.com\/redacao\/wp-json\/wp\/v2\/posts\/6063"}],"collection":[{"href":"https:\/\/blog.cancaonova.com\/redacao\/wp-json\/wp\/v2\/posts"}],"about":[{"href":"https:\/\/blog.cancaonova.com\/redacao\/wp-json\/wp\/v2\/types\/post"}],"author":[{"embeddable":true,"href":"https:\/\/blog.cancaonova.com\/redacao\/wp-json\/wp\/v2\/users\/1051"}],"replies":[{"embeddable":true,"href":"https:\/\/blog.cancaonova.com\/redacao\/wp-json\/wp\/v2\/comments?post=6063"}],"version-history":[{"count":4,"href":"https:\/\/blog.cancaonova.com\/redacao\/wp-json\/wp\/v2\/posts\/6063\/revisions"}],"predecessor-version":[{"id":6214,"href":"https:\/\/blog.cancaonova.com\/redacao\/wp-json\/wp\/v2\/posts\/6063\/revisions\/6214"}],"wp:attachment":[{"href":"https:\/\/blog.cancaonova.com\/redacao\/wp-json\/wp\/v2\/media?parent=6063"}],"wp:term":[{"taxonomy":"category","embeddable":true,"href":"https:\/\/blog.cancaonova.com\/redacao\/wp-json\/wp\/v2\/categories?post=6063"},{"taxonomy":"post_tag","embeddable":true,"href":"https:\/\/blog.cancaonova.com\/redacao\/wp-json\/wp\/v2\/tags?post=6063"}],"curies":[{"name":"wp","href":"https:\/\/api.w.org\/{rel}","templated":true}]}}