{"id":6074,"date":"2010-09-22T09:20:54","date_gmt":"2010-09-22T12:20:54","guid":{"rendered":"http:\/\/blog.cancaonova.com\/redacao\/?p=6074"},"modified":"2010-10-14T10:00:02","modified_gmt":"2010-10-14T13:00:02","slug":"serie-vida-direito-de-todos-o-valor-da-pessoa-humana","status":"publish","type":"post","link":"https:\/\/blog.cancaonova.com\/redacao\/serie-vida-direito-de-todos-o-valor-da-pessoa-humana\/","title":{"rendered":"S\u00e9rie \"Vida: direito de todos\" - O valor da pessoa humana"},"content":{"rendered":"<p style=\"text-align: justify;\">&#8220;Cada um de n\u00f3s \u00e9 um indiv\u00edduo diferente do outro, e da\u00ed o valor da pessoa ser t\u00e3o grande, porque somos uma verdadeira raridade, somos \u00fanicos, e aquilo que \u00e9 \u00fanico e t\u00e3o raro tem um valor incomensur\u00e1vel\u201d, afirma o doutor Valdir Reginato, m\u00e9dico, professor do Centro de Hist\u00f3ria e Filosofia da Ci\u00eancia da Sa\u00fade da Unifesp (Universidade Federal de S\u00e3o Paulo).<\/p>\n<p style=\"text-align: justify;\">Neste epis\u00f3dio da nossa s\u00e9rie \u201cVida: direito de todos\u201d vamos abordar o valor do ser humano, sua personalidade e como a ci\u00eancia comprova que as manifesta\u00e7\u00f5es do feto s\u00e3o cada vez mais precoces j\u00e1 no ventre materno. Se h\u00e1 manifesta\u00e7\u00e3o e intera\u00e7\u00e3o desta vida no ventre materno, como elimin\u00e1-la? Se ali est\u00e1 uma pessoa, fr\u00e1gil, indefesa, mas querendo  vir ao mundo desde sua concep\u00e7\u00e3o, quando biologicamente \u00e9 uma primeira c\u00e9lula (zigoto), como n\u00e3o considerar esta vida, o seu valor, mas tamb\u00e9m os seus direitos?<\/p>\n<p style=\"text-align: justify;\">Explica doutor Valdir Reginato:<\/p>\n<p style=\"text-align: justify;\">\u201c\u00c9 muito antiga a ideia de que dentro do ambiente uterino o ser humano j\u00e1 se manifestava. Se n\u00f3s formos ver ao logo da hist\u00f3ria, ainda antes de Cristo, com os eg\u00edpcios e os gregos, eles j\u00e1 tinham a concep\u00e7\u00e3o de que o feto ao se movimentar e a m\u00e3e perceber j\u00e1 era o ind\u00edcio de que ali [no ventre materno] j\u00e1 havia algu\u00e9m, e este algu\u00e9m j\u00e1 tinha alguma manifesta\u00e7\u00e3o de quem ele era.<\/p>\n<p style=\"text-align: justify;\">Sem d\u00favida alguma, a ultrassonografia foi um avan\u00e7o muito grande em que n\u00f3s passamos a ter um acesso visual \u00e0 quest\u00e3o do feto. E pelo ultrassom n\u00f3s podemos acompanhar muito melhor as manifesta\u00e7\u00f5es deste indiv\u00edduo que est\u00e1 vivendo ali dentro e muito mais: que est\u00e1 interagindo com o meio que o gera. Aquilo que antes era apenas uma ideia [dos antigos] n\u00f3s pudemos comprovar cientificamente atrav\u00e9s das visualiza\u00e7\u00f5es da ultrassonografia.<\/p>\n<p style=\"text-align: justify;\">A cada vez que aumentamos a sensibilidade [de visualiza\u00e7\u00e3o] dos aparelhos, descobrimos que as manifesta\u00e7\u00f5es do feto s\u00e3o muito precoces. Ser\u00e1 que um dia n\u00f3s teremos condi\u00e7\u00f5es de, mediante o desenvolvimento tecnol\u00f3gico mais apurado, poder perceber que, mesmo antes de uma composi\u00e7\u00e3o mais complexa do sistema nervoso, n\u00f3s j\u00e1 n\u00e3o temos esta sensibilidade? Ser\u00e1 que esta sensibilidade j\u00e1 n\u00e3o est\u00e1 ali a partir do primeiro instante da vida?  Se n\u00f3s temos seres unicelulares, como as amebas, que s\u00e3o capazes de reagir a certos est\u00edmulos, por que o zigoto, que \u00e9 uma c\u00e9lula muito mais complexa que a de uma ameba, n\u00e3o teria esta capacidade de reagir aos est\u00edmulos? Ou seja, ser\u00e1 que o ser humano, a partir de sua concep\u00e7\u00e3o, de fato, j\u00e1 n\u00e3o interage com o meio, sendo este meio mais pr\u00f3ximo a sua m\u00e3e?\u201d.<\/p>\n<p><strong><span style=\"color: #ffcc00;\">No v\u00eddeo abaixo voc\u00ea confere o depoimento do doutor Valdir Reginato:<\/span><\/strong><\/p>\n<p><object classid=\"clsid:d27cdb6e-ae6d-11cf-96b8-444553540000\" width=\"490\" height=\"303\" codebase=\"http:\/\/download.macromedia.com\/pub\/shockwave\/cabs\/flash\/swflash.cab#version=6,0,40,0\"><param name=\"allowScriptAccess\" value=\"aways\" \/><param name=\"wmode\" value=\"window\" \/><param name=\"loop\" value=\"false\" \/><param name=\"menu\" value=\"true\" \/><param name=\"allowFullScreen\" value=\"true\" \/><param name=\"src\" value=\"http:\/\/www.webtvcn.com\/player\/v\/11737492\" \/><embed type=\"application\/x-shockwave-flash\" width=\"490\" height=\"303\" src=\"http:\/\/www.webtvcn.com\/player\/v\/11737492\" allowfullscreen=\"true\" menu=\"true\" loop=\"false\" wmode=\"window\" allowscriptaccess=\"aways\"><\/embed><\/object><\/p>\n<p><object classid=\"clsid:d27cdb6e-ae6d-11cf-96b8-444553540000\" width=\"490\" height=\"303\" codebase=\"http:\/\/download.macromedia.com\/pub\/shockwave\/cabs\/flash\/swflash.cab#version=6,0,40,0\"><param name=\"allowScriptAccess\" value=\"aways\" \/><param name=\"wmode\" value=\"window\" \/><param name=\"loop\" value=\"false\" \/><param name=\"menu\" value=\"true\" \/><param name=\"allowFullScreen\" value=\"true\" \/><param name=\"src\" value=\"http:\/\/www.webtvcn.com\/player\/v\/11737494\" \/><embed type=\"application\/x-shockwave-flash\" width=\"490\" height=\"303\" src=\"http:\/\/www.webtvcn.com\/player\/v\/11737494\" allowfullscreen=\"true\" menu=\"true\" loop=\"false\" wmode=\"window\" allowscriptaccess=\"aways\"><\/embed><\/object><\/p>\n<p style=\"text-align: justify;\"><strong><span style=\"color: #ffcc00;\">Confira as outras mat\u00e9rias da s\u00e9rie<\/span><\/strong><\/p>\n<p><a href=\"http:\/\/blog.cancaonova.com\/redacao\/2010\/09\/22\/vida-direito-de-todos-as-emocoes-do-bebe-no-ventre-materno\/\" target=\"_blank\"><span style=\"color: #ffcc00;\">As emo\u00e7\u00f5es do beb\u00ea no ventre materno<\/span><\/a><\/p>\n<p><a href=\"..\/2010\/09\/15\/vida-direito-de-todos-o-inicio-da-vida\/\" target=\"_blank\"><span style=\"color: #ffcc00;\">O In\u00edcio da Vida<\/span><\/a><\/p>\n<p style=\"text-align: justify;\"><a href=\"..\/2010\/09\/17\/serie-vida-direito-de-todos-o-desenvolvimento-da-vida\/\" target=\"_blank\"><span style=\"color: #ffcc00;\">O  desenvolvimento da Vida<\/span><\/a><\/p>\n<p style=\"text-align: justify;\"><span style=\"color: #ffffff;\"><strong>Entre   nas salas de discuss\u00f5es nas m\u00eddias sociais e deixe o seu apelo em  favor  da vida<\/strong><\/span><\/p>\n<p><a onclick=\"javascript:pageTracker._trackPageview('\/outbound\/article\/http:\/\/www.facebook.com\/home.php?#!\/group.php?gid=157953767553826');\" href=\"http:\/\/www.facebook.com\/home.php?#%21\/group.php?gid=157953767553826\" target=\"_blank\"><span style=\"color: #ffffff;\">&#8211; Facebook<\/span><\/a><br \/>\n<a onclick=\"javascript:pageTracker._trackPageview('\/outbound\/article\/http:\/\/www.orkut.com.br\/Main#Profile?uid=1558242038371878651');\" href=\"http:\/\/www.orkut.com.br\/Main#Profile?uid=1558242038371878651\" target=\"_blank\"><span style=\"color: #ffffff;\">&#8211; Orkut<\/span><\/a><br \/>\n<a onclick=\"javascript:pageTracker._trackPageview('\/outbound\/article\/http:\/\/gentedefe.com\/groups\/o-valor-da-vida');\" href=\"http:\/\/gentedefe.com\/groups\/o-valor-da-vida\" target=\"_blank\"><span style=\"color: #ffffff;\">&#8211; Gente de F\u00e9<\/span><\/a><\/p>\n","protected":false},"excerpt":{"rendered":"<p>&#8220;Cada um de n\u00f3s \u00e9 um indiv\u00edduo diferente do outro, e da\u00ed o valor da pessoa ser t\u00e3o grande, porque somos uma verdadeira raridade, somos \u00fanicos, e aquilo que \u00e9 \u00fanico e t\u00e3o raro tem um valor incomensur\u00e1vel\u201d, afirma o&#8230;<\/p>\n","protected":false},"author":1051,"featured_media":0,"comment_status":"open","ping_status":"open","sticky":false,"template":"","format":"standard","meta":{"_mi_skip_tracking":false,"_monsterinsights_sitenote_active":false,"_monsterinsights_sitenote_note":"","_monsterinsights_sitenote_category":0,"footnotes":""},"categories":[1351,32,35457],"tags":[49,6351,21684,39],"_links":{"self":[{"href":"https:\/\/blog.cancaonova.com\/redacao\/wp-json\/wp\/v2\/posts\/6074"}],"collection":[{"href":"https:\/\/blog.cancaonova.com\/redacao\/wp-json\/wp\/v2\/posts"}],"about":[{"href":"https:\/\/blog.cancaonova.com\/redacao\/wp-json\/wp\/v2\/types\/post"}],"author":[{"embeddable":true,"href":"https:\/\/blog.cancaonova.com\/redacao\/wp-json\/wp\/v2\/users\/1051"}],"replies":[{"embeddable":true,"href":"https:\/\/blog.cancaonova.com\/redacao\/wp-json\/wp\/v2\/comments?post=6074"}],"version-history":[{"count":9,"href":"https:\/\/blog.cancaonova.com\/redacao\/wp-json\/wp\/v2\/posts\/6074\/revisions"}],"predecessor-version":[{"id":6215,"href":"https:\/\/blog.cancaonova.com\/redacao\/wp-json\/wp\/v2\/posts\/6074\/revisions\/6215"}],"wp:attachment":[{"href":"https:\/\/blog.cancaonova.com\/redacao\/wp-json\/wp\/v2\/media?parent=6074"}],"wp:term":[{"taxonomy":"category","embeddable":true,"href":"https:\/\/blog.cancaonova.com\/redacao\/wp-json\/wp\/v2\/categories?post=6074"},{"taxonomy":"post_tag","embeddable":true,"href":"https:\/\/blog.cancaonova.com\/redacao\/wp-json\/wp\/v2\/tags?post=6074"}],"curies":[{"name":"wp","href":"https:\/\/api.w.org\/{rel}","templated":true}]}}