{"id":6078,"date":"2010-09-22T10:53:57","date_gmt":"2010-09-22T13:53:57","guid":{"rendered":"http:\/\/blog.cancaonova.com\/redacao\/?p=6078"},"modified":"2010-10-14T10:00:29","modified_gmt":"2010-10-14T13:00:29","slug":"vida-direito-de-todos-as-emocoes-do-bebe-no-ventre-materno","status":"publish","type":"post","link":"https:\/\/blog.cancaonova.com\/redacao\/vida-direito-de-todos-as-emocoes-do-bebe-no-ventre-materno\/","title":{"rendered":"Vida: direito de todos - As emo\u00e7\u00f5es do beb\u00ea no ventre materno"},"content":{"rendered":"<p class=\"western\" style=\"margin-bottom: 0cm; text-align: justify;\">Vamos ao desenvolvimento de uma nova vida humana no ventre de sua m\u00e3e. A vida avan\u00e7a rapidamente, o beb\u00ea se move frequentemente na barriga de sua m\u00e3e, isto porque o c\u00e9rebro j\u00e1 come\u00e7a a enviar descargas neurais para todo o corpo. Bra\u00e7os e pernas come\u00e7am a se esticar, isto desde 9\u00aa semana de gesta\u00e7\u00e3o.<\/p>\n<p style=\"text-align: justify;\">Muitos dizem que o aborto seria poss\u00edvel at\u00e9 a 14\u00aa semana de gesta\u00e7\u00e3o porque o feto n\u00e3o sentiria dor \u2013 como se a quest\u00e3o fosse apenas de sentir ou n\u00e3o a dor f\u00edsica. No entanto, a ci\u00eancia comprova que o desenvolvimento cerebral na forma\u00e7\u00e3o do corpo da crian\u00e7a \u00e9 muito precoce, e as c\u00e9lulas nervosas, que v\u00e3o comandar todo o desenvolvimento do corpo, s\u00e3o as primeiras a se formarem. Segundo a psic\u00f3loga Tatiana de Biagi <strong>\u201cn\u00e3o podemos comprovar o que ou o quanto  embri\u00e3o ou o feto ele compreende (cognitivamente), mas podemos afirmar que ele se afeta com as rea\u00e7\u00f5es negativas ou positivas de sua m\u00e3e\u201d<\/strong><\/p>\n<p style=\"text-align: justify;\">Segundo ainda a psic\u00f3loga Ta\u00eds F\u00e1tima, \u201cO beb\u00ea est\u00e1 ligado a sua m\u00e3e, desde a concep\u00e7\u00e3o, n\u00e3o s\u00f3 para ele ter um corpo e desenvolver este corpo, mas o beb\u00ea est\u00e1 ligado a sua m\u00e3e para ele se desenvolver como pessoa.<\/p>\n<p style=\"text-align: justify;\">Com 16 semanas (4 meses) o c\u00e9rebro  funciona a todo vapor. O sistema nervoso vai controlando pouco a pouco o corpo da crian\u00e7a, os m\u00fasculos se flexionam, os dedos est\u00e3o definidos, o tato com  outros membros de seu corpo se torna cada vez mais frequente, isto porque o novo ser come\u00e7a a ter maior consci\u00eancia do espa\u00e7o que o envolve. Com 18 semanas a m\u00e3e sentir\u00e1 os primeiros movimentos bruscos do beb\u00ea.<\/p>\n<p style=\"text-align: justify;\"><strong><span style=\"color: #ffffff;\">Confira o depoimento das psic\u00f3logas Ta\u00eds e Tatiana<\/span><\/strong><\/p>\n<p><object classid=\"clsid:d27cdb6e-ae6d-11cf-96b8-444553540000\" width=\"490\" height=\"303\" codebase=\"http:\/\/download.macromedia.com\/pub\/shockwave\/cabs\/flash\/swflash.cab#version=6,0,40,0\"><param name=\"allowScriptAccess\" value=\"aways\" \/><param name=\"wmode\" value=\"window\" \/><param name=\"loop\" value=\"false\" \/><param name=\"menu\" value=\"true\" \/><param name=\"allowFullScreen\" value=\"true\" \/><param name=\"src\" value=\"http:\/\/www.webtvcn.com\/player\/v\/11737459\" \/><embed type=\"application\/x-shockwave-flash\" width=\"490\" height=\"303\" src=\"http:\/\/www.webtvcn.com\/player\/v\/11737459\" allowfullscreen=\"true\" menu=\"true\" loop=\"false\" wmode=\"window\" allowscriptaccess=\"aways\"><\/embed><\/object><\/p>\n<p style=\"text-align: justify;\">Com 24 semanas (6 meses) a crian\u00e7a desenvolve melhor os seus sentidos, sobretudo a audi\u00e7\u00e3o que ser\u00e1 o sentido mais agu\u00e7ado, onde o beb\u00ea ter\u00e1 maior contato com o mundo exterior. Estudos mostram que o l\u00edquido amni\u00f3tico levam o gosto dos nutrientes que a m\u00e3e ingere, assim o crian\u00e7a desenvolve o olfato e o paladar. A vis\u00e3o \u00e9 o \u00fanico sentido que o beb\u00ea desenvolver\u00e1 somente depois do nascimento, j\u00e1 que no ventre de sua m\u00e3e tudo \u00e9 escuro.<\/p>\n<p style=\"text-align: justify;\">A audi\u00e7\u00e3o  \u00e9 sem d\u00favida o sentido que o feto mais desenvolve durante o seu tempo de forma\u00e7\u00e3o. Como o feto est\u00e1 envolto pelo l\u00edquido amni\u00f3tico, o som viaja pelo liquido 4 vezes mais r\u00e1pido do que pelo oxig\u00eanio. Da\u00ed a import\u00e2ncia do di\u00e1logo da m\u00e3e com o seu filho. Segundo a psicologa Tatiana \u201c\u00e9 importante que a m\u00e3e construa este vinculo com o seu beb\u00ea desde o momento da concep\u00e7\u00e3o at\u00e9 a sua forma\u00e7\u00e3o intrauterina, porque desta forma ela indicar\u00e1 para o beb\u00ea que ele \u00e9 amado e acolhido\u201d<\/p>\n<p style=\"text-align: justify;\">Durante este tempo, o beb\u00ea tem um companheiro que lhe \u00e9 quase insepar\u00e1vel: o som dos batimentos card\u00edacos seu e de sua m\u00e3e. O beb\u00ea percebe logo as mudan\u00e7as de estado emocional de sua m\u00e3e de acordo com o ritmo card\u00edaco. Se ela estiver tranquila e relaxada os batimentos card\u00edacos diminuir\u00e3o, se estiver agitada e estressada, a press\u00e3o sangu\u00ednea aumentar\u00e1 e, ainda que o feto tenha sua fonte sangu\u00ednea separada de sua m\u00e3e, o fluxo sangu\u00edneo ser\u00e1 capitado pela placenta e o cora\u00e7\u00e3o do beb\u00ea tamb\u00e9m disparar\u00e1, comprovando que o beb\u00ea \u2013 atrav\u00e9s da corrente sangu\u00ednea \u2013 sente o que sua m\u00e3e sente. Estudos mostram que um alto n\u00edvel de stress durante a gravidez pode provocar danos mentais nos primeiros anos de vida da crian\u00e7a<\/p>\n<p style=\"text-align: justify;\">Com 28 semanas o beb\u00ea ganha peso, dorme no ventre de sua m\u00e3e, e se prepara para um momento traum\u00e1tico: o seu nascimento. Traum\u00e1tico porque deixar\u00e1 daqui a algumas semanas (33\u00aa) a seguran\u00e7a do ventre materno, para enfrentar e o mundo e aos poucos tomar consci\u00eancia do seu ser e ao longo da vida de sua miss\u00e3o nesta terra.<\/p>\n<p style=\"text-align: justify;\"><strong><span style=\"color: #ffcc00;\">Confira as outras mat\u00e9rias da s\u00e9rie<\/span><\/strong><\/p>\n<p><a href=\"http:\/\/blog.cancaonova.com\/redacao\/2010\/09\/15\/vida-direito-de-todos-o-inicio-da-vida\/\" target=\"_blank\"><span style=\"color: #ffcc00;\">O In\u00edcio da Vida<\/span><\/a><\/p>\n<p style=\"text-align: justify;\"><a href=\"http:\/\/blog.cancaonova.com\/redacao\/2010\/09\/17\/serie-vida-direito-de-todos-o-desenvolvimento-da-vida\/\" target=\"_blank\"><span style=\"color: #ffcc00;\">O desenvolvimento da Vida<\/span><\/a><\/p>\n<p style=\"text-align: justify;\"><span style=\"color: #ffffff;\"><strong>Entre  nas salas de discuss\u00f5es nas m\u00eddias sociais e deixe o seu apelo em favor  da vida<\/strong><\/span><\/p>\n<p><a onclick=\"javascript:pageTracker._trackPageview('\/outbound\/article\/http:\/\/www.facebook.com\/home.php?#!\/group.php?gid=157953767553826');\" href=\"http:\/\/www.facebook.com\/home.php?#%21\/group.php?gid=157953767553826\" target=\"_blank\"><span style=\"color: #ffffff;\">&#8211; Facebook<\/span><\/a><br \/>\n<a onclick=\"javascript:pageTracker._trackPageview('\/outbound\/article\/http:\/\/www.orkut.com.br\/Main#Profile?uid=1558242038371878651');\" href=\"http:\/\/www.orkut.com.br\/Main#Profile?uid=1558242038371878651\" target=\"_blank\"><span style=\"color: #ffffff;\">&#8211; Orkut<\/span><\/a><br \/>\n<a onclick=\"javascript:pageTracker._trackPageview('\/outbound\/article\/http:\/\/gentedefe.com\/groups\/o-valor-da-vida');\" href=\"http:\/\/gentedefe.com\/groups\/o-valor-da-vida\" target=\"_blank\"><span style=\"color: #ffffff;\">&#8211; Gente de F\u00e9<\/span><\/a><\/p>\n<p style=\"text-align: justify;\">\n<p class=\"western\" style=\"margin-bottom: 0cm; text-align: justify;\">\n","protected":false},"excerpt":{"rendered":"<p>Vamos ao desenvolvimento de uma nova vida humana no ventre de sua m\u00e3e. A vida avan\u00e7a rapidamente, o beb\u00ea se move frequentemente na barriga de sua m\u00e3e, isto porque o c\u00e9rebro j\u00e1 come\u00e7a a enviar descargas neurais para todo o&#8230;<\/p>\n","protected":false},"author":1051,"featured_media":0,"comment_status":"open","ping_status":"open","sticky":false,"template":"","format":"standard","meta":{"_mi_skip_tracking":false,"_monsterinsights_sitenote_active":false,"_monsterinsights_sitenote_note":"","_monsterinsights_sitenote_category":0,"footnotes":""},"categories":[1351,32,35457],"tags":[49,6351,25419,39],"_links":{"self":[{"href":"https:\/\/blog.cancaonova.com\/redacao\/wp-json\/wp\/v2\/posts\/6078"}],"collection":[{"href":"https:\/\/blog.cancaonova.com\/redacao\/wp-json\/wp\/v2\/posts"}],"about":[{"href":"https:\/\/blog.cancaonova.com\/redacao\/wp-json\/wp\/v2\/types\/post"}],"author":[{"embeddable":true,"href":"https:\/\/blog.cancaonova.com\/redacao\/wp-json\/wp\/v2\/users\/1051"}],"replies":[{"embeddable":true,"href":"https:\/\/blog.cancaonova.com\/redacao\/wp-json\/wp\/v2\/comments?post=6078"}],"version-history":[{"count":2,"href":"https:\/\/blog.cancaonova.com\/redacao\/wp-json\/wp\/v2\/posts\/6078\/revisions"}],"predecessor-version":[{"id":6216,"href":"https:\/\/blog.cancaonova.com\/redacao\/wp-json\/wp\/v2\/posts\/6078\/revisions\/6216"}],"wp:attachment":[{"href":"https:\/\/blog.cancaonova.com\/redacao\/wp-json\/wp\/v2\/media?parent=6078"}],"wp:term":[{"taxonomy":"category","embeddable":true,"href":"https:\/\/blog.cancaonova.com\/redacao\/wp-json\/wp\/v2\/categories?post=6078"},{"taxonomy":"post_tag","embeddable":true,"href":"https:\/\/blog.cancaonova.com\/redacao\/wp-json\/wp\/v2\/tags?post=6078"}],"curies":[{"name":"wp","href":"https:\/\/api.w.org\/{rel}","templated":true}]}}