{"id":6138,"date":"2010-09-29T11:52:56","date_gmt":"2010-09-29T14:52:56","guid":{"rendered":"http:\/\/blog.cancaonova.com\/redacao\/?p=6138"},"modified":"2010-10-14T10:02:46","modified_gmt":"2010-10-14T13:02:46","slug":"serie-vida-direito-de-todos-o-relato-de-um-milagre","status":"publish","type":"post","link":"https:\/\/blog.cancaonova.com\/redacao\/serie-vida-direito-de-todos-o-relato-de-um-milagre\/","title":{"rendered":"S\u00e9rie \"Vida: direito de todos\" - O relato de um milagre"},"content":{"rendered":"<p class=\"western\" style=\"margin-bottom: 0cm;\">Voc\u00ea acredita em milagres?<\/p>\n<p style=\"text-align: justify;\">Independentemente de sua resposta, vale a pena conferir o testemunho da professora  Andr\u00e9ia de Deus, que, ao ir no m\u00e9dico, recebeu duas not\u00edcias: a primeira de que estava gr\u00e1vida e a segunda de que estava com um  carcinoma ductal infiltrante est\u00e1gio 3 (c\u00e2ncer de mama), o qual, segundo Dr. Paulo Roberto, m\u00e9dico obstetra: &#8220;\u00c9 um c\u00e2ncer extremamente agressivo e, na gravidez, com o aumento da produ\u00e7\u00e3o de estrog\u00eanio (horm\u00f4nio feminino) este tipo de c\u00e2ncer aumenta muito&#8221;.<\/p>\n<p style=\"text-align: justify;\">Segundo os m\u00e9dicos, Andr\u00e9ia tinha de tr\u00eas semanas a tr\u00eas meses de vida, por isso, as sess\u00f5es de quimioterapia deveriam come\u00e7ar imediatamente e, diante deste quadro, a orienta\u00e7\u00e3o m\u00e9dica era fazer o aborto para iniciar o tratamento. Ao sair do consult\u00f3rio m\u00e9dico com essa orienta\u00e7\u00e3o, Andreia avistou uma movimentada avenida e, ao lado uma igreja, a de Nossa Senhora da Paz, em Ipanema (RJ), e pensou:<\/p>\n<p style=\"text-align: justify;\">&#8220;Eu tinha duas possibilidades: ou eu me jogava na frente dos carros&#8230; mas a\u00ed olhei para o lado e vi a igreja. Entrei correndo, joguei o meu corpo pr\u00f3ximo ao altar e fiz uma ora\u00e7\u00e3o que Deus certamente deve ter entendido. Eu disse: &#8216;Me desculpe, meu Pai, mas hoje a conversa \u00e9 de m\u00e3e para M\u00e3e'&#8221;.<\/p>\n<p style=\"text-align: justify;\">Andr\u00e9ia, ent\u00e3o, consagrou a sua gravidez a Nossa Senhora da Paz e decidiu levar em frente a gesta\u00e7\u00e3o, mesmo lutando contra o c\u00e2ncer. <strong>&#8220;Seria contradit\u00f3rio no momento em que eu mais precisava de vida, eu tirar vida&#8221;<\/strong>, afirma.<\/p>\n<p style=\"text-align: justify;\">E testemunha: &#8220;\u00c9 interessante que eu consagrava a Nossa Senhora a minha filha, eu n\u00e3o falava filho. E eu disse: &#8216;Se minha filha nascer ela vai se chamar Maria Vit\u00f3ria, para que todos possam ver o que ela foi nas nossas vidas'&#8221;.<\/p>\n<p style=\"text-align: justify;\">A professora conta que recebeu sete doses pesadas de quimioterapia: &#8220;Fiquei completamente sem cabelo, sem pelos pelo corpo e com uma barriga enorme&#8221;. Segundo Dr. Paulo Roberto, obstetra que a acompanhava em seu tratamento: &#8220;Ela chegou aqui sem cabelo, muito an\u00eamica, porque foram sete doses de quimioterapia, ent\u00e3o eu achava que iria acontecer alguma coisa com o nen\u00e9m&#8221;.<\/p>\n<p style=\"text-align: justify;\">Andr\u00e9ia tinha consci\u00eancia do risco que corria, mesmo assim fez a op\u00e7\u00e3o pela vida, decidindo-se por n\u00e3o abortar. <strong>&#8220;Eu disse ao m\u00e9dico: &#8216;se houver necessidade de escolha [de quem viver\u00e1] o senhor dever\u00e1 escolher quem est\u00e1 chegando, o senhor dever\u00e1 escolher a vida da minha filha, que ainda tem uma vida pela frente&#8221;.<\/strong><\/p>\n<p style=\"text-align: justify;\">Com sete meses de gravidez essa mulher de f\u00e9 fez a ces\u00e1rea e Dr. Paulo, que fez o parto, nos conta:<\/p>\n<p style=\"text-align: justify;\">&#8220;Para a felicidade dela, para a minha surpresa e para a minha felicidade tamb\u00e9m, a crian\u00e7a nasceu bem, superbem, n\u00e3o teve les\u00e3o nenhuma, n\u00e3o aconteceu nada com ela&#8221;.<\/p>\n<p style=\"text-align: justify;\">Maria Vit\u00f3ria fez jus ao nome. Nasceu saud\u00e1vel, sem nenhum tipo de sequela ou anomalia. &#8220;Ela nasceu cabeluda quando a m\u00e3e n\u00e3o tinha nenhum fio de cabelo para contar a hist\u00f3ria. Parece que estava isolada de todo o contexto&#8221;. E estava mesmo, essa crian\u00e7a \u00e9 a prova de que, no ventre materno, o beb\u00ea \u00e9 protegido durante o desenvolvimento.<\/p>\n<p><strong><span style=\"color: #ffcc00;\">Confira abaixo o v\u00eddeo com o testemunho, na \u00edntegra, de Andr\u00e9ia:<\/span><\/strong><\/p>\n<p><object classid=\"clsid:d27cdb6e-ae6d-11cf-96b8-444553540000\" width=\"490\" height=\"303\" codebase=\"http:\/\/download.macromedia.com\/pub\/shockwave\/cabs\/flash\/swflash.cab#version=6,0,40,0\"><param name=\"allowScriptAccess\" value=\"aways\" \/><param name=\"wmode\" value=\"window\" \/><param name=\"loop\" value=\"false\" \/><param name=\"menu\" value=\"true\" \/><param name=\"allowFullScreen\" value=\"true\" \/><param name=\"src\" value=\"http:\/\/www.webtvcn.com\/player\/v\/11737559\" \/><embed type=\"application\/x-shockwave-flash\" width=\"490\" height=\"303\" src=\"http:\/\/www.webtvcn.com\/player\/v\/11737559\" allowfullscreen=\"true\" menu=\"true\" loop=\"false\" wmode=\"window\" allowscriptaccess=\"aways\"><\/embed><\/object><\/p>\n<p style=\"text-align: justify;\"><strong><span style=\"color: #ffcc00;\">Confira as outras mat\u00e9rias da s\u00e9rie<\/span><\/strong><\/p>\n<p style=\"text-align: justify;\"><a href=\"http:\/\/blog.cancaonova.com\/redacao\/2010\/09\/24\/vida-direito-de-todos-a-pessoa-humana-e-corpo-e-alma\/\" target=\"_blank\"><span style=\"color: #ffcc00;\">A pessoa humana \u00e9 corpo e alma<\/span><\/a><\/p>\n<p><a href=\"..\/2010\/09\/22\/serie-vida-direito-de-todos-o-valor-da-pessoa-humana\/\" target=\"_blank\"><span style=\"color: #ffcc00;\">O valor da  pessoa humana<\/span><\/a><\/p>\n<p><a href=\"..\/2010\/09\/24\/2010\/09\/22\/vida-direito-de-todos-as-emocoes-do-bebe-no-ventre-materno\/\" target=\"_blank\"><span style=\"color: #ffcc00;\">As emo\u00e7\u00f5es do   beb\u00ea no ventre materno<\/span><\/a><\/p>\n<p><a href=\"..\/2010\/09\/24\/2010\/09\/22\/2010\/09\/15\/vida-direito-de-todos-o-inicio-da-vida\/\" target=\"_blank\"><span style=\"color: #ffcc00;\">O In\u00edcio da Vida<\/span><\/a><\/p>\n<p style=\"text-align: justify;\"><a href=\"..\/2010\/09\/24\/2010\/09\/22\/2010\/09\/17\/serie-vida-direito-de-todos-o-desenvolvimento-da-vida\/\" target=\"_blank\"><span style=\"color: #ffcc00;\">O    desenvolvimento da Vida<\/span><\/a><\/p>\n<p style=\"text-align: justify;\"><span style=\"color: #ffffff;\"><strong>Entre     nas salas de discuss\u00f5es nas m\u00eddias sociais e deixe o seu apelo em    favor  da vida<\/strong><\/span><\/p>\n<p><a onclick=\"javascript:pageTracker._trackPageview('\/outbound\/article\/http:\/\/www.facebook.com\/home.php?#!\/group.php?gid=157953767553826');\" href=\"http:\/\/www.facebook.com\/home.php?#%21\/group.php?gid=157953767553826\" target=\"_blank\"><span style=\"color: #ffffff;\">&#8211; Facebook<\/span><\/a><br \/>\n<a onclick=\"javascript:pageTracker._trackPageview('\/outbound\/article\/http:\/\/www.orkut.com.br\/Main#Profile?uid=1558242038371878651');\" href=\"http:\/\/www.orkut.com.br\/Main#Profile?uid=1558242038371878651\" target=\"_blank\"><span style=\"color: #ffffff;\">&#8211; Orkut<\/span><\/a><br \/>\n<a onclick=\"javascript:pageTracker._trackPageview('\/outbound\/article\/http:\/\/gentedefe.com\/groups\/o-valor-da-vida');\" href=\"http:\/\/gentedefe.com\/groups\/o-valor-da-vida\" target=\"_blank\"><span style=\"color: #ffffff;\">&#8211; Gente de F\u00e9<\/span><\/a><\/p>\n","protected":false},"excerpt":{"rendered":"<p>Voc\u00ea acredita em milagres? Independentemente de sua resposta, vale a pena conferir o testemunho da professora Andr\u00e9ia de Deus, que, ao ir no m\u00e9dico, recebeu duas not\u00edcias: a primeira de que estava gr\u00e1vida e a segunda de que estava com&#8230;<\/p>\n","protected":false},"author":1051,"featured_media":0,"comment_status":"open","ping_status":"open","sticky":false,"template":"","format":"standard","meta":{"_mi_skip_tracking":false,"_monsterinsights_sitenote_active":false,"_monsterinsights_sitenote_note":"","_monsterinsights_sitenote_category":0,"footnotes":""},"categories":[1351,32,35457],"tags":[49,6351,16136,39],"_links":{"self":[{"href":"https:\/\/blog.cancaonova.com\/redacao\/wp-json\/wp\/v2\/posts\/6138"}],"collection":[{"href":"https:\/\/blog.cancaonova.com\/redacao\/wp-json\/wp\/v2\/posts"}],"about":[{"href":"https:\/\/blog.cancaonova.com\/redacao\/wp-json\/wp\/v2\/types\/post"}],"author":[{"embeddable":true,"href":"https:\/\/blog.cancaonova.com\/redacao\/wp-json\/wp\/v2\/users\/1051"}],"replies":[{"embeddable":true,"href":"https:\/\/blog.cancaonova.com\/redacao\/wp-json\/wp\/v2\/comments?post=6138"}],"version-history":[{"count":7,"href":"https:\/\/blog.cancaonova.com\/redacao\/wp-json\/wp\/v2\/posts\/6138\/revisions"}],"predecessor-version":[{"id":6219,"href":"https:\/\/blog.cancaonova.com\/redacao\/wp-json\/wp\/v2\/posts\/6138\/revisions\/6219"}],"wp:attachment":[{"href":"https:\/\/blog.cancaonova.com\/redacao\/wp-json\/wp\/v2\/media?parent=6138"}],"wp:term":[{"taxonomy":"category","embeddable":true,"href":"https:\/\/blog.cancaonova.com\/redacao\/wp-json\/wp\/v2\/categories?post=6138"},{"taxonomy":"post_tag","embeddable":true,"href":"https:\/\/blog.cancaonova.com\/redacao\/wp-json\/wp\/v2\/tags?post=6138"}],"curies":[{"name":"wp","href":"https:\/\/api.w.org\/{rel}","templated":true}]}}