{"id":6147,"date":"2010-10-01T14:28:37","date_gmt":"2010-10-01T17:28:37","guid":{"rendered":"http:\/\/blog.cancaonova.com\/redacao\/?p=6147"},"modified":"2010-10-01T14:39:38","modified_gmt":"2010-10-01T17:39:38","slug":"vida-direito-de-todos-ouvi-o-coracao-do-meu-filho-e-desisti-do-aborto","status":"publish","type":"post","link":"https:\/\/blog.cancaonova.com\/redacao\/vida-direito-de-todos-ouvi-o-coracao-do-meu-filho-e-desisti-do-aborto\/","title":{"rendered":"Vida: direito de todos - \"Ouvi o cora\u00e7\u00e3o do meu filho e desisti do aborto\""},"content":{"rendered":"<p style=\"text-align: justify;\"><strong>\u201cQuando ouvi o barulho do cora\u00e7\u00e3o do meu filho percebi que ele estava apavorado, porque sabia que a sua m\u00e3e estava querendo mat\u00e1-lo\u201d.<\/strong><\/p>\n<p style=\"text-align: justify;\">Com essas palavras fortes trazemos at\u00e9 voc\u00ea mais um testemunho de uma m\u00e3e que, num contexto de morte, fez a op\u00e7\u00e3o pela vida. Trata-se de \u00c2ngela Menezes, uma m\u00e3e que ficou gr\u00e1vida ainda jovem e \u2013 apoiada e pressionada por \u201camigos\u201d, professores e pessoas mais pr\u00f3ximas \u2013 correu em dire\u00e7\u00e3o a uma cl\u00ednica de aborto para ceifar a vida de seu filho.<\/p>\n<p style=\"text-align: justify;\">\u00c2ngela conta que estava tudo certo para viajar com mais tr\u00eas amigos e fazer um mestrado no exterior quando ainda tinha 19 anos de idade. Numa \u00fanica rela\u00e7\u00e3o sexual, descobriu que estava gr\u00e1vida e, num primeiro plano, viu os seus sonhos profissionais irem por \u00e1gua abaixo por causa da gravidez indesejada naquele momento. \u201cNessa hora apareceram v\u00e1rias pessoas pedindo que eu abortasse. Colegas e professores eram os que mais me pressionavam dizendo que eu poderia engravidar mais para frente, depois que conclu\u00edsse meus estudos\u201d.<\/p>\n<p style=\"text-align: justify;\">Nesse momento, ela se viu muito confusa porque tinha a educa\u00e7\u00e3o cat\u00f3lica, implantada por seus av\u00f3s, em seu interior. \u201cMesmo assim, eu decidi ir para uma cl\u00ednica, acompanhada de uma &#8216;amiga&#8217; que j\u00e1 tinha feito aborto e tamb\u00e9m pela m\u00e3e desta que tamb\u00e9m tinha feito 6 abortos\u201d.<\/p>\n<p style=\"text-align: justify;\">\u00c2ngela conta que, antes do procedimento para a retirada do feto, uma m\u00e9dica colocou o aparelho que media o batimento card\u00edaco e ouviu o barulho de um cora\u00e7\u00e3o muito acelerado. <strong>&#8220;Eu ouvi aquele batimento card\u00edaco muito acelerado e disse \u00e0 doutora: &#8216;Nossa! N\u00e3o imaginei que eu estivesse t\u00e3o nervosa&#8217;. De uma forma muito natural a m\u00e9dica disse: &#8216;Este cora\u00e7\u00e3o acelerado n\u00e3o \u00e9 o seu, \u00e9 o cora\u00e7\u00e3o do feto&#8221;, <\/strong>partilha<strong>.<\/strong><\/p>\n<p style=\"text-align: justify;\">Naquele momento, essa m\u00e3e disse que deu um salto da maca, porque ouviu \u2013 atrav\u00e9s do batimento card\u00edaco do seu filho ainda no ventre \u2013 o seu desespero porque sabia que algo de errado estava para acontecer com ele.<\/p>\n<p style=\"text-align: justify;\">Angela saiu da cl\u00ednica desesperada e chorando muito, foi a uma igreja e na capela encontrou um sacerdote. Arrependida, disse ao padre o que havia acontecido. Ela se confessou e decidiu ter o seu filho, Guilherme, que hoje est\u00e1 com 17 anos de idade.<\/p>\n<p>&#8220;N\u00e3o existe gravidez indesejada, pois toda vida \u00e9 desejada por Deus!&#8221;, testemunha.<\/p>\n<p><strong><span style=\"color: #ffcc00;\">Confira abaixo o v\u00eddeo com o testemunho d<\/span><span style=\"color: #ffcc00;\">essa m\u00e3e que disse &#8220;sim&#8221; \u00e0 vida e a Deus.<\/span><\/strong><\/p>\n<div class=\"content\">\n<p><object classid=\"clsid:d27cdb6e-ae6d-11cf-96b8-444553540000\" width=\"490\" height=\"303\" codebase=\"http:\/\/download.macromedia.com\/pub\/shockwave\/cabs\/flash\/swflash.cab#version=6,0,40,0\"><param name=\"allowScriptAccess\" value=\"aways\" \/><param name=\"wmode\" value=\"window\" \/><param name=\"loop\" value=\"false\" \/><param name=\"menu\" value=\"true\" \/><param name=\"allowFullScreen\" value=\"true\" \/><param name=\"src\" value=\"http:\/\/www.webtvcn.com\/player\/v\/11737584\" \/><embed type=\"application\/x-shockwave-flash\" width=\"490\" height=\"303\" src=\"http:\/\/www.webtvcn.com\/player\/v\/11737584\" allowfullscreen=\"true\" menu=\"true\" loop=\"false\" wmode=\"window\" allowscriptaccess=\"aways\"><\/embed><\/object><\/p>\n<p style=\"text-align: justify;\"><strong><span style=\"color: #ffcc00;\">Confira as outras mat\u00e9rias da s\u00e9rie<\/span><\/strong><\/p>\n<p style=\"text-align: justify;\"><a href=\"http:\/\/blog.cancaonova.com\/redacao\/2010\/09\/29\/serie-vida-direito-de-todos-o-relato-de-um-milagre\/\" target=\"_blank\"><span style=\"color: #ffcc00;\">O relato de um milagre<\/span><\/a><\/p>\n<p style=\"text-align: justify;\"><a href=\"..\/2010\/09\/24\/vida-direito-de-todos-a-pessoa-humana-e-corpo-e-alma\/\" target=\"_blank\"><span style=\"color: #ffcc00;\">A pessoa humana \u00e9  corpo e alma<\/span><\/a><\/p>\n<p><a href=\"..\/2010\/09\/29\/2010\/09\/22\/serie-vida-direito-de-todos-o-valor-da-pessoa-humana\/\" target=\"_blank\"><span style=\"color: #ffcc00;\">O valor da   pessoa humana<\/span><\/a><\/p>\n<p><a href=\"..\/2010\/09\/29\/2010\/09\/24\/2010\/09\/22\/vida-direito-de-todos-as-emocoes-do-bebe-no-ventre-materno\/\" target=\"_blank\"><span style=\"color: #ffcc00;\">As emo\u00e7\u00f5es do    beb\u00ea no ventre materno<\/span><\/a><\/p>\n<p><a href=\"..\/2010\/09\/29\/2010\/09\/24\/2010\/09\/22\/2010\/09\/15\/vida-direito-de-todos-o-inicio-da-vida\/\" target=\"_blank\"><span style=\"color: #ffcc00;\">O In\u00edcio da Vida<\/span><\/a><\/p>\n<p style=\"text-align: justify;\"><a href=\"..\/2010\/09\/29\/2010\/09\/24\/2010\/09\/22\/2010\/09\/17\/serie-vida-direito-de-todos-o-desenvolvimento-da-vida\/\" target=\"_blank\"><span style=\"color: #ffcc00;\">O     desenvolvimento da Vida<\/span><\/a><\/p>\n<p style=\"text-align: justify;\"><span style=\"color: #ffffff;\"><strong>Entre      nas salas de discuss\u00f5es nas m\u00eddias sociais e deixe o seu apelo em     favor  da vida<\/strong><\/span><\/p>\n<p><a onclick=\"javascript:pageTracker._trackPageview('\/outbound\/article\/http:\/\/www.facebook.com\/home.php?#!\/group.php?gid=157953767553826');\" href=\"http:\/\/www.facebook.com\/home.php?#%21\/group.php?gid=157953767553826\" target=\"_blank\"><span style=\"color: #ffffff;\">&#8211; Facebook<\/span><\/a><br \/>\n<a onclick=\"javascript:pageTracker._trackPageview('\/outbound\/article\/http:\/\/www.orkut.com.br\/Main#Profile?uid=1558242038371878651');\" href=\"http:\/\/www.orkut.com.br\/Main#Profile?uid=1558242038371878651\" target=\"_blank\"><span style=\"color: #ffffff;\">&#8211; Orkut<\/span><\/a><br \/>\n<a onclick=\"javascript:pageTracker._trackPageview('\/outbound\/article\/http:\/\/gentedefe.com\/groups\/o-valor-da-vida');\" href=\"http:\/\/gentedefe.com\/groups\/o-valor-da-vida\" target=\"_blank\"><span style=\"color: #ffffff;\">&#8211; Gente de F\u00e9<\/span><\/a><\/div>\n","protected":false},"excerpt":{"rendered":"<p>\u201cQuando ouvi o barulho do cora\u00e7\u00e3o do meu filho percebi que ele estava apavorado, porque sabia que a sua m\u00e3e estava querendo mat\u00e1-lo\u201d. Com essas palavras fortes trazemos at\u00e9 voc\u00ea mais um testemunho de uma m\u00e3e que, num contexto de&#8230;<\/p>\n","protected":false},"author":1051,"featured_media":0,"comment_status":"open","ping_status":"open","sticky":false,"template":"","format":"standard","meta":{"_mi_skip_tracking":false,"_monsterinsights_sitenote_active":false,"_monsterinsights_sitenote_note":"","_monsterinsights_sitenote_category":0,"footnotes":""},"categories":[1351,32],"tags":[49,6351,25419],"_links":{"self":[{"href":"https:\/\/blog.cancaonova.com\/redacao\/wp-json\/wp\/v2\/posts\/6147"}],"collection":[{"href":"https:\/\/blog.cancaonova.com\/redacao\/wp-json\/wp\/v2\/posts"}],"about":[{"href":"https:\/\/blog.cancaonova.com\/redacao\/wp-json\/wp\/v2\/types\/post"}],"author":[{"embeddable":true,"href":"https:\/\/blog.cancaonova.com\/redacao\/wp-json\/wp\/v2\/users\/1051"}],"replies":[{"embeddable":true,"href":"https:\/\/blog.cancaonova.com\/redacao\/wp-json\/wp\/v2\/comments?post=6147"}],"version-history":[{"count":6,"href":"https:\/\/blog.cancaonova.com\/redacao\/wp-json\/wp\/v2\/posts\/6147\/revisions"}],"predecessor-version":[{"id":6154,"href":"https:\/\/blog.cancaonova.com\/redacao\/wp-json\/wp\/v2\/posts\/6147\/revisions\/6154"}],"wp:attachment":[{"href":"https:\/\/blog.cancaonova.com\/redacao\/wp-json\/wp\/v2\/media?parent=6147"}],"wp:term":[{"taxonomy":"category","embeddable":true,"href":"https:\/\/blog.cancaonova.com\/redacao\/wp-json\/wp\/v2\/categories?post=6147"},{"taxonomy":"post_tag","embeddable":true,"href":"https:\/\/blog.cancaonova.com\/redacao\/wp-json\/wp\/v2\/tags?post=6147"}],"curies":[{"name":"wp","href":"https:\/\/api.w.org\/{rel}","templated":true}]}}