{"id":6201,"date":"2010-10-08T14:41:58","date_gmt":"2010-10-08T17:41:58","guid":{"rendered":"http:\/\/blog.cancaonova.com\/redacao\/?p=6201"},"modified":"2010-10-14T10:03:58","modified_gmt":"2010-10-14T13:03:58","slug":"vida-direito-de-todos-so-deus-e-o-senhor-da-vida","status":"publish","type":"post","link":"https:\/\/blog.cancaonova.com\/redacao\/vida-direito-de-todos-so-deus-e-o-senhor-da-vida\/","title":{"rendered":"'Vida: direito de todos' - S\u00f3 Deus \u00e9 o Senhor da vida"},"content":{"rendered":"<p style=\"text-align: justify;\"><strong>&#8220;A vida do homem prov\u00e9m de Deus, \u00e9 Seu dom, \u00e9 imagem e figura dEle, participa\u00e7\u00e3o do Seu Sopro Vital. Desta vida, portanto, Deus \u00e9 o \u00fanico Senhor: o homem n\u00e3o pode dispor dela&#8221;<\/strong> (<span style=\"color: #000000;\"><span>Jo\u00e3o Paulo II<\/span><\/span> na enc\u00edclica Evagelium Vitae 39).<\/p>\n<p style=\"text-align: justify;\">Nesta \u00faltima mat\u00e9ria da nossa s\u00e9rie &#8220;Vida: direito de todos&#8221;, trazemos at\u00e9 voc\u00ea a palavra da Igreja na voz de <span style=\"color: #000000;\"><a href=\"http:\/\/wiki.cancaonova.com\/index.php\/Dom_Benedito_Beni_dos_Santos\" target=\"_blank\"><span style=\"color: #0000ff;\"><span><span>Dom Benedito Beni dos Santos<\/span><\/span><\/span><\/a>,<\/span> pastor e bispo da diocese de Lorena para falar da dignidade e do valor da vida humana. Nenhuma pessoa, institui\u00e7\u00e3o ou legisla\u00e7\u00e3o, t\u00eam o direito sobre a vida de um ser, sobretudo aquele que ainda n\u00e3o nasceu.<\/p>\n<p style=\"text-align: justify;\">&#8220;S\u00f3 Deus \u00e9 o Senhor da vida. N\u00e3o existe nada que justifique a pr\u00e1tica do aborto, porque o aborto \u00e9 a destrui\u00e7\u00e3o de uma vida inocente. A vida \u00e9, antes de tudo, um dom fundamental, sem este dom n\u00f3s n\u00e3o podemos receber nenhum outro&#8221;, explica o bispo de Lorena.<\/p>\n<p style=\"text-align: justify;\">Perguntado sobre a quest\u00e3o da legaliza\u00e7\u00e3o do aborto no Brasil, dom Beni disse que &#8220;legalizar o aborto \u00e9 legalizar o crime&#8221;, e lembrando as palavras de Jo\u00e3o Paulo II por ocasi\u00e3o de uma de suas visitas \u00e0 sua terra natal [Pol\u00f4nia], o bispo disse: &#8220;Ai da na\u00e7\u00e3o que mata os seus pr\u00f3prios filhos, porque legalizando o aborto n\u00f3s teremos o pr\u00f3prio povo matando seus filhos, e isto \u00e9 uma aberra\u00e7\u00e3o, \u00e9 um absurdo, um crime diante da humanidade e diante de Deus.<\/p>\n<p style=\"text-align: justify;\"><strong>&#8220;Legalizar o aborto como uma quest\u00e3o de sa\u00fade publica \u00e9 uma contradi\u00e7\u00e3o. N\u00f3s temos direito ao corpo no sentido de cuidar dele, mas ningu\u00e9m tem o direito de destru\u00ed-lo. Por outro lado, n\u00f3s sabemos que a crian\u00e7a em gesta\u00e7\u00e3o n\u00e3o \u00e9 parte do corpo da mulher, \u00e9 uma nova vida que surge em seu seio e, portanto, um novo ser de direitos que a pr\u00f3pria m\u00e3e precisa respeitar. De modo algum a crian\u00e7a \u00e9 um membro do corpo da m\u00e3e&#8221;<\/strong>, explica dom Beni.<\/p>\n<p><span style=\"color: #0000ff;\"><strong><span>Veja no v\u00eddeo abaixo a entrevista na \u00edntegra com dom Beni<\/span><\/strong><\/span><\/p>\n<p><object classid=\"clsid:d27cdb6e-ae6d-11cf-96b8-444553540000\" width=\"490\" height=\"303\" codebase=\"http:\/\/download.macromedia.com\/pub\/shockwave\/cabs\/flash\/swflash.cab#version=6,0,40,0\"><param name=\"allowScriptAccess\" value=\"aways\" \/><param name=\"wmode\" value=\"window\" \/><param name=\"loop\" value=\"false\" \/><param name=\"menu\" value=\"true\" \/><param name=\"allowFullScreen\" value=\"true\" \/><param name=\"src\" value=\"http:\/\/www.webtvcn.com\/player\/v\/11737634\" \/><embed type=\"application\/x-shockwave-flash\" width=\"490\" height=\"303\" src=\"http:\/\/www.webtvcn.com\/player\/v\/11737634\" allowfullscreen=\"true\" menu=\"true\" loop=\"false\" wmode=\"window\" allowscriptaccess=\"aways\"><\/embed><\/object><\/p>\n<p><span style=\"color: #0000ff;\"><strong><span>Confira as outras mat\u00e9rias da s\u00e9rie<\/span><\/strong><\/span><\/p>\n<p><a href=\"http:\/\/blog.cancaonova.com\/redacao\/2010\/10\/06\/vida-direito-de-todos-um-ovo-de-tartaruga-vale-mais-do-que-uma-crianca\/\" target=\"_blank\"><span style=\"color: #0000ff;\">Uma crian\u00e7a vale menos do que um ovo de tartaruga?<\/span><\/a><\/p>\n<p><a href=\"http:\/\/blog.cancaonova.com\/redacao\/2010\/10\/01\/vida-direito-de-todos-ouvi-o-coracao-do-meu-filho-e-desisti-do-aborto\/\" target=\"_blank\"><span style=\"color: #0000ff;\">\u201cOuvi o cora\u00e7\u00e3o do meu filho e decidi n\u00e3o abortar\u201d<\/span><\/a><\/p>\n<p style=\"text-align: justify;\"><a href=\"http:\/\/blog.cancaonova.com\/redacao\/2010\/10\/06\/2010\/09\/29\/serie-vida-direito-de-todos-o-relato-de-um-milagre\/\" target=\"_blank\"><span style=\"color: #0000ff;\">O relato de um   milagre<\/span><\/a><\/p>\n<p style=\"text-align: justify;\"><a href=\"http:\/\/blog.cancaonova.com\/redacao\/2010\/10\/06\/2010\/10\/01\/2010\/09\/24\/vida-direito-de-todos-a-pessoa-humana-e-corpo-e-alma\/\" target=\"_blank\"><span style=\"color: #0000ff;\">A pessoa humana \u00e9 corpo e alma<\/span><\/a><\/p>\n<p><a href=\"http:\/\/blog.cancaonova.com\/redacao\/2010\/10\/06\/2010\/10\/01\/2010\/09\/29\/2010\/09\/22\/serie-vida-direito-de-todos-o-valor-da-pessoa-humana\/\" target=\"_blank\"><span style=\"color: #0000ff;\">O valor da pessoa humana<\/span><\/a><\/p>\n<p><a href=\"http:\/\/blog.cancaonova.com\/redacao\/2010\/10\/06\/2010\/10\/01\/2010\/09\/29\/2010\/09\/24\/2010\/09\/22\/vida-direito-de-todos-as-emocoes-do-bebe-no-ventre-materno\/\" target=\"_blank\"><span style=\"color: #0000ff;\">As emo\u00e7\u00f5es do beb\u00ea no ventre materno<\/span><\/a><\/p>\n<p><a href=\"http:\/\/blog.cancaonova.com\/redacao\/2010\/10\/06\/2010\/10\/01\/2010\/09\/29\/2010\/09\/24\/2010\/09\/22\/2010\/09\/15\/vida-direito-de-todos-o-inicio-da-vida\/\" target=\"_blank\"><span style=\"color: #0000ff;\">O In\u00edcio da Vida<\/span><\/a><\/p>\n<p style=\"text-align: justify;\"><a href=\"http:\/\/blog.cancaonova.com\/redacao\/2010\/10\/06\/2010\/10\/01\/2010\/09\/29\/2010\/09\/24\/2010\/09\/22\/2010\/09\/17\/serie-vida-direito-de-todos-o-desenvolvimento-da-vida\/\" target=\"_blank\"><span style=\"color: #0000ff;\">O desenvolvimento da Vida<\/span><\/a><\/p>\n","protected":false},"excerpt":{"rendered":"<p>&#8220;A vida do homem prov\u00e9m de Deus, \u00e9 Seu dom, \u00e9 imagem e figura dEle, participa\u00e7\u00e3o do Seu Sopro Vital. Desta vida, portanto, Deus \u00e9 o \u00fanico Senhor: o homem n\u00e3o pode dispor dela&#8221; (Jo\u00e3o Paulo II na enc\u00edclica Evagelium&#8230;<\/p>\n","protected":false},"author":1051,"featured_media":0,"comment_status":"open","ping_status":"open","sticky":false,"template":"","format":"standard","meta":{"_mi_skip_tracking":false,"_monsterinsights_sitenote_active":false,"_monsterinsights_sitenote_note":"","_monsterinsights_sitenote_category":0,"footnotes":""},"categories":[1351,32,35457],"tags":[35297],"_links":{"self":[{"href":"https:\/\/blog.cancaonova.com\/redacao\/wp-json\/wp\/v2\/posts\/6201"}],"collection":[{"href":"https:\/\/blog.cancaonova.com\/redacao\/wp-json\/wp\/v2\/posts"}],"about":[{"href":"https:\/\/blog.cancaonova.com\/redacao\/wp-json\/wp\/v2\/types\/post"}],"author":[{"embeddable":true,"href":"https:\/\/blog.cancaonova.com\/redacao\/wp-json\/wp\/v2\/users\/1051"}],"replies":[{"embeddable":true,"href":"https:\/\/blog.cancaonova.com\/redacao\/wp-json\/wp\/v2\/comments?post=6201"}],"version-history":[{"count":8,"href":"https:\/\/blog.cancaonova.com\/redacao\/wp-json\/wp\/v2\/posts\/6201\/revisions"}],"predecessor-version":[{"id":6221,"href":"https:\/\/blog.cancaonova.com\/redacao\/wp-json\/wp\/v2\/posts\/6201\/revisions\/6221"}],"wp:attachment":[{"href":"https:\/\/blog.cancaonova.com\/redacao\/wp-json\/wp\/v2\/media?parent=6201"}],"wp:term":[{"taxonomy":"category","embeddable":true,"href":"https:\/\/blog.cancaonova.com\/redacao\/wp-json\/wp\/v2\/categories?post=6201"},{"taxonomy":"post_tag","embeddable":true,"href":"https:\/\/blog.cancaonova.com\/redacao\/wp-json\/wp\/v2\/tags?post=6201"}],"curies":[{"name":"wp","href":"https:\/\/api.w.org\/{rel}","templated":true}]}}