{"id":6222,"date":"2010-10-15T15:23:12","date_gmt":"2010-10-15T18:23:12","guid":{"rendered":"http:\/\/blog.cancaonova.com\/redacao\/?p=6222"},"modified":"2010-10-16T14:23:29","modified_gmt":"2010-10-16T17:23:29","slug":"bate-papo-sobre-cura-interior","status":"publish","type":"post","link":"https:\/\/blog.cancaonova.com\/redacao\/bate-papo-sobre-cura-interior\/","title":{"rendered":"Bate-papo sobre cura interior"},"content":{"rendered":"<p style=\"text-align: justify;\">No s\u00e1bado,16 de outubro, \u00e0s 13h30, durante o intervalo da programa\u00e7\u00e3o do \u201c<a title=\"Acampamento\" href=\"http:\/\/www.cancaonova.com\/portal\/canais\/eventos\/novoeventos\/cobertura.php?cob=2473&amp;tit=Acampamento%20de%20Cura%20Interior\"><span style=\"color: #0000ff;\">Acampamento de cura interior<\/span><\/a>\u201d, foi realizado o &#8216;Caf\u00e9 Interativo&#8217; na Reda\u00e7\u00e3o do cancaonova.com. O bate-papo informal contou com a participa\u00e7\u00e3o do mission\u00e1rio da Can\u00e7\u00e3o Nova padre Fabr\u00edcio, que falou sobre &#8216;A import\u00e2ncia da cura interior&#8217;.<\/p>\n<p><a href=\"http:\/\/twitcam.livestream.com\/2ek3y\" target=\"_blank\"><strong>:: Assista ao v\u00eddeo do Caf\u00e9 Interativo<\/strong><\/a><\/p>\n<p><a href=\"http:\/\/blog.cancaonova.com\/redacao\/files\/2010\/10\/pefabricio_sorrindo1.jpg\"><img loading=\"lazy\" decoding=\"async\" class=\"aligncenter size-medium wp-image-6235\" title=\"Padre Fabr\u00edcio\" src=\"http:\/\/blog.cancaonova.com\/redacao\/files\/2010\/10\/pefabricio_sorrindo1-300x202.jpg\" alt=\"\" width=\"300\" height=\"202\" \/><\/a><\/p>\n<p style=\"text-align: justify;\">Padre Fabr\u00edcio \u00e9 um dos palestrante do evento que acontece na sede da Can\u00e7\u00e3o Nova, em Cachoeira Paulista (SP).<\/p>\n<p style=\"text-align: justify;\">Todo o bate-papo foi acompanhado, em tempo real, pelo <a href=\"http:\/\/twitter.com\/#!\/cancaonova\" target=\"_blank\"><span style=\"color: #0000ff;\">@cancaonova<\/span><\/a>.<\/p>\n<p style=\"text-align: justify;\">Com o tema \u201cA for\u00e7a do amor\u201d, o evento vai contar com Santas Missas, palestras, adora\u00e7\u00e3o, grupos de ora\u00e7\u00e3o e louvor. No s\u00e1bado (16), acontece um show de lan\u00e7amento do novo CD do mission\u00e1rio M\u00e1rcio Todeschini, que leva o mesmo nome do tema do acampamento.<\/p>\n<p style=\"text-align: justify;\">\n","protected":false},"excerpt":{"rendered":"<p>No s\u00e1bado,16 de outubro, \u00e0s 13h30, durante o intervalo da programa\u00e7\u00e3o do \u201cAcampamento de cura interior\u201d, foi realizado o &#8216;Caf\u00e9 Interativo&#8217; na Reda\u00e7\u00e3o do cancaonova.com. O bate-papo informal contou com a participa\u00e7\u00e3o do mission\u00e1rio da Can\u00e7\u00e3o Nova padre Fabr\u00edcio, que&#8230;<\/p>\n","protected":false},"author":1051,"featured_media":0,"comment_status":"open","ping_status":"open","sticky":false,"template":"","format":"standard","meta":{"_mi_skip_tracking":false,"_monsterinsights_sitenote_active":false,"_monsterinsights_sitenote_note":"","_monsterinsights_sitenote_category":0,"footnotes":""},"categories":[32879],"tags":[671,178148,6351,2561,18787],"_links":{"self":[{"href":"https:\/\/blog.cancaonova.com\/redacao\/wp-json\/wp\/v2\/posts\/6222"}],"collection":[{"href":"https:\/\/blog.cancaonova.com\/redacao\/wp-json\/wp\/v2\/posts"}],"about":[{"href":"https:\/\/blog.cancaonova.com\/redacao\/wp-json\/wp\/v2\/types\/post"}],"author":[{"embeddable":true,"href":"https:\/\/blog.cancaonova.com\/redacao\/wp-json\/wp\/v2\/users\/1051"}],"replies":[{"embeddable":true,"href":"https:\/\/blog.cancaonova.com\/redacao\/wp-json\/wp\/v2\/comments?post=6222"}],"version-history":[{"count":25,"href":"https:\/\/blog.cancaonova.com\/redacao\/wp-json\/wp\/v2\/posts\/6222\/revisions"}],"predecessor-version":[{"id":6227,"href":"https:\/\/blog.cancaonova.com\/redacao\/wp-json\/wp\/v2\/posts\/6222\/revisions\/6227"}],"wp:attachment":[{"href":"https:\/\/blog.cancaonova.com\/redacao\/wp-json\/wp\/v2\/media?parent=6222"}],"wp:term":[{"taxonomy":"category","embeddable":true,"href":"https:\/\/blog.cancaonova.com\/redacao\/wp-json\/wp\/v2\/categories?post=6222"},{"taxonomy":"post_tag","embeddable":true,"href":"https:\/\/blog.cancaonova.com\/redacao\/wp-json\/wp\/v2\/tags?post=6222"}],"curies":[{"name":"wp","href":"https:\/\/api.w.org\/{rel}","templated":true}]}}