{"id":6260,"date":"2010-10-21T12:22:55","date_gmt":"2010-10-21T15:22:55","guid":{"rendered":"http:\/\/blog.cancaonova.com\/redacao\/?p=6260"},"modified":"2010-10-21T12:43:53","modified_gmt":"2010-10-21T15:43:53","slug":"grupo-de-teatro-blasfema-contra-os-sagrados-valores-da-fe-catolica","status":"publish","type":"post","link":"https:\/\/blog.cancaonova.com\/redacao\/grupo-de-teatro-blasfema-contra-os-sagrados-valores-da-fe-catolica\/","title":{"rendered":"Grupo de teatro blasfema contra os sagrados valores da f\u00e9 cat\u00f3lica"},"content":{"rendered":"<p style=\"text-align: justify;\">Mais uma grave blasf\u00eamia contra os sagrados valores da nossa f\u00e9 cat\u00f3lica acontece nos palcos do Teatro. \u00c9 a pe\u00e7a &#8220;Decameron \u2013 o sagrado profano&#8221; -, uma adapta\u00e7\u00e3o da obra de Giovanni Boccaccio, conhecido ator er\u00f3tico do s\u00e9culo XIV. A pe\u00e7a \u00e9 realizada pelo grupo teatral &#8220;BlasF\u00eameas&#8221;, a ser apresentada em outubro.<\/p>\n<p style=\"text-align: justify;\">Escondendo-se atr\u00e1s da &#8220;arte&#8221;, os atores representam quatro das novelas da obra: &#8220;A sacanagem&#8221;, &#8220;O convento&#8221;, &#8220;A beatifica\u00e7\u00e3o&#8221; e &#8220;O purgat\u00f3rio&#8221;, todas com cenas pornogr\u00e1ficas envolvendo religiosos. A dire\u00e7\u00e3o \u00e9 de Wladimir Pereira.<\/p>\n<p>A apresenta\u00e7\u00e3o est\u00e1 prevista para acontecer no  Centro Cultural da cidade de Taubat\u00e9 (SP).<\/p>\n<p style=\"text-align: justify;\">N\u00e3o h\u00e1 como n\u00e3o ver uma tentativa de desenterrar uma obra er\u00f3tica do passado para jogar lama na Igreja e nos religiosos. Pode ter havido erros dos filhos da Igreja &#8211; eles s\u00e3o tamb\u00e9m pecadores -, mas da\u00ed a levar esses erros a p\u00fablico, em forma de com\u00e9dia sat\u00edrica, \u00e9 tentar desmoralizar a f\u00e9 cat\u00f3lica e os religiosos. Por que n\u00e3o se faz isso com outras cren\u00e7as? Por que n\u00e3o daria Ibope? Por que haveria amea\u00e7as de morte? Por que n\u00e3o daria fama?<\/p>\n<p style=\"text-align: justify;\">\u00c9 not\u00f3rio que profanar a Igreja chama a aten\u00e7\u00e3o, porque ela \u00e9 a Institui\u00e7\u00e3o mais bem avaliada diante do povo, como mostram as pesquisas.  Ent\u00e3o, investem nesse tipo de atividade aqueles que querem \u201cfaturar\u201d \u00e0 custa dela, numa alian\u00e7a s\u00f3rdida com o desejo tamb\u00e9m de profan\u00e1-la.<\/p>\n<p style=\"text-align: justify;\"><strong>A liberdade de express\u00e3o existe e \u00e9 necess\u00e1ria, mas desde que n\u00e3o se ofenda as pessoas e sua f\u00e9; especialmente, os seus sagrados valores.<\/strong> Isso \u00e9 um desservi\u00e7o \u00e0 cidadania e ao bom relacionamento; provoca \u00f3dio e rea\u00e7\u00f5es fortes nas pessoas.  N\u00e3o se pode confundir liberdade com libertinagem. O meu direito de dar socos no ar vai at\u00e9 o limite de eu n\u00e3o ferir o nariz do meu irm\u00e3o. Isso n\u00e3o seria mais liberdade, mas libertinagem.<\/p>\n<p style=\"text-align: justify;\">Cabe aos cat\u00f3licos e \u00e0s pessoas de boa conduta, boa vontade e \u00e9tica, e que ainda prezam pelos bons costumes, manifestarem\u2013se contra essas ofensas e blasf\u00eamias maldosas, de modo n\u00e3o violento nem agressivo, mas firme e corajoso. Defender a f\u00e9 e os bons costumes \u00e9 um preceito da nossa Igreja.<br \/>\n<strong><br \/>\nProfessor Felipe Aquino<\/strong><br \/>\n\u00c9 membro do Conselho Diretor da Funda\u00e7\u00e3o Jo\u00e3o Paulo II. Participa de Aprofundamentos no pa\u00eds e no exterior, j\u00e1 escreveu 60 livros e apresenta dois programas semanais na TV Can\u00e7\u00e3o Nova: &#8220;Escola da F\u00e9&#8221; e &#8220;Trocando Id\u00e9ias&#8221;.<\/p>\n","protected":false},"excerpt":{"rendered":"<p>Mais uma grave blasf\u00eamia contra os sagrados valores da nossa f\u00e9 cat\u00f3lica acontece nos palcos do Teatro. \u00c9 a pe\u00e7a &#8220;Decameron \u2013 o sagrado profano&#8221; -, uma adapta\u00e7\u00e3o da obra de Giovanni Boccaccio, conhecido ator er\u00f3tico do s\u00e9culo XIV. A&#8230;<\/p>\n","protected":false},"author":1051,"featured_media":0,"comment_status":"open","ping_status":"open","sticky":false,"template":"","format":"standard","meta":{"_mi_skip_tracking":false,"_monsterinsights_sitenote_active":false,"_monsterinsights_sitenote_note":"","_monsterinsights_sitenote_category":0,"footnotes":""},"categories":[10921],"tags":[33500,178141,14931,18021],"_links":{"self":[{"href":"https:\/\/blog.cancaonova.com\/redacao\/wp-json\/wp\/v2\/posts\/6260"}],"collection":[{"href":"https:\/\/blog.cancaonova.com\/redacao\/wp-json\/wp\/v2\/posts"}],"about":[{"href":"https:\/\/blog.cancaonova.com\/redacao\/wp-json\/wp\/v2\/types\/post"}],"author":[{"embeddable":true,"href":"https:\/\/blog.cancaonova.com\/redacao\/wp-json\/wp\/v2\/users\/1051"}],"replies":[{"embeddable":true,"href":"https:\/\/blog.cancaonova.com\/redacao\/wp-json\/wp\/v2\/comments?post=6260"}],"version-history":[{"count":8,"href":"https:\/\/blog.cancaonova.com\/redacao\/wp-json\/wp\/v2\/posts\/6260\/revisions"}],"predecessor-version":[{"id":6268,"href":"https:\/\/blog.cancaonova.com\/redacao\/wp-json\/wp\/v2\/posts\/6260\/revisions\/6268"}],"wp:attachment":[{"href":"https:\/\/blog.cancaonova.com\/redacao\/wp-json\/wp\/v2\/media?parent=6260"}],"wp:term":[{"taxonomy":"category","embeddable":true,"href":"https:\/\/blog.cancaonova.com\/redacao\/wp-json\/wp\/v2\/categories?post=6260"},{"taxonomy":"post_tag","embeddable":true,"href":"https:\/\/blog.cancaonova.com\/redacao\/wp-json\/wp\/v2\/tags?post=6260"}],"curies":[{"name":"wp","href":"https:\/\/api.w.org\/{rel}","templated":true}]}}