{"id":6279,"date":"2010-10-26T15:32:49","date_gmt":"2010-10-26T18:32:49","guid":{"rendered":"http:\/\/blog.cancaonova.com\/redacao\/?p=6279"},"modified":"2010-11-26T10:41:12","modified_gmt":"2010-11-26T13:41:12","slug":"workshops-sobre-evangelizacao-pela-internet-ao-vivo-a-partir-de-29-de-outubro","status":"publish","type":"post","link":"https:\/\/blog.cancaonova.com\/redacao\/workshops-sobre-evangelizacao-pela-internet-ao-vivo-a-partir-de-29-de-outubro\/","title":{"rendered":"Workshops sobre evangeliza\u00e7\u00e3o pela internet ao vivo"},"content":{"rendered":"<p style=\"text-align: center;\"><a href=\"http:\/\/twitcam.livestream.com\/2syyl\" target=\"_blank\"><strong>Acompanhe transmiss\u00e3o ao vivo<\/strong><\/a><\/p>\n<p style=\"text-align: justify;\">No dia 25 de novembro, a Can\u00e7\u00e3o Nova completa 15 anos de evangeliza\u00e7\u00e3o pela internet. Para comemorar a data, o departamento de Tecnologia da Informa\u00e7\u00e3o (TI) da Funda\u00e7\u00e3o Jo\u00e3o Paulo II \u2013 mantenedora do Sistema Can\u00e7\u00e3o Nova de Comunica\u00e7\u00e3o &#8211; preparou algumas a\u00e7\u00f5es especiais. Dentre elas, quatro workshops transmitidos ao vivo, \u00e0s 10h pela WebTVCN, durante as sextas-feiras, a partir do dia 29 de outubro.<\/p>\n<p style=\"text-align: justify;\">Confira os assuntos e os colaboradores da Funda\u00e7\u00e3o Jo\u00e3o Paulo II que v\u00e3o ministrar as palestras:<\/p>\n<p style=\"text-align: justify;\"><strong>29\/10<\/strong><br \/>\n<strong>Tema: <\/strong>A import\u00e2ncia da m\u00eddias sociais na evangeliza\u00e7\u00e3o<br \/>\n<strong>Palestrante:<\/strong> Paulo Moraes \u2013 Analista de Novas Tecnologias<\/p>\n<p style=\"text-align: justify;\"><strong>05\/11<\/strong><br \/>\n<strong>Tema:<\/strong> Open Source<br \/>\n<strong>Palestrante:<\/strong> F\u00e1bio Ant\u00f4nio &#8211; Administrador de Sistema Linux<\/p>\n<p style=\"text-align: justify;\"><strong>19\/11<\/strong><br \/>\n<strong>Tema:<\/strong> Estat\u00edstica<br \/>\n<strong>Palestrante:<\/strong> Lucilene Silva \u2013 Respons\u00e1vel pelo setor de Estat\u00edstica<\/p>\n<p style=\"text-align: justify;\"><strong>26\/11<\/strong><br \/>\n<strong>Tema: <\/strong>O futuro da tecnologia<br \/>\n<strong>Palestrante:<\/strong> Jorge Aparecido da Silva \u2013 Superintendente do departamento de TI<\/p>\n<p style=\"text-align: justify;\"><em>OBS.:<\/em> A programa\u00e7\u00e3o est\u00e1 sujeita a altera\u00e7\u00e3o, sem aviso pr\u00e9vio.<\/p>\n<p style=\"text-align: justify;\"><strong>Comemora\u00e7\u00e3o<\/strong><\/p>\n<p style=\"text-align: justify;\">Al\u00e9m dos workshops, o anivers\u00e1rio da Can\u00e7\u00e3o Nova na internet foi comemorado com a realiza\u00e7\u00e3o do \u201cIntercato \u2013 1\u00ba Semin\u00e1rio: A evangeliza\u00e7\u00e3o pela internet\u201d, que aconteceu de 23 a 24 de outubro, na sede da Can\u00e7\u00e3o Nova, em Cachoeira Paulista (SP). No dia 1\u00b0 de novembro entra no ar uma p\u00e1gina comemorativa na qual o internauta encontra conte\u00fados exclusivos, wallpapers, v\u00eddeos, fotos e curiosidades sobre a hist\u00f3ria da comunidade cat\u00f3lica na web.<\/p>\n<p style=\"text-align: justify;\">No local, ser\u00e3o disponibilizados o <em>embed <\/em>do banner de anivers\u00e1rio para que os internautas possam colocar nos seus blogs e o <em>tollbar<\/em> com uma barra de ferramentas da Can\u00e7\u00e3o Nova para browers. Na TV Can\u00e7\u00e3o Nova, ser\u00e3o exibidos, durante os intervalos da programa\u00e7\u00e3o, pequenos programas produzidos pela WebTVCN sobre as ferramentas que a comunidade usa para evangelizar. No dia 25, haver\u00e1 Santa Missa e Adora\u00e7\u00e3o Eucar\u00edstica transmitidas ao vivo.<\/p>\n<p style=\"text-align: justify;\"><strong>Conhe\u00e7a mais do nosso conte\u00fado:<\/strong><a href=\"http:\/\/blog.cancaonova.com\/ti\/2010\/05\/28\/mcancaonovacom\/\" target=\"_blank\"><br \/>\n<\/a><a href=\"http:\/\/www.cancaonova.com\/\" target=\"_blank\">.: Portal Can\u00e7\u00e3o    Nova: 100% cat\u00f3lico!<\/a><br \/>\n<a href=\"http:\/\/www.webtvcn.com\/\" target=\"_blank\">.: WebTVCN, muito mais   v\u00eddeos para voc\u00ea<\/a><br \/>\n<a href=\"http:\/\/gentedefe.com\/\" target=\"_blank\">.: Gente de f\u00e9: uma   comunidade diferente, por um mundo  melhor<\/a><br \/>\n<a href=\"http:\/\/podcast.cancaonova.com\/\" target=\"_blank\">.: Curta os    mais variados Podcasts<\/a><\/p>\n<p style=\"text-align: justify;\"><strong>Para  o seu celular:<\/strong><br \/>\n<a href=\"http:\/\/www.cancaonovamobile.com\/\" target=\"_blank\">.: Can\u00e7\u00e3o    Nova Mobile<\/a><br \/>\n<a href=\"http:\/\/cnchama.com.br\/\" target=\"_blank\">.: CN Chama<\/a><br \/>\n<a href=\"http:\/\/iphone.cancaonova.com\/\" target=\"_blank\">.: Iphone<\/a><\/p>\n<p style=\"text-align: justify;\"><strong>Conhe\u00e7a  nossos outros canais na  web:<\/strong><br \/>\n.: <a href=\"http:\/\/meadiciona.com\/cancaonova\" target=\"_blank\">meadiciona.com\/cancaonova<\/a><br \/>\n<a href=\"http:\/\/delicious.com\/cancaonova.com\" target=\"_blank\">.:    delicious.com\/cancaonova<\/a><br \/>\n.: <a href=\"..\/..\/2010\/03\/08\/myspace.com\/cancaonova\" target=\"_blank\">myspace.com\/cancaonova<\/a><br \/>\n.: <a href=\"..\/..\/2010\/03\/08\/facebook.com\/cancaonova\" target=\"_blank\">facebook.com\/cancaonova<\/a><br \/>\n.: <a href=\"..\/..\/2010\/03\/08\/youtube.com\/user\/portalcn\" target=\"_blank\">youtube.com\/user\/portalcn<\/a><br \/>\n.: <a href=\"..\/..\/2010\/03\/08\/flickr.com\/photos\/cancaonova\" target=\"_blank\">flickr.com\/photos\/cancaonova<\/a><\/p>\n","protected":false},"excerpt":{"rendered":"<p>Acompanhe transmiss\u00e3o ao vivo No dia 25 de novembro, a Can\u00e7\u00e3o Nova completa 15 anos de evangeliza\u00e7\u00e3o pela internet. Para comemorar a data, o departamento de Tecnologia da Informa\u00e7\u00e3o (TI) da Funda\u00e7\u00e3o Jo\u00e3o Paulo II \u2013 mantenedora do Sistema Can\u00e7\u00e3o&#8230;<\/p>\n","protected":false},"author":1051,"featured_media":0,"comment_status":"open","ping_status":"open","sticky":false,"template":"","format":"standard","meta":{"_mi_skip_tracking":false,"_monsterinsights_sitenote_active":false,"_monsterinsights_sitenote_note":"","_monsterinsights_sitenote_category":0,"footnotes":""},"categories":[9671],"tags":[26311,16504,671,5011,7671,3211,4741,4201],"_links":{"self":[{"href":"https:\/\/blog.cancaonova.com\/redacao\/wp-json\/wp\/v2\/posts\/6279"}],"collection":[{"href":"https:\/\/blog.cancaonova.com\/redacao\/wp-json\/wp\/v2\/posts"}],"about":[{"href":"https:\/\/blog.cancaonova.com\/redacao\/wp-json\/wp\/v2\/types\/post"}],"author":[{"embeddable":true,"href":"https:\/\/blog.cancaonova.com\/redacao\/wp-json\/wp\/v2\/users\/1051"}],"replies":[{"embeddable":true,"href":"https:\/\/blog.cancaonova.com\/redacao\/wp-json\/wp\/v2\/comments?post=6279"}],"version-history":[{"count":24,"href":"https:\/\/blog.cancaonova.com\/redacao\/wp-json\/wp\/v2\/posts\/6279\/revisions"}],"predecessor-version":[{"id":6281,"href":"https:\/\/blog.cancaonova.com\/redacao\/wp-json\/wp\/v2\/posts\/6279\/revisions\/6281"}],"wp:attachment":[{"href":"https:\/\/blog.cancaonova.com\/redacao\/wp-json\/wp\/v2\/media?parent=6279"}],"wp:term":[{"taxonomy":"category","embeddable":true,"href":"https:\/\/blog.cancaonova.com\/redacao\/wp-json\/wp\/v2\/categories?post=6279"},{"taxonomy":"post_tag","embeddable":true,"href":"https:\/\/blog.cancaonova.com\/redacao\/wp-json\/wp\/v2\/tags?post=6279"}],"curies":[{"name":"wp","href":"https:\/\/api.w.org\/{rel}","templated":true}]}}