{"id":6318,"date":"2010-11-19T08:01:49","date_gmt":"2010-11-19T11:01:49","guid":{"rendered":"http:\/\/blog.cancaonova.com\/redacao\/?p=6318"},"modified":"2010-11-19T11:20:37","modified_gmt":"2010-11-19T14:20:37","slug":"blogueiros-da-cancao-nova-participam-das-comemoracoes-de-15-anos-da-cn-na-internet","status":"publish","type":"post","link":"https:\/\/blog.cancaonova.com\/redacao\/blogueiros-da-cancao-nova-participam-das-comemoracoes-de-15-anos-da-cn-na-internet\/","title":{"rendered":"Blogueiros da Can\u00e7\u00e3o Nova participam das comemora\u00e7\u00f5es de 15 anos da CN na internet"},"content":{"rendered":"<p style=\"text-align: justify;\">Aten\u00e7\u00e3o blogueiros do <a href=\"http:\/\/blog.cancaonova.com\/capa\/index.php\" target=\"_blank\">Portal de Blogs da Can\u00e7\u00e3o Nova<\/a>! Chegou o dia de saber se o seu blog vai ter um layout personalizado pelos designers da Can\u00e7\u00e3o Nova.<\/p>\n<p style=\"text-align: justify;\">Nesta sexta-feira, \u00e0s 10h, no Portal Can\u00e7\u00e3o Nova, realizaremos o programa &#8216;Caf\u00e9 interativo&#8217; para sortear os tr\u00eas blogueiros que ganhar\u00e3o um novo layout para sua p\u00e1gina, de acordo com sua prefer\u00eancia.<\/p>\n<p style=\"text-align: justify;\"><a href=\"http:\/\/blog.cancaonova.com\/redacao\/files\/2010\/11\/370.jpg\"><img loading=\"lazy\" decoding=\"async\" class=\"alignnone size-medium wp-image-6320\" title=\"370\" src=\"http:\/\/blog.cancaonova.com\/redacao\/files\/2010\/11\/370-300x202.jpg\" alt=\"\" width=\"300\" height=\"202\" \/><\/a><\/p>\n<p style=\"text-align: justify;\">O sorteio ser\u00e1 realizado pela ferramenta &#8216;The Randomiser&#8217; entre os 15 blogueiros que mais atualizaram os blogs neste per\u00edodo de 19 de outubro a 19 de novembro. Os ganhadores ser\u00e3o convidados para o &#8216;Caf\u00e9 Interativo&#8217;, que ser\u00e1 agendado para a mesma data em que  o vencedor se encontrar\u00e1 com a equipe do Portal Can\u00e7\u00e3o Nova para definir a nova p\u00e1gina.<\/p>\n<p style=\"text-align: justify;\">Acompanhe a transmiss\u00e3o pelo portal cancaonova.com ou pelo <a href=\"http:\/\/twitter.com\/cancaonova\" target=\"_blank\">twitter @cancaonova<\/a>. Participe e interaja conosco. Voc\u00ea poder\u00e1 ser um dos sorteados.<\/p>\n<p style=\"text-align: justify;\">Essa premia\u00e7\u00e3o \u00e9 em comemora\u00e7\u00e3o ao anivers\u00e1rio de <a href=\"http:\/\/quinzeanos.cancaonova.com\/\" target=\"_blank\">15 anos da Can\u00e7\u00e3o Nova na internet<\/a>, completado no dia 25 de novembro.<\/p>\n<p style=\"text-align: justify;\">\n<p style=\"text-align: center;\"><strong>Confira os ganhadores sorteados:<\/strong><\/p>\n<p><a href=\"http:\/\/blog.cancaonova.com\/redacao\/files\/2010\/11\/15.jpg\"><img loading=\"lazy\" decoding=\"async\" class=\"alignnone size-medium wp-image-6333\" title=\"15\" src=\"http:\/\/blog.cancaonova.com\/redacao\/files\/2010\/11\/15-300x187.jpg\" alt=\"\" width=\"300\" height=\"187\" \/><\/a><\/p>\n<p><a href=\"http:\/\/blog.cancaonova.com\/redacao\/files\/2010\/11\/2491.jpg\"><img loading=\"lazy\" decoding=\"async\" class=\"alignnone size-medium wp-image-6334\" title=\"2491\" src=\"http:\/\/blog.cancaonova.com\/redacao\/files\/2010\/11\/2491-300x187.jpg\" alt=\"\" width=\"300\" height=\"187\" \/><\/a><\/p>\n<p><a href=\"http:\/\/blog.cancaonova.com\/redacao\/files\/2010\/11\/2501.jpg\"><img loading=\"lazy\" decoding=\"async\" class=\"alignnone size-medium wp-image-6335\" title=\"2501\" src=\"http:\/\/blog.cancaonova.com\/redacao\/files\/2010\/11\/2501-300x187.jpg\" alt=\"\" width=\"300\" height=\"187\" \/><\/a><\/p>\n<p><strong>.: 1\u00ba sorteado: <a href=\"&lt;a  href=&quot;http:\/\/blog.cancaonova.com\/cantinho\/&quot;&gt;\">Blog do  Cantinho da crian\u00e7a<\/a><\/strong><\/p>\n<p><strong>.: 2\u00ba sorteado: <a href=\"http:\/\/blog.cancaonova.com\/curitiba\/\">Blog da Miss\u00e3o de  Curitiba<\/a><\/strong><\/p>\n<p><strong>.: 3\u00ba sorteado: <a href=\"http:\/\/blog.cancaonova.com\/conquista\/\">Blog da Miss\u00e3o de Vit\u00f3ria da Conquista<\/a><\/strong><\/p>\n<p>Parab\u00e9ns aos ganhadores que ter\u00e3o seus blogs renovados pela nossa equipe de design, esperamos voc\u00eas para um Caf\u00e9 Interativo.<\/p>\n","protected":false},"excerpt":{"rendered":"<p>Aten\u00e7\u00e3o blogueiros do Portal de Blogs da Can\u00e7\u00e3o Nova! Chegou o dia de saber se o seu blog vai ter um layout personalizado pelos designers da Can\u00e7\u00e3o Nova. Nesta sexta-feira, \u00e0s 10h, no Portal Can\u00e7\u00e3o Nova, realizaremos o programa &#8216;Caf\u00e9&#8230;<\/p>\n","protected":false},"author":1051,"featured_media":0,"comment_status":"open","ping_status":"open","sticky":false,"template":"","format":"standard","meta":{"_mi_skip_tracking":false,"_monsterinsights_sitenote_active":false,"_monsterinsights_sitenote_note":"","_monsterinsights_sitenote_category":0,"footnotes":""},"categories":[32879],"tags":[16504,671,6351,29917,4741,18614],"_links":{"self":[{"href":"https:\/\/blog.cancaonova.com\/redacao\/wp-json\/wp\/v2\/posts\/6318"}],"collection":[{"href":"https:\/\/blog.cancaonova.com\/redacao\/wp-json\/wp\/v2\/posts"}],"about":[{"href":"https:\/\/blog.cancaonova.com\/redacao\/wp-json\/wp\/v2\/types\/post"}],"author":[{"embeddable":true,"href":"https:\/\/blog.cancaonova.com\/redacao\/wp-json\/wp\/v2\/users\/1051"}],"replies":[{"embeddable":true,"href":"https:\/\/blog.cancaonova.com\/redacao\/wp-json\/wp\/v2\/comments?post=6318"}],"version-history":[{"count":11,"href":"https:\/\/blog.cancaonova.com\/redacao\/wp-json\/wp\/v2\/posts\/6318\/revisions"}],"predecessor-version":[{"id":6327,"href":"https:\/\/blog.cancaonova.com\/redacao\/wp-json\/wp\/v2\/posts\/6318\/revisions\/6327"}],"wp:attachment":[{"href":"https:\/\/blog.cancaonova.com\/redacao\/wp-json\/wp\/v2\/media?parent=6318"}],"wp:term":[{"taxonomy":"category","embeddable":true,"href":"https:\/\/blog.cancaonova.com\/redacao\/wp-json\/wp\/v2\/categories?post=6318"},{"taxonomy":"post_tag","embeddable":true,"href":"https:\/\/blog.cancaonova.com\/redacao\/wp-json\/wp\/v2\/tags?post=6318"}],"curies":[{"name":"wp","href":"https:\/\/api.w.org\/{rel}","templated":true}]}}