{"id":6356,"date":"2010-11-25T06:27:51","date_gmt":"2010-11-25T09:27:51","guid":{"rendered":"http:\/\/blog.cancaonova.com\/redacao\/?p=6356"},"modified":"2010-11-25T12:28:11","modified_gmt":"2010-11-25T15:28:11","slug":"portal-cancao-nova-15-anos-a-servico-da-igreja-catolica","status":"publish","type":"post","link":"https:\/\/blog.cancaonova.com\/redacao\/portal-cancao-nova-15-anos-a-servico-da-igreja-catolica\/","title":{"rendered":"Portal Can\u00e7\u00e3o Nova, 15 anos a servi\u00e7o da Igreja Cat\u00f3lica"},"content":{"rendered":"<p style=\"text-align: justify;\">O Portal Can\u00e7\u00e3o Nova \u2013 www.cancaonova.com \u2013 pioneiro no meio religioso, destaca-se por traduzir o ensinamento da Igreja Cat\u00f3lica em uma linguagem mais acess\u00edvel \u00e0s pessoas. Com os olhos voltados principalmente para o p\u00fablico jovem, investe em interatividade e tecnologia.<\/p>\n<p style=\"text-align: justify;\">Apesar de completar apenas 15 anos neste m\u00eas, j\u00e1 possui o t\u00edtulo de \u201co mais antigo portal cat\u00f3lico do pa\u00eds\u201d e conta com n\u00fameros surpreendentes, alcan\u00e7ando <a href=\"http:\/\/blog.cancaonova.com\/redacao\/2010\/09\/01\/portal-cancao-nova-atinge-9-milhoes-de-acessos\/\" target=\"_blank\">9 milh\u00f5es de acessos \u00fanicos mensais<\/a>.<\/p>\n<p style=\"text-align: justify;\">Outro dado muito importante \u00e9 que, entre os sites de conte\u00fado cat\u00f3lico, o Portal Can\u00e7\u00e3o Nova \u00e9 um dos mais acessados no mundo. O ranking \u00e9 liderado pela p\u00e1gina oficial do Vaticano: vatican.va. Essa informa\u00e7\u00e3o \u00e9 do site de rankeamento mundial: www.alexa.com.<\/p>\n<p style=\"text-align: justify;\">Atualmente, com o surgimento e a ascens\u00e3o das redes sociais, os grandes destaques da Can\u00e7\u00e3o Nova na Internet s\u00e3o os <a href=\"http:\/\/blog.cancaonova.com\/capa\/\" target=\"_blank\">blogs<\/a> de sacerdotes, m\u00fasicos e diferentes profissionais que oferecem ao internauta conte\u00fados variados, como espiritualidade, forma\u00e7\u00e3o humana, entretenimento, tecnologia, liturgia di\u00e1ria, catequeses, not\u00edcias da Igreja, entre outros.<\/p>\n<p style=\"text-align: justify;\">Lembro-me dos primeiros anos do Portal Can\u00e7\u00e3o Nova, no ano 2000, em que a rede mundial de computadores chegava ao Brasil e nossa grande atra\u00e7\u00e3o era o chat. Usu\u00e1rios de diferentes lugares do mundo partilhavam experi\u00eancias e rezavam juntos na net. Naquela \u00e9poca, termos como \u201csite\u201d, \u201clink\u201d e \u201cdownload\u201d eram desconhecidos pela maior parte da popula\u00e7\u00e3o que utilizava disquetes para armazenar pequenos arquivos.<\/p>\n<p style=\"text-align: justify;\"><strong><a href=\"http:\/\/goo.gl\/JTwY2\" target=\"_blank\">.: V\u00eddeos especiais sobre os 15 anos da CN na internet<\/a><\/strong><\/p>\n<p style=\"text-align: justify;\">No mesmo ano, um fato marcou a hist\u00f3ria do cancaonova.com: o primeiro encontro de internautas realizado em nossa sede, na cidade de Cachoeira Paulista (SP). Foi emocionante promover o contato entre pessoas que se conheciam apenas virtualmente. A experi\u00eancia comunit\u00e1ria vivida pelos mission\u00e1rios da comunidade fundada pelo <a href=\"http:\/\/www.cancaonova.com\/portal\/canais\/pejonas\/\" target=\"_blank\">monsenhor Jonas Abib<\/a> tornou-se um referencial para promover a fraternidade e uma evangeliza\u00e7\u00e3o mais pessoal por meio da internet.<\/p>\n<p style=\"text-align: justify;\">O compromisso da Can\u00e7\u00e3o Nova com a evangeliza\u00e7\u00e3o se consolida na transmiss\u00e3o de Santas Missas e programas que promovem n\u00e3o s\u00f3 a forma\u00e7\u00e3o catequ\u00e9tica e doutrin\u00e1ria, como tamb\u00e9m a forma\u00e7\u00e3o humana, cultural e pol\u00edtica. Outra contribui\u00e7\u00e3o do Portal Can\u00e7\u00e3o Nova \u00e0 Igreja no Brasil se d\u00e1 durante a cobertura e transmiss\u00e3o de diversos eventos promovidos pela Confer\u00eancia Nacional dos Bispos do Brasil (CNBB), al\u00e9m das coberturas jornal\u00edsticas e transmiss\u00f5es de celebra\u00e7\u00f5es do Vaticano, viagens apost\u00f3licas do Santo Padre, Congressos Eucar\u00edsticos Internacionais, Jornadas Mundiais da Juventude, Congressos Internacionais das Fam\u00edlias, entre outros.<\/p>\n<p style=\"text-align: justify;\">\u00c9 preciso fazer bom uso da rede mundial de computadores para atuar nesta \u201ccompanhia de pesca\u201d (como \u00e9 chamada essa obra de evangeliza\u00e7\u00e3o pelo seu fundador, monsenhor Jonas Abib) com a miss\u00e3o de dar continuidade \u00e0 obra de Cristo. Dessa forma, a miss\u00e3o da Can\u00e7\u00e3o Nova contribui com a miss\u00e3o da Igreja e permite que pessoas do Brasil e de todo o mundo sejam catequizadas, evangelizadas e se encontrem com o amor de Deus.<\/p>\n<p style=\"text-align: justify;\">O trabalho da Comunidade Can\u00e7\u00e3o Nova encontrou inspira\u00e7\u00e3o nas palavras do saudoso Papa Paulo VI, na Exorta\u00e7\u00e3o Apost\u00f3lica P\u00f3s-sinodal \u201cEvangelii Nuntiandi\u201d, sobre a import\u00e2ncia dos meios de comunica\u00e7\u00e3o: \u201cColocados a servi\u00e7o do Evangelho, s\u00e3o capazes de ampliar infinitamente o campo de escuta da Palavra de Deus e fazem chegar a Boa Nova a milh\u00f5es de pessoas.\u201d<\/p>\n<p style=\"text-align: justify;\">Miss\u00e3o esta que continua com Bento XVI. Em seu anivers\u00e1rio de <a href=\"http:\/\/quinzeanos.cancaonova.com\/\" target=\"_blank\">15 anos a servi\u00e7o da Igreja Cat\u00f3lica<\/a>, o Portal Can\u00e7\u00e3o Nova assume o convite do Santo Padre aos comunicadores: \u201cBuscar a verdade com mente e cora\u00e7\u00e3o apaixonados, mas tamb\u00e9m com profissionalismo de operadores competentes e dotados de meios adequados e eficazes\u201d.<\/p>\n<p style=\"text-align: justify;\">Em sua variedade de servi\u00e7os, os mission\u00e1rios da Can\u00e7\u00e3o Nova n\u00e3o medem esfor\u00e7os para fazer com que o Evangelho chegue aos confins da terra. Assim como a internet, a evangeliza\u00e7\u00e3o n\u00e3o conhece fronteiras.<\/p>\n<p style=\"text-align: justify;\">Rodrigo Luiz<br \/>\nMission\u00e1rio e gerente da Assessoria de Imprensa da Can\u00e7\u00e3o Nova<br \/>\ntwitter.com\/rodrigosanluiz<\/p>\n","protected":false},"excerpt":{"rendered":"<p>O Portal Can\u00e7\u00e3o Nova \u2013 www.cancaonova.com \u2013 pioneiro no meio religioso, destaca-se por traduzir o ensinamento da Igreja Cat\u00f3lica em uma linguagem mais acess\u00edvel \u00e0s pessoas. Com os olhos voltados principalmente para o p\u00fablico jovem, investe em interatividade e tecnologia&#8230;.<\/p>\n","protected":false},"author":1051,"featured_media":0,"comment_status":"open","ping_status":"open","sticky":false,"template":"","format":"standard","meta":{"_mi_skip_tracking":false,"_monsterinsights_sitenote_active":false,"_monsterinsights_sitenote_note":"","_monsterinsights_sitenote_category":0,"footnotes":""},"categories":[9671],"tags":[5011,36324,178141,14931,4741,113],"_links":{"self":[{"href":"https:\/\/blog.cancaonova.com\/redacao\/wp-json\/wp\/v2\/posts\/6356"}],"collection":[{"href":"https:\/\/blog.cancaonova.com\/redacao\/wp-json\/wp\/v2\/posts"}],"about":[{"href":"https:\/\/blog.cancaonova.com\/redacao\/wp-json\/wp\/v2\/types\/post"}],"author":[{"embeddable":true,"href":"https:\/\/blog.cancaonova.com\/redacao\/wp-json\/wp\/v2\/users\/1051"}],"replies":[{"embeddable":true,"href":"https:\/\/blog.cancaonova.com\/redacao\/wp-json\/wp\/v2\/comments?post=6356"}],"version-history":[{"count":11,"href":"https:\/\/blog.cancaonova.com\/redacao\/wp-json\/wp\/v2\/posts\/6356\/revisions"}],"predecessor-version":[{"id":6388,"href":"https:\/\/blog.cancaonova.com\/redacao\/wp-json\/wp\/v2\/posts\/6356\/revisions\/6388"}],"wp:attachment":[{"href":"https:\/\/blog.cancaonova.com\/redacao\/wp-json\/wp\/v2\/media?parent=6356"}],"wp:term":[{"taxonomy":"category","embeddable":true,"href":"https:\/\/blog.cancaonova.com\/redacao\/wp-json\/wp\/v2\/categories?post=6356"},{"taxonomy":"post_tag","embeddable":true,"href":"https:\/\/blog.cancaonova.com\/redacao\/wp-json\/wp\/v2\/tags?post=6356"}],"curies":[{"name":"wp","href":"https:\/\/api.w.org\/{rel}","templated":true}]}}