{"id":6406,"date":"2010-11-28T10:26:26","date_gmt":"2010-11-28T13:26:26","guid":{"rendered":"http:\/\/blog.cancaonova.com\/redacao\/?p=6406"},"modified":"2010-11-29T10:17:25","modified_gmt":"2010-11-29T13:17:25","slug":"o-que-significa-a-coroa-do-advento","status":"publish","type":"post","link":"https:\/\/blog.cancaonova.com\/redacao\/o-que-significa-a-coroa-do-advento\/","title":{"rendered":"O que significa a Coroa do Advento?"},"content":{"rendered":"<p style=\"text-align: justify;\">A vela  sempre teve um significado especial para o homem, sobretudo, porque, antes  de ser descoberta a eletricidade, ela era a vit\u00f3ria contra a escurid\u00e3o  da noite. \u00c0 luz de velas S\u00e3o Jer\u00f4nimo traduzia a B\u00edblia do grego e do  hebraico para o latim, nas grutas escuras de Bel\u00e9m, onde Jesus nasceu.<\/p>\n<p><object classid=\"clsid:d27cdb6e-ae6d-11cf-96b8-444553540000\" width=\"303\" height=\"54\" codebase=\"http:\/\/download.macromedia.com\/pub\/shockwave\/cabs\/flash\/swflash.cab#version=6,0,40,0\"><param name=\"id\" value=\"PodPlayerCN\" \/><param name=\"flashVars\" value=\"podcast=2700\" \/><param name=\"allowScriptAccess\" value=\"always\" \/><param name=\"src\" value=\"http:\/\/podcast.cancaonova.com\/cn_player.swf?397\" \/><embed id=\"PodPlayerCN\" type=\"application\/x-shockwave-flash\" width=\"303\" height=\"54\" src=\"http:\/\/podcast.cancaonova.com\/cn_player.swf?397\" allowscriptaccess=\"always\" flashvars=\"podcast=2700\"><\/embed><\/object><\/p>\n<p style=\"text-align: justify;\">Em  casa, \u00e0 noite, quando falta a energia, todos correm atr\u00e1s de uma vela e  de um f\u00f3sforo, ainda hoje.<\/p>\n<p>Acender velas nos faz lembrar tamb\u00e9m a festa judaica de \u201cChanuk\u00e1\u201d, que  celebra a retomada da cidade de Jerusal\u00e9m pelos irm\u00e3os macabeus das m\u00e3os  dos gregos do rei Ant\u00edoco IV.<\/p>\n<p style=\"text-align: justify;\">Antes  da Era Crist\u00e3 os pag\u00e3os celebravam em Roma a Festa do deus Sol  Invenc\u00edvel (<em>Dies solis invicti<\/em>) no  solst\u00edcio de inverno, em 25 de  dezembro. A Igreja sabiamente come\u00e7ou a celebrar o Natal de Jesus neste  dia, para mostrar que Cristo \u00e9 o verdadeiro Deus, o verdadeiro Sol, que  traz nos seus raios a salva\u00e7\u00e3o. \u00c9 a festa da luz, que \u00e9 o Cristo: <em>\u201cEu  Sou a Luz do mundo\u201d<\/em> (Jo 12, 8). No Natal desceu a n\u00f3s a verdadeira  Luz <em>\u201cque ilumina todo homem que vem a este mundo\u201d <\/em>(Jo 1, 9).<\/p>\n<p style=\"text-align: justify;\"><a href=\"http:\/\/blog.cancaonova.com\/redacao\/files\/2010\/11\/coroa.jpg\"><img loading=\"lazy\" decoding=\"async\" class=\"alignnone size-full wp-image-6411\" title=\"coroa\" src=\"http:\/\/blog.cancaonova.com\/redacao\/files\/2010\/11\/coroa.jpg\" alt=\"\" width=\"280\" height=\"200\" \/><\/a>Na  chama da vela est\u00e3o presentes as for\u00e7as da natureza e da vida. Cada vela  marca um ano de nossa vida no bolo de anivers\u00e1rio. Para n\u00f3s crist\u00e3os  simbolizam a f\u00e9, o amor e  o trabalho realizado em prol do Reino de  Deus. Velas s\u00e3o vidas que se imolam na liturgia do amor a Deus e ao  pr\u00f3ximo. Tudo isso foi levado para a liturgia do <strong><a href=\"http:\/\/wiki.cancaonova.com\/index.php\/Advento\" target=\"_blank\">Advento<\/a><\/strong>. Com ramos de  pinheiro uma coroa com quatro velas prepara os cora\u00e7\u00f5es para a chegada  do Deus Menino.<\/p>\n<p style=\"text-align: justify;\">Nestas  quatro semanas somos convidados a esperar Jesus que vem. \u00c9 um tempo de  prepara\u00e7\u00e3o e de alegre espera do Senhor. <strong>Nas duas primeiras semanas  do Advento, a liturgia nos convida a vigiar e a esperar a vinda gloriosa  do Salvador. Nas duas \u00faltimas, a Igreja nos faz lembrar a espera dos  Profetas e de Maria pelo nascimento de Jesus<\/strong>.<\/p>\n<p style=\"text-align: justify;\">A coroa  \u00e9 o primeiro an\u00fancio do Natal. O verde \u00e9 o sinal de esperan\u00e7a e vida,  enfeitada com uma fita vermelha, simbolizando o amor de Deus por n\u00f3s, que se  manifesta de maneira suprema no nascimento do Filho de Deus humanizado.<\/p>\n<p style=\"text-align: justify;\">A coroa  \u00e9 composta de quatro velas nos seus cantos presas aos ramos formando um  c\u00edrculo. O c\u00edrculo n\u00e3o tem come\u00e7o nem fim, \u00e9 s\u00edmbolo da eternidade de  Deus e do reinado eterno do Cristo. A cada domingo acende-se uma delas.<\/p>\n<p style=\"text-align: justify;\"><strong><a href=\"http:\/\/goo.gl\/cRfGm\" target=\"_blank\">.: Saiba mais sobre o Advento<\/a><\/strong><\/p>\n<p style=\"text-align: justify;\">As  quatro velas do Advento simbolizam as grandes etapas da salva\u00e7\u00e3o em  Cristo. No primeiro domingo do Advento, acendemos a primeira vela que  simboliza o perd\u00e3o a Ad\u00e3o e Eva. Cristo desceu \u00e0 mans\u00e3o dos mortos para  dar-lhes o perd\u00e3o. No segundo domingo, a segunda vela, acesa com a primeira, representa a f\u00e9 dos Patriarcas: Abra\u00e3o, Isaac, Jac\u00f3, que  creram na Promessa da Terra Prometida, a Cana\u00e3 dos hebreus; dali  nasceria o Salvador, a Luz do Mundo. A terceira vela, acessa com as duas  primeiras, simboliza a alegria do rei Davi, o rei que simboliza o  Messias porque reuniu sob Seu reinado todas as tribos de Israel, assim  como Cristo reunir\u00e1 em si todos os filhos de Deus. \u00c9 o domingo da  alegria. Esta vela tem uma cor mais alegre, o rosa ou roxo claro. A  \u00faltima vela simboliza os profetas, que anunciaram um reino de paz e de  justi\u00e7a que o Messias traria.  \u00c9 a vela branca.<\/p>\n<p style=\"text-align: justify;\">Tudo  isso para nos lembrar o que anunciou o profeta:<br \/>\n<em>\u201cUm renovo sair\u00e1 do tronco de Jess\u00e9, e um rebento brotar\u00e1 de suas  ra\u00edzes. Sobre ele repousar\u00e1 o Esp\u00edrito do Senhor, Esp\u00edrito de sabedoria e  de entendimento, Esp\u00edrito de prud\u00eancia e de coragem, Esp\u00edrito de  ci\u00eancia e de temor ao Senhor\u201d <\/em>(Is 11,1-2).<\/p>\n<p style=\"text-align: justify;\"><em>\u201cO  povo que andava nas trevas viu uma grande luz; sobre aqueles que  habitavam uma regi\u00e3o tenebrosa resplandeceu uma luz. V\u00f3s suscitais um  grande regozijo, provocais uma imensa alegria; rejubilam-se diante de  v\u00f3s como na alegria da colheita, como exultam na partilha dos despojos.  3. Porque o jugo que pesava sobre ele, a coleira de seu ombro e a vara  do feitor, v\u00f3s os quebrastes, como no dia de Madi\u00e3. Porque todo cal\u00e7ado  que se traz na batalha, e todo manto manchado de sangue ser\u00e3o lan\u00e7ados  ao fogo e tornar-se-\u00e3o presa das chamas; porque um menino nos nasceu, um  filho nos foi dado; a soberania repousa sobre seus ombros, e ele se  chama: Conselheiro admir\u00e1vel, Deus forte, Pai eterno, Pr\u00edncipe da paz.   Seu imp\u00e9rio ser\u00e1 grande e a paz sem fim sobre o trono de Davi e em seu  reino. Ele o firmar\u00e1 e o manter\u00e1 pelo direito e pela justi\u00e7a, desde  agora e para sempre. Eis o que far\u00e1 o zelo do Senhor dos ex\u00e9rcitos\u201d <\/em>(Is  9,1-6).<\/p>\n<p><a href=\"http:\/\/blog.cancaonova.com\/felipeaquino\/\"><strong>Professor Felipe Aquino<\/strong><\/a><br \/>\n\u00c9 membro do Conselho Diretor da Funda\u00e7\u00e3o Jo\u00e3o Paulo II. Participa de aprofundamentos no pa\u00eds e no exterior, j\u00e1 escreveu 60 livros e apresenta  dois programas semanais na TV Can\u00e7\u00e3o Nova: \u201cEscola da F\u00e9\u201d e \u201cTrocando  Ideias\u201d.<\/p>\n","protected":false},"excerpt":{"rendered":"<p>A vela sempre teve um significado especial para o homem, sobretudo, porque, antes de ser descoberta a eletricidade, ela era a vit\u00f3ria contra a escurid\u00e3o da noite. \u00c0 luz de velas S\u00e3o Jer\u00f4nimo traduzia a B\u00edblia do grego e do&#8230;<\/p>\n","protected":false},"author":1051,"featured_media":0,"comment_status":"open","ping_status":"open","sticky":false,"template":"","format":"standard","meta":{"_mi_skip_tracking":false,"_monsterinsights_sitenote_active":false,"_monsterinsights_sitenote_note":"","_monsterinsights_sitenote_category":0,"footnotes":""},"categories":[32],"tags":[9931,36379,14931,48],"_links":{"self":[{"href":"https:\/\/blog.cancaonova.com\/redacao\/wp-json\/wp\/v2\/posts\/6406"}],"collection":[{"href":"https:\/\/blog.cancaonova.com\/redacao\/wp-json\/wp\/v2\/posts"}],"about":[{"href":"https:\/\/blog.cancaonova.com\/redacao\/wp-json\/wp\/v2\/types\/post"}],"author":[{"embeddable":true,"href":"https:\/\/blog.cancaonova.com\/redacao\/wp-json\/wp\/v2\/users\/1051"}],"replies":[{"embeddable":true,"href":"https:\/\/blog.cancaonova.com\/redacao\/wp-json\/wp\/v2\/comments?post=6406"}],"version-history":[{"count":11,"href":"https:\/\/blog.cancaonova.com\/redacao\/wp-json\/wp\/v2\/posts\/6406\/revisions"}],"predecessor-version":[{"id":6415,"href":"https:\/\/blog.cancaonova.com\/redacao\/wp-json\/wp\/v2\/posts\/6406\/revisions\/6415"}],"wp:attachment":[{"href":"https:\/\/blog.cancaonova.com\/redacao\/wp-json\/wp\/v2\/media?parent=6406"}],"wp:term":[{"taxonomy":"category","embeddable":true,"href":"https:\/\/blog.cancaonova.com\/redacao\/wp-json\/wp\/v2\/categories?post=6406"},{"taxonomy":"post_tag","embeddable":true,"href":"https:\/\/blog.cancaonova.com\/redacao\/wp-json\/wp\/v2\/tags?post=6406"}],"curies":[{"name":"wp","href":"https:\/\/api.w.org\/{rel}","templated":true}]}}