{"id":6478,"date":"2010-12-21T07:10:45","date_gmt":"2010-12-21T10:10:45","guid":{"rendered":"http:\/\/blog.cancaonova.com\/redacao\/?p=6478"},"modified":"2012-07-24T14:39:16","modified_gmt":"2012-07-24T17:39:16","slug":"conheca-o-trajeto-que-a-sagrada-familia-percorreu-ate-o-nascimento-do-menino-jesus","status":"publish","type":"post","link":"https:\/\/blog.cancaonova.com\/redacao\/conheca-o-trajeto-que-a-sagrada-familia-percorreu-ate-o-nascimento-do-menino-jesus\/","title":{"rendered":"Conhe\u00e7a o trajeto que a Sagrada Fam\u00edlia percorreu at\u00e9 o nascimento do menino Jesus"},"content":{"rendered":"<p class=\"western\" style=\"text-align: justify;\">Vamos fazer uma viagem pela Terra Santa, conhecer o caminho que Maria, Jesus e Jos\u00e9 fizeram at\u00e9 Bel\u00e9m. Reviver seus sentimentos, sua esperan\u00e7a, a expectativa que eles mantinham diante do nascimento do Salvador.<\/p>\n<p style=\"text-align: justify;\"><span style=\"color: #000000;\">O franciscano italiano Frei Pascal, que mora na Terra Santa h\u00e1 mais de 20 anos, nos leva a refletir sobre a trajet\u00f3ria que a Sagrada Fam\u00edlia percorreu at\u00e9 o nascimento do Menino Deus. <\/span>Tempo do Advento, tempo de prepara\u00e7\u00e3o para a Festa do Natal de Jesus. Que como Maria e Jos\u00e9 voc\u00ea possa acolher o Salvador em sua vida.<!--more--><\/p>\n<p class=\"western\" style=\"margin-bottom: 0cm;\">Assista:<\/p>\n<p><object classid=\"clsid:d27cdb6e-ae6d-11cf-96b8-444553540000\" width=\"300\" height=\"275\" codebase=\"http:\/\/download.macromedia.com\/pub\/shockwave\/cabs\/flash\/swflash.cab#version=6,0,40,0\"><param name=\"src\" value=\"http:\/\/www.webtvcn.com\/player\/v2.FR.swf?id=51732\" \/><embed type=\"application\/x-shockwave-flash\" width=\"300\" height=\"275\" src=\"http:\/\/www.webtvcn.com\/player\/v2.FR.swf?id=51732\"><\/embed><\/object><\/p>\n<p><object classid=\"clsid:d27cdb6e-ae6d-11cf-96b8-444553540000\" width=\"300\" height=\"275\" codebase=\"http:\/\/download.macromedia.com\/pub\/shockwave\/cabs\/flash\/swflash.cab#version=6,0,40,0\"><param name=\"src\" value=\"http:\/\/www.webtvcn.com\/player\/v2.FR.swf?id=52191\" \/><embed type=\"application\/x-shockwave-flash\" width=\"300\" height=\"275\" src=\"http:\/\/www.webtvcn.com\/player\/v2.FR.swf?id=52191\"><\/embed><\/object><br \/>\n<strong><\/strong><\/p>\n<p><strong>Conhe\u00e7a mais do nosso conte\u00fado:<\/strong><a href=\"http:\/\/blog.cancaonova.com\/ti\/2010\/05\/28\/mcancaonovacom\/\" target=\"_blank\"><br \/>\n<\/a><a href=\"http:\/\/www.cancaonova.com\/\" target=\"_blank\">.: Portal Can\u00e7\u00e3o    Nova: 100% cat\u00f3lico!<\/a><br \/>\n<a href=\"http:\/\/www.webtvcn.com\/\" target=\"_blank\">.: WebTVCN, muito mais   v\u00eddeos para voc\u00ea<\/a><br \/>\n<a href=\"http:\/\/gentedefe.com\/\" target=\"_blank\">.: Gente de f\u00e9: uma   comunidade diferente, por um mundo  melhor<\/a><br \/>\n<a href=\"http:\/\/podcast.cancaonova.com\/\" target=\"_blank\">.: Curta os    mais variados Podcasts<\/a><\/p>\n<p style=\"text-align: justify;\"><strong>Para  o seu celular:<\/strong><br \/>\n<a href=\"http:\/\/www.cancaonovamobile.com\/\" target=\"_blank\">.: Can\u00e7\u00e3o    Nova Mobile<\/a><br \/>\n<a href=\"http:\/\/cnchama.com.br\/\" target=\"_blank\">.: CN Chama<\/a><br \/>\n<a href=\"http:\/\/iphone.cancaonova.com\/\" target=\"_blank\">.: Iphone<\/a><\/p>\n<p style=\"text-align: justify;\"><strong>Conhe\u00e7a  nossos outros canais na  web:<\/strong><br \/>\n.: <a href=\"http:\/\/meadiciona.com\/cancaonova\" target=\"_blank\">meadiciona.com\/cancaonova<\/a><br \/>\n<a href=\"http:\/\/delicious.com\/cancaonova.com\" target=\"_blank\">.:    delicious.com\/cancaonova<\/a><br \/>\n.: <a href=\"..\/..\/2010\/03\/08\/myspace.com\/cancaonova\" target=\"_blank\">myspace.com\/cancaonova<\/a><br \/>\n.: <a href=\"..\/..\/2010\/03\/08\/facebook.com\/cancaonova\" target=\"_blank\">facebook.com\/cancaonova<\/a><br \/>\n.: <a href=\"..\/..\/2010\/03\/08\/youtube.com\/user\/portalcn\" target=\"_blank\">youtube.com\/user\/portalcn<\/a><br \/>\n.: <a href=\"..\/..\/2010\/03\/08\/flickr.com\/photos\/cancaonova\" target=\"_blank\">flickr.com\/photos\/cancaonova<\/a><\/p>\n","protected":false},"excerpt":{"rendered":"<p>Vamos fazer uma viagem pela Terra Santa, conhecer o caminho que Maria, Jesus e Jos\u00e9 fizeram at\u00e9 Bel\u00e9m. Reviver seus sentimentos, sua esperan\u00e7a, a expectativa que eles mantinham diante do nascimento do Salvador. O franciscano italiano Frei Pascal, que mora&#8230;<\/p>\n","protected":false},"author":1051,"featured_media":0,"comment_status":"open","ping_status":"open","sticky":false,"template":"","format":"standard","meta":{"_mi_skip_tracking":false,"_monsterinsights_sitenote_active":false,"_monsterinsights_sitenote_note":"","_monsterinsights_sitenote_category":0,"footnotes":""},"categories":[32],"tags":[5011,13091,24414,178140,5041],"_links":{"self":[{"href":"https:\/\/blog.cancaonova.com\/redacao\/wp-json\/wp\/v2\/posts\/6478"}],"collection":[{"href":"https:\/\/blog.cancaonova.com\/redacao\/wp-json\/wp\/v2\/posts"}],"about":[{"href":"https:\/\/blog.cancaonova.com\/redacao\/wp-json\/wp\/v2\/types\/post"}],"author":[{"embeddable":true,"href":"https:\/\/blog.cancaonova.com\/redacao\/wp-json\/wp\/v2\/users\/1051"}],"replies":[{"embeddable":true,"href":"https:\/\/blog.cancaonova.com\/redacao\/wp-json\/wp\/v2\/comments?post=6478"}],"version-history":[{"count":8,"href":"https:\/\/blog.cancaonova.com\/redacao\/wp-json\/wp\/v2\/posts\/6478\/revisions"}],"predecessor-version":[{"id":6482,"href":"https:\/\/blog.cancaonova.com\/redacao\/wp-json\/wp\/v2\/posts\/6478\/revisions\/6482"}],"wp:attachment":[{"href":"https:\/\/blog.cancaonova.com\/redacao\/wp-json\/wp\/v2\/media?parent=6478"}],"wp:term":[{"taxonomy":"category","embeddable":true,"href":"https:\/\/blog.cancaonova.com\/redacao\/wp-json\/wp\/v2\/categories?post=6478"},{"taxonomy":"post_tag","embeddable":true,"href":"https:\/\/blog.cancaonova.com\/redacao\/wp-json\/wp\/v2\/tags?post=6478"}],"curies":[{"name":"wp","href":"https:\/\/api.w.org\/{rel}","templated":true}]}}