{"id":6507,"date":"2010-12-23T09:22:28","date_gmt":"2010-12-23T12:22:28","guid":{"rendered":"http:\/\/blog.cancaonova.com\/redacao\/?p=6507"},"modified":"2012-07-24T14:37:01","modified_gmt":"2012-07-24T17:37:01","slug":"a-cidade-de-jesus-ja-esta-preparada-para-o-natal","status":"publish","type":"post","link":"https:\/\/blog.cancaonova.com\/redacao\/a-cidade-de-jesus-ja-esta-preparada-para-o-natal\/","title":{"rendered":"A cidade de Jesus j\u00e1 est\u00e1 preparada para o Natal"},"content":{"rendered":"<p style=\"text-align: justify;\">A cidade de Jesus, Bel\u00e9m, na <a href=\"http:\/\/blog.cancaonova.com\/terrasanta\/\" target=\"_blank\">Terra Santa<\/a>, est\u00e1 preparada para o Natal. Esta \u00e9 o data mais esperada do ano, pois a cidade, mais do que nunca, se torna o centro da aten\u00e7\u00e3o do mundo. Na pra\u00e7a da Bas\u00edlica da Natividade, uma cerim\u00f4nia ilumina a tradicional \u00e1rvore da paz.<\/p>\n<p style=\"text-align: justify;\">Padre Stephane Milovich, ofm, guardi\u00e3o da Bas\u00edlica da Natividade, diz esperar que o Menino Jesus, Salvador do mundo, possa nascer no cora\u00e7\u00e3o de todos. \u201cDesta forma, ser\u00e1 verdadeiramente Natal\u201d, explica o sacerdote.<!--more--><\/p>\n<p style=\"text-align: justify;\"><strong>Assista ao v\u00eddeo e veja como Bel\u00e9m se prepara para o Natal: <\/strong><\/p>\n<p><object classid=\"clsid:d27cdb6e-ae6d-11cf-96b8-444553540000\" width=\"490\" height=\"303\" codebase=\"http:\/\/download.macromedia.com\/pub\/shockwave\/cabs\/flash\/swflash.cab#version=6,0,40,0\"><param name=\"allowScriptAccess\" value=\"aways\" \/><param name=\"wmode\" value=\"window\" \/><param name=\"loop\" value=\"false\" \/><param name=\"menu\" value=\"true\" \/><param name=\"allowFullScreen\" value=\"true\" \/><param name=\"src\" value=\"http:\/\/www.webtvcn.com\/player\/v\/11738157\" \/><param name=\"allowfullscreen\" value=\"true\" \/><embed type=\"application\/x-shockwave-flash\" width=\"490\" height=\"303\" src=\"http:\/\/www.webtvcn.com\/player\/v\/11738157\" allowfullscreen=\"true\" menu=\"true\" loop=\"false\" wmode=\"window\" allowscriptaccess=\"aways\"><\/embed><\/object><\/p>\n<p><a href=\"http:\/\/blog.cancaonova.com\/oracao\/category\/novena\/natal\/\" target=\"_blank\">.: Reze a Novena de Natal com a Can\u00e7\u00e3o Nova<\/a><\/p>\n","protected":false},"excerpt":{"rendered":"<p>A cidade de Jesus, Bel\u00e9m, na Terra Santa, est\u00e1 preparada para o Natal. Esta \u00e9 o data mais esperada do ano, pois a cidade, mais do que nunca, se torna o centro da aten\u00e7\u00e3o do mundo. Na pra\u00e7a da Bas\u00edlica&#8230;<\/p>\n","protected":false},"author":1051,"featured_media":0,"comment_status":"open","ping_status":"open","sticky":false,"template":"","format":"standard","meta":{"_mi_skip_tracking":false,"_monsterinsights_sitenote_active":false,"_monsterinsights_sitenote_note":"","_monsterinsights_sitenote_category":0,"footnotes":""},"categories":[1351,32],"tags":[8651,178140,19551,19685,5041],"_links":{"self":[{"href":"https:\/\/blog.cancaonova.com\/redacao\/wp-json\/wp\/v2\/posts\/6507"}],"collection":[{"href":"https:\/\/blog.cancaonova.com\/redacao\/wp-json\/wp\/v2\/posts"}],"about":[{"href":"https:\/\/blog.cancaonova.com\/redacao\/wp-json\/wp\/v2\/types\/post"}],"author":[{"embeddable":true,"href":"https:\/\/blog.cancaonova.com\/redacao\/wp-json\/wp\/v2\/users\/1051"}],"replies":[{"embeddable":true,"href":"https:\/\/blog.cancaonova.com\/redacao\/wp-json\/wp\/v2\/comments?post=6507"}],"version-history":[{"count":9,"href":"https:\/\/blog.cancaonova.com\/redacao\/wp-json\/wp\/v2\/posts\/6507\/revisions"}],"predecessor-version":[{"id":12433,"href":"https:\/\/blog.cancaonova.com\/redacao\/wp-json\/wp\/v2\/posts\/6507\/revisions\/12433"}],"wp:attachment":[{"href":"https:\/\/blog.cancaonova.com\/redacao\/wp-json\/wp\/v2\/media?parent=6507"}],"wp:term":[{"taxonomy":"category","embeddable":true,"href":"https:\/\/blog.cancaonova.com\/redacao\/wp-json\/wp\/v2\/categories?post=6507"},{"taxonomy":"post_tag","embeddable":true,"href":"https:\/\/blog.cancaonova.com\/redacao\/wp-json\/wp\/v2\/tags?post=6507"}],"curies":[{"name":"wp","href":"https:\/\/api.w.org\/{rel}","templated":true}]}}