{"id":6516,"date":"2010-12-23T12:46:41","date_gmt":"2010-12-23T15:46:41","guid":{"rendered":"http:\/\/blog.cancaonova.com\/redacao\/?p=6516"},"modified":"2012-07-24T14:37:23","modified_gmt":"2012-07-24T17:37:23","slug":"indianos-peregrinam-a-pe-de-jerusalem-ate-belem","status":"publish","type":"post","link":"https:\/\/blog.cancaonova.com\/redacao\/indianos-peregrinam-a-pe-de-jerusalem-ate-belem\/","title":{"rendered":"Indianos peregrinam a p\u00e9 de Jerusal\u00e9m at\u00e9 Bel\u00e9m"},"content":{"rendered":"<p style=\"text-align: justify;\">Quatrocentos cat\u00f3licos indianos fizeram uma peregrina\u00e7\u00e3o do altar Santa Maria Madalena, ao lado do Santo Sepulcro, em dire\u00e7\u00e3o \u00e0 Gruta da Natividade. O trajeto foi feito a p\u00e9 de Jerusal\u00e9m at\u00e9 Bel\u00e9m para rezarem e se prepararem para o Natal.<\/p>\n<p style=\"text-align: justify;\">&#8220;Estamos indo a Bel\u00e9m para rezar, na alma temos muita paz, fazemos o mesmo caminho que fez Maria quando estava gr\u00e1vida e cansada em cima de um burrinho. N\u00e3o sei como explicar, mas estamos muito felizes&#8221;, afirma uma das peregrinas.<\/p>\n<p style=\"text-align: justify;\">Depois de dezenas de quil\u00f4metros percorridos, em clima de muita alegria e ora\u00e7\u00e3o, o grupo indiano chegou, molhado por causa da chuva, \u00e0 pra\u00e7a da manjedoura. Assim foi conclu\u00edda a jornada desses fi\u00e9is que caminharam movidos por uma f\u00e9 simples e vibrante e envolvidos pelo clima natalino de Bel\u00e9m.<!--more--><\/p>\n<p><strong>Assista:<\/strong><\/p>\n<p><object classid=\"clsid:d27cdb6e-ae6d-11cf-96b8-444553540000\" width=\"490\" height=\"303\" codebase=\"http:\/\/download.macromedia.com\/pub\/shockwave\/cabs\/flash\/swflash.cab#version=6,0,40,0\"><param name=\"allowScriptAccess\" value=\"aways\" \/><param name=\"wmode\" value=\"window\" \/><param name=\"loop\" value=\"false\" \/><param name=\"menu\" value=\"true\" \/><param name=\"allowFullScreen\" value=\"true\" \/><param name=\"src\" value=\"http:\/\/www.webtvcn.com\/player\/v\/11738159\" \/><param name=\"allowfullscreen\" value=\"true\" \/><embed type=\"application\/x-shockwave-flash\" width=\"490\" height=\"303\" src=\"http:\/\/www.webtvcn.com\/player\/v\/11738159\" allowfullscreen=\"true\" menu=\"true\" loop=\"false\" wmode=\"window\" allowscriptaccess=\"aways\"><\/embed><\/object><\/p>\n<p><a href=\"http:\/\/blog.cancaonova.com\/redacao\/2010\/12\/23\/a-cidade-de-jesus-ja-esta-preparada-para-o-natal\/\" target=\"_blank\">.: A cidade de Jesus j\u00e1 est\u00e1 preparada para o Natal<\/a><br \/>\n<a href=\"http:\/\/blog.cancaonova.com\/oracao\/2010\/12\/23\/oitavo-dia\/\" target=\"_blank\">.: Reze a Novena de Natal com a Can\u00e7\u00e3o Nova<\/a><\/p>\n","protected":false},"excerpt":{"rendered":"<p>Quatrocentos cat\u00f3licos indianos fizeram uma peregrina\u00e7\u00e3o do altar Santa Maria Madalena, ao lado do Santo Sepulcro, em dire\u00e7\u00e3o \u00e0 Gruta da Natividade. O trajeto foi feito a p\u00e9 de Jerusal\u00e9m at\u00e9 Bel\u00e9m para rezarem e se prepararem para o Natal&#8230;.<\/p>\n","protected":false},"author":1051,"featured_media":0,"comment_status":"open","ping_status":"open","sticky":false,"template":"","format":"standard","meta":{"_mi_skip_tracking":false,"_monsterinsights_sitenote_active":false,"_monsterinsights_sitenote_note":"","_monsterinsights_sitenote_category":0,"footnotes":""},"categories":[32],"tags":[6351,36864,8641,178140,5041],"_links":{"self":[{"href":"https:\/\/blog.cancaonova.com\/redacao\/wp-json\/wp\/v2\/posts\/6516"}],"collection":[{"href":"https:\/\/blog.cancaonova.com\/redacao\/wp-json\/wp\/v2\/posts"}],"about":[{"href":"https:\/\/blog.cancaonova.com\/redacao\/wp-json\/wp\/v2\/types\/post"}],"author":[{"embeddable":true,"href":"https:\/\/blog.cancaonova.com\/redacao\/wp-json\/wp\/v2\/users\/1051"}],"replies":[{"embeddable":true,"href":"https:\/\/blog.cancaonova.com\/redacao\/wp-json\/wp\/v2\/comments?post=6516"}],"version-history":[{"count":10,"href":"https:\/\/blog.cancaonova.com\/redacao\/wp-json\/wp\/v2\/posts\/6516\/revisions"}],"predecessor-version":[{"id":6521,"href":"https:\/\/blog.cancaonova.com\/redacao\/wp-json\/wp\/v2\/posts\/6516\/revisions\/6521"}],"wp:attachment":[{"href":"https:\/\/blog.cancaonova.com\/redacao\/wp-json\/wp\/v2\/media?parent=6516"}],"wp:term":[{"taxonomy":"category","embeddable":true,"href":"https:\/\/blog.cancaonova.com\/redacao\/wp-json\/wp\/v2\/categories?post=6516"},{"taxonomy":"post_tag","embeddable":true,"href":"https:\/\/blog.cancaonova.com\/redacao\/wp-json\/wp\/v2\/tags?post=6516"}],"curies":[{"name":"wp","href":"https:\/\/api.w.org\/{rel}","templated":true}]}}