{"id":6524,"date":"2010-12-27T08:09:50","date_gmt":"2010-12-27T11:09:50","guid":{"rendered":"http:\/\/blog.cancaonova.com\/redacao\/?p=6524"},"modified":"2012-07-24T14:35:34","modified_gmt":"2012-07-24T17:35:34","slug":"fieis-visitam-o-local-do-anuncio-do-nascimento-de-jesus","status":"publish","type":"post","link":"https:\/\/blog.cancaonova.com\/redacao\/fieis-visitam-o-local-do-anuncio-do-nascimento-de-jesus\/","title":{"rendered":"Fi\u00e9is visitam o local do an\u00fancio do nascimento de Jesus"},"content":{"rendered":"<p style=\"text-align: justify;\">&#8220;Gloria in excelsis deo&#8221;. Nesta invoca\u00e7\u00e3o est\u00e1 o conte\u00fado da mensagem que os anjos disseram aos pastores para anunciar o nascimento de Jesus. H\u00e1 mais de 2 mil anos do evento, esta \u00e9 a m\u00fasica que se repete incessantemente nas notas da popular can\u00e7\u00e3o que cantam todos os fi\u00e9is no Campo dos Pastores, onde a tradi\u00e7\u00e3o indica como o local do an\u00fancio.<\/p>\n<p style=\"text-align: justify;\">Durante toda a noite, muitos grupos de peregrinos de todo o mundo se alternaram para a celebra\u00e7\u00e3o da Eucaristia.<!--more--><\/p>\n<p style=\"text-align: justify;\">Assista ao v\u00eddeo e veja as imagens de Bel\u00e9m no Natal e o depoimento de peregrinos de diversas partes do mundo.<\/p>\n<p><object classid=\"clsid:d27cdb6e-ae6d-11cf-96b8-444553540000\" width=\"435\" height=\"347\" codebase=\"http:\/\/download.macromedia.com\/pub\/shockwave\/cabs\/flash\/swflash.cab#version=6,0,40,0\"><param name=\"allowFullScreen\" value=\"true\" \/><param name=\"allowScriptAccess\" value=\"always\" \/><param name=\"src\" value=\"http:\/\/www.youtube.com\/v\/mxi5hUa4CVM?version=3\" \/><param name=\"allowfullscreen\" value=\"true\" \/><embed type=\"application\/x-shockwave-flash\" width=\"435\" height=\"347\" src=\"http:\/\/www.youtube.com\/v\/mxi5hUa4CVM?version=3\" allowscriptaccess=\"always\" allowfullscreen=\"true\"><\/embed><\/object><\/p>\n<p>Veja tamb\u00e9m:<br \/>\n<a href=\"http:\/\/blog.cancaonova.com\/redacao\/2010\/12\/21\/conheca-o-trajeto-que-a-sagrada-familia-percorreu-ate-o-nascimento-do-menino-jesus\/\" target=\"_blank\">.: Trajet\u00f3ria da Sagrada Fam\u00edlia para o nascimento de Jesus<\/a><br \/>\n<a href=\"http:\/\/blog.cancaonova.com\/redacao\/2010\/12\/23\/conheca-o-lugar-onde-jesus-nasceu\/\">.: Conhe\u00e7a o lugar onde Jesus nasceu<\/a><\/p>\n","protected":false},"excerpt":{"rendered":"<p>&#8220;Gloria in excelsis deo&#8221;. Nesta invoca\u00e7\u00e3o est\u00e1 o conte\u00fado da mensagem que os anjos disseram aos pastores para anunciar o nascimento de Jesus. H\u00e1 mais de 2 mil anos do evento, esta \u00e9 a m\u00fasica que se repete incessantemente nas&#8230;<\/p>\n","protected":false},"author":1051,"featured_media":0,"comment_status":"open","ping_status":"open","sticky":false,"template":"","format":"standard","meta":{"_mi_skip_tracking":false,"_monsterinsights_sitenote_active":false,"_monsterinsights_sitenote_note":"","_monsterinsights_sitenote_category":0,"footnotes":""},"categories":[32],"tags":[8651,178140,18680,5041],"_links":{"self":[{"href":"https:\/\/blog.cancaonova.com\/redacao\/wp-json\/wp\/v2\/posts\/6524"}],"collection":[{"href":"https:\/\/blog.cancaonova.com\/redacao\/wp-json\/wp\/v2\/posts"}],"about":[{"href":"https:\/\/blog.cancaonova.com\/redacao\/wp-json\/wp\/v2\/types\/post"}],"author":[{"embeddable":true,"href":"https:\/\/blog.cancaonova.com\/redacao\/wp-json\/wp\/v2\/users\/1051"}],"replies":[{"embeddable":true,"href":"https:\/\/blog.cancaonova.com\/redacao\/wp-json\/wp\/v2\/comments?post=6524"}],"version-history":[{"count":4,"href":"https:\/\/blog.cancaonova.com\/redacao\/wp-json\/wp\/v2\/posts\/6524\/revisions"}],"predecessor-version":[{"id":12432,"href":"https:\/\/blog.cancaonova.com\/redacao\/wp-json\/wp\/v2\/posts\/6524\/revisions\/12432"}],"wp:attachment":[{"href":"https:\/\/blog.cancaonova.com\/redacao\/wp-json\/wp\/v2\/media?parent=6524"}],"wp:term":[{"taxonomy":"category","embeddable":true,"href":"https:\/\/blog.cancaonova.com\/redacao\/wp-json\/wp\/v2\/categories?post=6524"},{"taxonomy":"post_tag","embeddable":true,"href":"https:\/\/blog.cancaonova.com\/redacao\/wp-json\/wp\/v2\/tags?post=6524"}],"curies":[{"name":"wp","href":"https:\/\/api.w.org\/{rel}","templated":true}]}}