{"id":6598,"date":"2011-01-18T15:57:11","date_gmt":"2011-01-18T18:57:11","guid":{"rendered":"http:\/\/blog.cancaonova.com\/redacao\/?p=6598"},"modified":"2011-01-19T14:40:40","modified_gmt":"2011-01-19T17:40:40","slug":"galera-do-revolucao-jesus-conta-experiencias-vividas-durante-acampamento","status":"publish","type":"post","link":"https:\/\/blog.cancaonova.com\/redacao\/galera-do-revolucao-jesus-conta-experiencias-vividas-durante-acampamento\/","title":{"rendered":"Galera do 'Revolu\u00e7\u00e3o Jesus' conta experi\u00eancias vividas durante Acampamento"},"content":{"rendered":"<p style=\"text-align: justify;\"><a href=\"http:\/\/blog.cancaonova.com\/redacao\/files\/2011\/01\/revolucao_jesus2.jpg\"><img loading=\"lazy\" decoding=\"async\" class=\"alignleft size-full wp-image-6605\" style=\"border: 0pt none;\" title=\"revolucao_jesus2\" src=\"http:\/\/blog.cancaonova.com\/redacao\/files\/2011\/01\/revolucao_jesus2.jpg\" alt=\"\" width=\"250\" height=\"350\" \/><\/a><a href=\"http:\/\/twitcam.com\/3jwbn\" target=\"_blank\"><strong>CLIQUE E ASSISTA AO VIVO<\/strong><\/a><\/p>\n<p>Shows de rock, prega\u00e7\u00f5es, louvor, aventuras radicais em meio \u00e0 chuva e \u00e0 lama marcaram o primeiro <a href=\"http:\/\/www.cancaonova.com\/portal\/canais\/eventos\/novoeventos\/cobertura.php?cob=2498&amp;tit=Acampamento%20Revolu%E7%E3o%20Jesus\" target=\"_blank\">Acampamento Revolu\u00e7\u00e3o Jesus 2011,<\/a> que aconteceu na sede da Can\u00e7\u00e3o Nova entre os dias 12 e 16 de janeiro.<\/p>\n<p style=\"text-align: justify;\">Para falar sobre as experi\u00eancias vividas nesses dias, a galera do <a href=\"http:\/\/www.cancaonova.com\/portal\/canais\/eventos\/novoeventos\/cobertura.php?tit=Acampamento+que+revolucionou+a+vida+de+muitos+jovens+&amp;cod=2498&amp;sob=7051\" target=\"_blank\">R<\/a><a href=\"http:\/\/blog.cancaonova.com\/revolucaojesus\/\" target=\"_blank\">evolu\u00e7\u00e3o Jesus<\/a> vai participar do &#8220;Caf\u00e9 Interativo&#8221; promovido pelo Portal Can\u00e7\u00e3o Nova, nesta quarta-feira (19), \u00e0s 15h30. Ser\u00e1 um bate-papo com Adriano Gon\u00e7alves, Andreza Morais e Messias de Moura.<\/p>\n<p style=\"text-align: left;\"><a href=\"http:\/\/www.flickr.com\/photos\/cancaonova\/collections\/72157625689125729\/\" target=\"_blank\"><span><span style=\"color: #0033cc;\">.: Mais fotos do acampamento no Flick<span style=\"color: #ff00cc;\">r<\/span><\/span><\/span><\/a><\/p>\n<p style=\"text-align: justify;\">Voc\u00ea pode participar por meio do <a href=\"http:\/\/twitter.com\/cancaonova\" target=\"_blank\">Twitter da Can\u00e7\u00e3o Nova<\/a> fazendo suas perguntas ou contando suas experi\u00eancias durante esse encontro.<\/p>\n<p style=\"text-align: justify;\">O Acampamento &#8220;Revolu\u00e7\u00e3o Jesus&#8221; tem como objetivo levar os jovens a uma experi\u00eancia de reflex\u00e3o e convers\u00e3o por meio de atividades f\u00edsicas.<\/p>\n<p style=\"text-align: justify;\">O &#8220;Caf\u00e9 Interativo&#8221; \u00e9 um programa idealizado pela produ\u00e7\u00e3o do Portal Can\u00e7\u00e3o Nova para promover a interatividade com os internautas que seguem a <a href=\"http:\/\/twitter.com\/cancaonova\" target=\"_blank\">@cancaonova<\/a> no Twitter. O prop\u00f3sito \u00e9 gerar um\u00a0 bate-papo descontra\u00eddo, com o aux\u00edlio do <a href=\"http:\/\/twitcam.livestream.com\/\" target=\"_blank\">Twitcam<\/a>, por meio do qual os internautas fazem suas perguntas aos convidados do programa. A atra\u00e7\u00e3o tem dura\u00e7\u00e3o de meia hora.<\/p>\n<p><strong>Conhe\u00e7a mais do nosso conte\u00fado:<\/strong><a href=\"http:\/\/blog.cancaonova.com\/ti\/2010\/05\/28\/mcancaonovacom\/\" target=\"_blank\"><br \/>\n<\/a><a href=\"http:\/\/www.cancaonova.com\/\" target=\"_blank\">.: Portal Can\u00e7\u00e3o    Nova: 100% cat\u00f3lico!<\/a><br \/>\n<a href=\"http:\/\/www.webtvcn.com\/\" target=\"_blank\">.: WebTVCN, muito mais   v\u00eddeos para voc\u00ea<\/a><br \/>\n<a href=\"http:\/\/gentedefe.com\/\" target=\"_blank\">.: Gente de f\u00e9: uma   comunidade diferente, por um mundo  melhor<\/a><br \/>\n<a href=\"http:\/\/podcast.cancaonova.com\/\" target=\"_blank\">.: Curta os    mais variados Podcasts<\/a><\/p>\n<p style=\"text-align: justify;\"><strong>Para  o seu celular:<\/strong><br \/>\n<a href=\"http:\/\/www.cancaonovamobile.com\/\" target=\"_blank\">.: Can\u00e7\u00e3o    Nova Mobile<\/a><br \/>\n<a href=\"http:\/\/cnchama.com.br\/\" target=\"_blank\">.: CN Chama<\/a><br \/>\n<a href=\"http:\/\/iphone.cancaonova.com\/\" target=\"_blank\">.: Iphone<\/a><\/p>\n<p style=\"text-align: justify;\"><strong>Conhe\u00e7a  nossos outros canais na  web:<\/strong><br \/>\n.: <a href=\"http:\/\/meadiciona.com\/cancaonova\" target=\"_blank\">meadiciona.com\/cancaonova<\/a><br \/>\n<a href=\"http:\/\/delicious.com\/cancaonova.com\" target=\"_blank\">.:    delicious.com\/cancaonova<\/a><br \/>\n.: <a href=\"..\/..\/2010\/03\/08\/myspace.com\/cancaonova\" target=\"_blank\">myspace.com\/cancaonova<\/a><br \/>\n.: <a href=\"..\/..\/2010\/03\/08\/facebook.com\/cancaonova\" target=\"_blank\">facebook.com\/cancaonova<\/a><br \/>\n.: <a href=\"..\/..\/2010\/03\/08\/youtube.com\/user\/portalcn\" target=\"_blank\">youtube.com\/user\/portalcn<\/a><br \/>\n.: <a href=\"..\/..\/2010\/03\/08\/flickr.com\/photos\/cancaonova\" target=\"_blank\">flickr.com\/photos\/cancaonova<\/a><\/p>\n<p style=\"text-align: justify;\">\n","protected":false},"excerpt":{"rendered":"<p>CLIQUE E ASSISTA AO VIVO Shows de rock, prega\u00e7\u00f5es, louvor, aventuras radicais em meio \u00e0 chuva e \u00e0 lama marcaram o primeiro Acampamento Revolu\u00e7\u00e3o Jesus 2011, que aconteceu na sede da Can\u00e7\u00e3o Nova entre os dias 12 e 16 de&#8230;<\/p>\n","protected":false},"author":1051,"featured_media":0,"comment_status":"open","ping_status":"open","sticky":false,"template":"","format":"standard","meta":{"_mi_skip_tracking":false,"_monsterinsights_sitenote_active":false,"_monsterinsights_sitenote_note":"","_monsterinsights_sitenote_category":0,"footnotes":""},"categories":[1],"tags":[8031,178148,16839,3721],"_links":{"self":[{"href":"https:\/\/blog.cancaonova.com\/redacao\/wp-json\/wp\/v2\/posts\/6598"}],"collection":[{"href":"https:\/\/blog.cancaonova.com\/redacao\/wp-json\/wp\/v2\/posts"}],"about":[{"href":"https:\/\/blog.cancaonova.com\/redacao\/wp-json\/wp\/v2\/types\/post"}],"author":[{"embeddable":true,"href":"https:\/\/blog.cancaonova.com\/redacao\/wp-json\/wp\/v2\/users\/1051"}],"replies":[{"embeddable":true,"href":"https:\/\/blog.cancaonova.com\/redacao\/wp-json\/wp\/v2\/comments?post=6598"}],"version-history":[{"count":14,"href":"https:\/\/blog.cancaonova.com\/redacao\/wp-json\/wp\/v2\/posts\/6598\/revisions"}],"predecessor-version":[{"id":6610,"href":"https:\/\/blog.cancaonova.com\/redacao\/wp-json\/wp\/v2\/posts\/6598\/revisions\/6610"}],"wp:attachment":[{"href":"https:\/\/blog.cancaonova.com\/redacao\/wp-json\/wp\/v2\/media?parent=6598"}],"wp:term":[{"taxonomy":"category","embeddable":true,"href":"https:\/\/blog.cancaonova.com\/redacao\/wp-json\/wp\/v2\/categories?post=6598"},{"taxonomy":"post_tag","embeddable":true,"href":"https:\/\/blog.cancaonova.com\/redacao\/wp-json\/wp\/v2\/tags?post=6598"}],"curies":[{"name":"wp","href":"https:\/\/api.w.org\/{rel}","templated":true}]}}