{"id":6695,"date":"2011-02-02T08:54:06","date_gmt":"2011-02-02T11:54:06","guid":{"rendered":"http:\/\/blog.cancaonova.com\/redacao\/?p=6695"},"modified":"2011-02-02T09:03:55","modified_gmt":"2011-02-02T12:03:55","slug":"uma-vila-de-vocacoes-na-%e2%80%9crota-da-seda%e2%80%9d","status":"publish","type":"post","link":"https:\/\/blog.cancaonova.com\/redacao\/uma-vila-de-vocacoes-na-%e2%80%9crota-da-seda%e2%80%9d\/","title":{"rendered":"Uma vila de voca\u00e7\u00f5es na \u201cRota da Seda\u201d"},"content":{"rendered":"<p style=\"text-align: justify\">Uma pequena vila na Rota da Seda, habitada por 660 pessoas, das quais 400 s\u00e3o Cat\u00f3licos (cerca de 130 fam\u00edlias), ofertou \u00e0 Igreja 14 voca\u00e7\u00f5es nos \u00faltimos anos: 7 Padres, 1 Di\u00e1cono, 3 Irm\u00e3s Religiosas e 3 Seminaristas. O nome da Vila \u00e9 Zan Jia Cun, e fica no Distrito de Fu Feng, pertencente \u00e0 Diocese de Zhou Zhi, na Prov\u00edncia de Xhaan Xi. De acordo com informa\u00e7\u00f5es recebidas pela Agencia Fides, a Diocese toda \u00e9 famosa pela sua abund\u00e2ncia em voca\u00e7\u00f5es, ao ponto de ser conhecida como \u201ca Diocese das voca\u00e7\u00f5es\u201d. O P\u00e1roco da Vila comenta: <strong>\u201cMuitas pessoas nos perguntam qual \u00e9 o nosso segredo. Para dizer a verdade, n\u00f3s n\u00e3o sabemos se isso pode se considerar um \u201csegredo\u201d ou n\u00e3o. N\u00f3s apenas vivemos nossa f\u00e9 intensamente. <\/strong>As fam\u00edlias da Vila rezam juntas diariamente. A Missa e o Grupo de Ora\u00e7\u00e3o no S\u00e1bado e no Domingo s\u00e3o compromissos firmes para todos. At\u00e9 mesmo os fieis das vilas mais vizinhas comparecem. Acredito que esses pequenos testemunhos di\u00e1rios constru\u00edram a base para uma evangeliza\u00e7\u00e3o eloq\u00fcente e s\u00e3o \u00fateis ao mesmo tempo para a forma\u00e7\u00e3o das voca\u00e7\u00f5es. As crian\u00e7as s\u00e3o educadas de acordo com os princ\u00edpios religiosos e de uma forma simples, desde o Jardim da Inf\u00e2ncia at\u00e9 o ensino M\u00e9dio. As Irm\u00e3s cuidam da forma\u00e7\u00e3o deles com o Catecismo e com o ensino religioso. Aqui nunca se precisa preparar uma escala ou lista para as madrugadas de adora\u00e7\u00e3o eucar\u00edstica na Semana Santa, ou em qualquer outra circunstancia, porque a igreja est\u00e1 sempre cheia, 24 horas por dia.\u201d<\/p>\n<p style=\"text-align: justify\">Outras comunidades cat\u00f3licas costumam visitar essa vila para trocar experi\u00eancias sobre a evangeliza\u00e7\u00e3o e as voca\u00e7\u00f5es. Entretanto, tamb\u00e9m os n\u00e3o cat\u00f3licos visitam o local pois essa vila na \u201cRota da Seda\u201d \u00e9 tamb\u00e9m modelo de desenvolvimento econ\u00f4mico. \u201cAlguns n\u00e3o cat\u00f3licos nos perguntam por que somos t\u00e3o felizes, e respondemos que \u00e9 porque vivemos a nossa f\u00e9,\u201d conclui o P\u00e1roco. \u201cQuando os fieis tiveram oportunidades econ\u00f4micas, a primeira coisa que eles pensaram foi de construir, renovar e melhorar a casa de Deus. Nossa Igreja \u00e9 a mais bela de toda a regi\u00e3o. Os padres e as freiras que residem nos dormit\u00f3rios adjacentes \u00e0 Igreja acordam as 4 horas da manh\u00e3 para rezar o ros\u00e1rio com os fieis\u201d.<\/p>\n<p>Fonte:<\/p>\n<p style=\"text-align: justify\"><em>Agencia Fides, 31\/01\/2011<\/em><\/p>\n","protected":false},"excerpt":{"rendered":"<p>Uma pequena vila na Rota da Seda, habitada por 660 pessoas, das quais 400 s\u00e3o Cat\u00f3licos (cerca de 130 fam\u00edlias), ofertou \u00e0 Igreja 14 voca\u00e7\u00f5es nos \u00faltimos anos: 7 Padres, 1 Di\u00e1cono, 3 Irm\u00e3s Religiosas e 3 Seminaristas. O nome&#8230;<\/p>\n","protected":false},"author":1051,"featured_media":0,"comment_status":"open","ping_status":"open","sticky":false,"template":"","format":"standard","meta":{"_mi_skip_tracking":false,"_monsterinsights_sitenote_active":false,"_monsterinsights_sitenote_note":"","_monsterinsights_sitenote_category":0,"footnotes":""},"categories":[32],"tags":[178141,141],"_links":{"self":[{"href":"https:\/\/blog.cancaonova.com\/redacao\/wp-json\/wp\/v2\/posts\/6695"}],"collection":[{"href":"https:\/\/blog.cancaonova.com\/redacao\/wp-json\/wp\/v2\/posts"}],"about":[{"href":"https:\/\/blog.cancaonova.com\/redacao\/wp-json\/wp\/v2\/types\/post"}],"author":[{"embeddable":true,"href":"https:\/\/blog.cancaonova.com\/redacao\/wp-json\/wp\/v2\/users\/1051"}],"replies":[{"embeddable":true,"href":"https:\/\/blog.cancaonova.com\/redacao\/wp-json\/wp\/v2\/comments?post=6695"}],"version-history":[{"count":6,"href":"https:\/\/blog.cancaonova.com\/redacao\/wp-json\/wp\/v2\/posts\/6695\/revisions"}],"predecessor-version":[{"id":6698,"href":"https:\/\/blog.cancaonova.com\/redacao\/wp-json\/wp\/v2\/posts\/6695\/revisions\/6698"}],"wp:attachment":[{"href":"https:\/\/blog.cancaonova.com\/redacao\/wp-json\/wp\/v2\/media?parent=6695"}],"wp:term":[{"taxonomy":"category","embeddable":true,"href":"https:\/\/blog.cancaonova.com\/redacao\/wp-json\/wp\/v2\/categories?post=6695"},{"taxonomy":"post_tag","embeddable":true,"href":"https:\/\/blog.cancaonova.com\/redacao\/wp-json\/wp\/v2\/tags?post=6695"}],"curies":[{"name":"wp","href":"https:\/\/api.w.org\/{rel}","templated":true}]}}