{"id":6766,"date":"2011-02-21T08:09:23","date_gmt":"2011-02-21T11:09:23","guid":{"rendered":"http:\/\/blog.cancaonova.com\/redacao\/?p=6766"},"modified":"2011-02-22T17:02:30","modified_gmt":"2011-02-22T20:02:30","slug":"uma-nova-e-perversa-linguagem-para-dominar-o-mundo","status":"publish","type":"post","link":"https:\/\/blog.cancaonova.com\/redacao\/uma-nova-e-perversa-linguagem-para-dominar-o-mundo\/","title":{"rendered":"Uma nova e perversa linguagem para dominar o mundo"},"content":{"rendered":"<p style=\"text-align: justify\"><strong>Dom Silvano Tomasi, observador da Santa S\u00e9 na ONU, fez uma revela\u00e7\u00e3o muito importante sobre como agem as institui\u00e7\u00f5es internacionais como a ONU e outras, para dominar o mundo e impor \u00e0 humanidade uma cultura anti-cat\u00f3lica, e de morte.<\/strong><\/p>\n<p style=\"text-align: justify\"><em>Dom Tomasi fez essa explana\u00e7\u00e3o na Confer\u00eanica &#8211; &#8220;O poder da palavra. Verdade e ideologia nos organismos internacionais&#8221; -, realizada em Roma (17.fev.2011). (Zenit. Org \u2013 18\/2\/2011)<\/em><\/p>\n<p style=\"text-align: justify\">Ele disse que agora se usam novos termos para impor ideologias contr\u00e1rias \u00e0 moral cat\u00f3lica. S\u00e3o palavras como &#8220;governance&#8221; (ao inv\u00e9s de governo), &#8220;partner&#8221; (ao inv\u00e9s de esposo), &#8220;gender&#8221; (homem\/mulher), &#8220;sa\u00fade reprodutiva&#8221; (anticoncep\u00e7\u00e3o), e outros, com o objetivo claro de confundir e dissimular a maldade. E tudo isso \u00e9 usado com uma vis\u00e3o extremista da &#8220;n\u00e3o-discrimina\u00e7\u00e3o&#8221;. Esconde-se atr\u00e1s desta palavra para se eliminar a moral cat\u00f3lica. Ora, como disse, o bispo, &#8220;dizer que uma pera n\u00e3o \u00e9 uma ma\u00e7\u00e3 n\u00e3o \u00e9 uma discrimina\u00e7\u00e3o&#8221;.<\/p>\n<p style=\"text-align: justify\">Dom Silvano alertou que tudo isso entra em nossa vida sem percebermos, e quando damos conta, j\u00e1 pode ser tarde demais; os filhos j\u00e1 foram contaminados pela nova ideologia e tamb\u00e9m os adultos; \u201ctudo vai ficando normal\u2019, porque \u201ctodo mundo aceita\u201d.<\/p>\n<p style=\"text-align: justify\">Ele recordou o que disse o Papa Bento XVI sobre a \u201cditadura do relativismo\u201d: &#8220;Uma boa parte das filosofias contempor\u00e2neas afirma que o homem n\u00e3o \u00e9 capaz de conhecer a verdade. E, por conseguinte, o homem que n\u00e3o \u00e9 capaz disso n\u00e3o poderia ter valores \u00e9ticos&#8221;. Desta forma, &#8220;acaba aceitando, como \u00fanica refer\u00eancia, a \u201copini\u00e3o da maioria\u201d. No entanto, a hist\u00f3ria demonstra qu\u00e3o destrutivas podem ser as maiorias&#8221;, como no caso &#8220;das ditaduras impostas pelo nazismo e pelo marxismo&#8221;.<\/p>\n<p style=\"text-align: justify\"><strong>Segundo Dom Silvano, os \u201cgerentes\u201d das organiza\u00e7\u00f5es internacionais querem impor ao mundo uma nova realidade desejada por eles, onde os valores morais da tradi\u00e7\u00e3o judaico-crist\u00e3 s\u00e3o exclu\u00eddos, \u201cfazendo desaparecer os conceitos como: verdade, moral, consci\u00eancia, raz\u00e3o, pai, m\u00e3e, filho, mandamento, pecado, hierarquia, natureza, matrim\u00f4nio, etc..\u201d<\/strong><\/p>\n<p style=\"text-align: justify\">E tudo \u00e9 feito falsamente em nome dos \u201cdireitos humanos\u201d, e \u201cpara o bem de todos\u201d, quando na verdade \u00e9 desrespeito a esses direitos e destrui\u00e7\u00e3o da fam\u00edlia e da sociedade. Apresentam tudo como se estivessem criando uma \u201cnova e mais elevada moral\u201d. Apelando para os \u201cdireitos humanos\u201d torna-se dif\u00edcil para a maioria discordar das novas propostas.  Assim, disse o bispo, abre-se &#8220;um atalho sedutor para grupos que n\u00e3o conseguem encontrar aprova\u00e7\u00e3o em espa\u00e7os normais da pol\u00edtica&#8221;. \u00c9 uma grande cilada para a civiliza\u00e7\u00e3o crist\u00e3.<\/p>\n<p style=\"text-align: justify\">Segundo o bispo \u00e9 um \u201cnovo vocabul\u00e1rio\u201d usado para implantar uma \u201cideologia individualista\u201d, ego\u00edsta e anti-crist\u00e3. Ele disse explicitamente que: <strong>&#8220;A aspira\u00e7\u00e3o das Na\u00e7\u00f5es Unidas \u00e9 criar uma nova ordem internacional e, para conseguir isso, cria uma nova antropologia&#8221;, como quando se fala de g\u00eanero [ao inv\u00e9s de sexo],<\/strong> &#8220;n\u00e3o o dado pela natureza, mas o que o indiv\u00edduo escolhe&#8221;. E assim, Assim, &#8220;atinge-se a pr\u00f3pria estrutura da sociedade no que diz respeito \u00e0 fam\u00edlia&#8221;.<\/p>\n<p style=\"text-align: justify\">Aos poucos essas \u201csoft Law\u201d (leis su\u00e1veis) v\u00e3o sendo transformadas em normas jur\u00eddicas e leis e se aplicam at\u00e9 em cidades pequenas.<\/p>\n<p style=\"text-align: justify\">Nesta linha, disse o bispo, hoje, na Espanha e na Alemanha, &#8220;podem solicitar uma mudan\u00e7a de sexo garantida pela lei &#8211; independentemente das caracter\u00edsticas f\u00edsicas -, com um procedimento t\u00e3o banal como ir a um cart\u00f3rio&#8221;. E se perguntou: &#8220;Como se pode defender a mulher, se o papel \u00e9 apenas opcional?&#8221;.<\/p>\n<p style=\"text-align: justify\"><strong>\u00c9 por tudo isso que Jo\u00e3o Paulo II dizia insistentemente que a fam\u00edlia est\u00e1 amea\u00e7ada por for\u00e7as muito poderosas que a querem destruir. <\/strong>Na sua Carta \u00e0s Fam\u00edlias, de 1994, ele disse que os inimigos de Deus se voltam hoje contra a fam\u00edlia. Cabe, ent\u00e3o, \u00e0 Igreja e a cada crist\u00e3o, defender esta obra de Deus, pois, se a fam\u00edlia \u2013 segundo o cora\u00e7\u00e3o de Deus \u2013 for destru\u00edda, a sociedade tamb\u00e9m o ser\u00e1.<\/p>\n","protected":false},"excerpt":{"rendered":"<p>Dom Silvano Tomasi, observador da Santa S\u00e9 na ONU, fez uma revela\u00e7\u00e3o muito importante sobre como agem as institui\u00e7\u00f5es internacionais como a ONU e outras, para dominar o mundo e impor \u00e0 humanidade uma cultura anti-cat\u00f3lica, e de morte. Dom&#8230;<\/p>\n","protected":false},"author":1051,"featured_media":0,"comment_status":"open","ping_status":"open","sticky":false,"template":"","format":"standard","meta":{"_mi_skip_tracking":false,"_monsterinsights_sitenote_active":false,"_monsterinsights_sitenote_note":"","_monsterinsights_sitenote_category":0,"footnotes":""},"categories":[32],"tags":[42263],"_links":{"self":[{"href":"https:\/\/blog.cancaonova.com\/redacao\/wp-json\/wp\/v2\/posts\/6766"}],"collection":[{"href":"https:\/\/blog.cancaonova.com\/redacao\/wp-json\/wp\/v2\/posts"}],"about":[{"href":"https:\/\/blog.cancaonova.com\/redacao\/wp-json\/wp\/v2\/types\/post"}],"author":[{"embeddable":true,"href":"https:\/\/blog.cancaonova.com\/redacao\/wp-json\/wp\/v2\/users\/1051"}],"replies":[{"embeddable":true,"href":"https:\/\/blog.cancaonova.com\/redacao\/wp-json\/wp\/v2\/comments?post=6766"}],"version-history":[{"count":5,"href":"https:\/\/blog.cancaonova.com\/redacao\/wp-json\/wp\/v2\/posts\/6766\/revisions"}],"predecessor-version":[{"id":6771,"href":"https:\/\/blog.cancaonova.com\/redacao\/wp-json\/wp\/v2\/posts\/6766\/revisions\/6771"}],"wp:attachment":[{"href":"https:\/\/blog.cancaonova.com\/redacao\/wp-json\/wp\/v2\/media?parent=6766"}],"wp:term":[{"taxonomy":"category","embeddable":true,"href":"https:\/\/blog.cancaonova.com\/redacao\/wp-json\/wp\/v2\/categories?post=6766"},{"taxonomy":"post_tag","embeddable":true,"href":"https:\/\/blog.cancaonova.com\/redacao\/wp-json\/wp\/v2\/tags?post=6766"}],"curies":[{"name":"wp","href":"https:\/\/api.w.org\/{rel}","templated":true}]}}